{"id":2541,"date":"2017-08-24T16:13:15","date_gmt":"2017-08-24T19:13:15","guid":{"rendered":"http:\/\/1075fm.com.br\/site\/?post_type=artigos&#038;p=307"},"modified":"2024-10-16T17:10:09","modified_gmt":"2024-10-16T20:10:09","slug":"setimo-culto-do-ano-da-radio-107-foi-realizado-na-ieadjo-nova-esperanca","status":"publish","type":"post","link":"https:\/\/1075fm.com.br\/site\/setimo-culto-do-ano-da-radio-107-foi-realizado-na-ieadjo-nova-esperanca\/","title":{"rendered":"S\u00e9timo culto do ano da R\u00e1dio 107 foi realizado na IEADJO Nova Esperan\u00e7a"},"content":{"rendered":"<p>Em 2017 os cultos da R\u00e1dio 107,5 FM iniciaram em janeiro e prosseguem ao longo do ano pelas igrejas Assembleia de Deus do campo de Joinville.<\/p>\n<p>O \u00faltimo culto realizado aconteceu dia 26 de julho no Setor Nova Esperan\u00e7a Zona Sul da cidade, sob a responsabilidade do Pr. Jo\u00e3o Germano, que ainda conta com as congrega\u00e7\u00f5es, Agulhas Negras e a Monte Horebe.<\/p>\n<p>No m\u00eas de agosto o culto da 107 FM ser\u00e1 no setor Portinho, dia 30 de agosto,. E em setembro, no setor Beth Shalom no dia 27.<\/p>\n<p>No Culto realizado na Assembleia de Deus Nova Esperan\u00e7a, o louvor foi ministrado pela dupla Eduardo e Jana\u00edna e a palavra foi ministrada pelo Pr. Joary Carlesso, coordenador do Departamento de Discipulado da IEADJO e Supervisor do Setor Shalom.<\/p>\n<p>Os comunicadores da r\u00e1dio de diversos hor\u00e1rios da programa\u00e7\u00e3o da emissora estiveram presentes para honrar a Deus pelas b\u00ean\u00e7\u00e3os que Ele tem derramado na vida dos ouvintes.<\/p>\n<p>\u201cQuantas vezes a pessoa est\u00e1 sozinha em casa deprimida, triste e abatida, liga o r\u00e1dio de madrugada, o Espirito Santo come\u00e7a a falar atrav\u00e9s das mensagens, louvores e testemunhos. No dia seguinte ou at\u00e9 mesmo dias ou meses depois, a pessoa resolve ir at\u00e9 uma Igreja Evang\u00e9lica mais pr\u00f3xima de sua resid\u00eancia, e \u00e9 salva por Cristo. Muitas outras vezes, a salva\u00e7\u00e3o acontece ao vivo durante a programa\u00e7\u00e3o. Este \u00e9 o papel da R\u00e1dio 107,5 FM, conclui o Pr. Presidente S\u00e9rgio Melfior.<\/p>\n<p><img fetchpriority=\"high\" decoding=\"async\" class=\"img-responsive alignnone wp-image-309 size-full\" src=\"http:\/\/1075fm.com.br\/site\/wp-content\/uploads\/2017\/08\/R\u00c1DIO-2.jpg\" alt=\"\" width=\"1500\" height=\"1000\" \/><\/p>\n","protected":false},"excerpt":{"rendered":"<p>Em 2017 os cultos da R\u00e1dio 107,5 FM iniciaram em janeiro e prosseguem ao longo do ano pelas igrejas Assembleia de Deus do campo de Joinville. O \u00faltimo culto realizado aconteceu dia 26 de julho no Setor Nova Esperan\u00e7a Zona Sul da cidade, sob a responsabilidade do Pr. Jo\u00e3o Germano, que ainda conta com as [&hellip;]<\/p>\n","protected":false},"author":1,"featured_media":2542,"comment_status":"closed","ping_status":"closed","sticky":false,"template":"","format":"standard","meta":{"_acf_changed":false,"h5ap_radio_sources":[],"footnotes":""},"categories":[],"tags":[],"class_list":["post-2541","post","type-post","status-publish","format-standard","has-post-thumbnail","hentry"],"acf":[],"yoast_head":"<!-- This site is optimized with the Yoast SEO plugin v24.4 - https:\/\/yoast.com\/wordpress\/plugins\/seo\/ -->\n<title>S\u00e9timo culto do ano da R\u00e1dio 107 foi realizado na IEADJO Nova Esperan\u00e7a - R\u00e1dio 107,5 FM Simplesmente Diferente<\/title>\n<meta name=\"robots\" content=\"index, follow, max-snippet:-1, max-image-preview:large, max-video-preview:-1\" \/>\n<link rel=\"canonical\" href=\"https:\/\/1075fm.com.br\/site\/setimo-culto-do-ano-da-radio-107-foi-realizado-na-ieadjo-nova-esperanca\/\" \/>\n<meta property=\"og:locale\" content=\"pt_BR\" \/>\n<meta property=\"og:type\" content=\"article\" \/>\n<meta property=\"og:title\" content=\"S\u00e9timo culto do ano da R\u00e1dio 107 foi realizado na IEADJO Nova Esperan\u00e7a - R\u00e1dio 107,5 FM Simplesmente Diferente\" \/>\n<meta property=\"og:description\" content=\"Em 2017 os cultos da R\u00e1dio 107,5 FM iniciaram em janeiro e prosseguem ao longo do ano pelas igrejas Assembleia de Deus do campo de Joinville. O \u00faltimo culto realizado aconteceu dia 26 de julho no Setor Nova Esperan\u00e7a Zona Sul da cidade, sob a responsabilidade do Pr. Jo\u00e3o Germano, que ainda conta com as [&hellip;]\" \/>\n<meta property=\"og:url\" content=\"https:\/\/1075fm.com.br\/site\/setimo-culto-do-ano-da-radio-107-foi-realizado-na-ieadjo-nova-esperanca\/\" \/>\n<meta property=\"og:site_name\" content=\"R\u00e1dio 107,5 FM Simplesmente Diferente\" \/>\n<meta property=\"article:published_time\" content=\"2017-08-24T19:13:15+00:00\" \/>\n<meta property=\"article:modified_time\" content=\"2024-10-16T20:10:09+00:00\" \/>\n<meta property=\"og:image\" content=\"https:\/\/1075fm.com.br\/site\/wp-content\/uploads\/2017\/08\/RADIO-1.jpg\" \/>\n\t<meta property=\"og:image:width\" content=\"1500\" \/>\n\t<meta property=\"og:image:height\" content=\"1000\" \/>\n\t<meta property=\"og:image:type\" content=\"image\/jpeg\" \/>\n<meta name=\"author\" content=\"inovasite\" \/>\n<meta name=\"twitter:card\" content=\"summary_large_image\" \/>\n<meta name=\"twitter:label1\" content=\"Escrito por\" \/>\n\t<meta name=\"twitter:data1\" content=\"inovasite\" \/>\n\t<meta name=\"twitter:label2\" content=\"Est. tempo de leitura\" \/>\n\t<meta name=\"twitter:data2\" content=\"1 minuto\" \/>\n<script type=\"application\/ld+json\" class=\"yoast-schema-graph\">{\"@context\":\"https:\/\/schema.org\",\"@graph\":[{\"@type\":\"WebPage\",\"@id\":\"https:\/\/1075fm.com.br\/site\/setimo-culto-do-ano-da-radio-107-foi-realizado-na-ieadjo-nova-esperanca\/\",\"url\":\"https:\/\/1075fm.com.br\/site\/setimo-culto-do-ano-da-radio-107-foi-realizado-na-ieadjo-nova-esperanca\/\",\"name\":\"S\u00e9timo culto do ano da R\u00e1dio 107 foi realizado na IEADJO Nova Esperan\u00e7a - R\u00e1dio 107,5 FM Simplesmente Diferente\",\"isPartOf\":{\"@id\":\"https:\/\/1075fm.com.br\/site\/#website\"},\"primaryImageOfPage\":{\"@id\":\"https:\/\/1075fm.com.br\/site\/setimo-culto-do-ano-da-radio-107-foi-realizado-na-ieadjo-nova-esperanca\/#primaryimage\"},\"image\":{\"@id\":\"https:\/\/1075fm.com.br\/site\/setimo-culto-do-ano-da-radio-107-foi-realizado-na-ieadjo-nova-esperanca\/#primaryimage\"},\"thumbnailUrl\":\"https:\/\/1075fm.com.br\/site\/wp-content\/uploads\/2017\/08\/RADIO-1.jpg\",\"datePublished\":\"2017-08-24T19:13:15+00:00\",\"dateModified\":\"2024-10-16T20:10:09+00:00\",\"author\":{\"@id\":\"https:\/\/1075fm.com.br\/site\/#\/schema\/person\/8d1ab58d872c87bd3dd6d77847ed1042\"},\"breadcrumb\":{\"@id\":\"https:\/\/1075fm.com.br\/site\/setimo-culto-do-ano-da-radio-107-foi-realizado-na-ieadjo-nova-esperanca\/#breadcrumb\"},\"inLanguage\":\"pt-BR\",\"potentialAction\":[{\"@type\":\"ReadAction\",\"target\":[\"https:\/\/1075fm.com.br\/site\/setimo-culto-do-ano-da-radio-107-foi-realizado-na-ieadjo-nova-esperanca\/\"]}]},{\"@type\":\"ImageObject\",\"inLanguage\":\"pt-BR\",\"@id\":\"https:\/\/1075fm.com.br\/site\/setimo-culto-do-ano-da-radio-107-foi-realizado-na-ieadjo-nova-esperanca\/#primaryimage\",\"url\":\"https:\/\/1075fm.com.br\/site\/wp-content\/uploads\/2017\/08\/RADIO-1.jpg\",\"contentUrl\":\"https:\/\/1075fm.com.br\/site\/wp-content\/uploads\/2017\/08\/RADIO-1.jpg\",\"width\":1500,\"height\":1000},{\"@type\":\"BreadcrumbList\",\"@id\":\"https:\/\/1075fm.com.br\/site\/setimo-culto-do-ano-da-radio-107-foi-realizado-na-ieadjo-nova-esperanca\/#breadcrumb\",\"itemListElement\":[{\"@type\":\"ListItem\",\"position\":1,\"name\":\"In\u00edcio\",\"item\":\"https:\/\/1075fm.com.br\/site\/\"},{\"@type\":\"ListItem\",\"position\":2,\"name\":\"S\u00e9timo culto do ano da R\u00e1dio 107 foi realizado na IEADJO Nova Esperan\u00e7a\"}]},{\"@type\":\"WebSite\",\"@id\":\"https:\/\/1075fm.com.br\/site\/#website\",\"url\":\"https:\/\/1075fm.com.br\/site\/\",\"name\":\"R\u00e1dio 107,5 FM Simplesmente Diferente\",\"description\":\"\",\"potentialAction\":[{\"@type\":\"SearchAction\",\"target\":{\"@type\":\"EntryPoint\",\"urlTemplate\":\"https:\/\/1075fm.com.br\/site\/?s={search_term_string}\"},\"query-input\":{\"@type\":\"PropertyValueSpecification\",\"valueRequired\":true,\"valueName\":\"search_term_string\"}}],\"inLanguage\":\"pt-BR\"},{\"@type\":\"Person\",\"@id\":\"https:\/\/1075fm.com.br\/site\/#\/schema\/person\/8d1ab58d872c87bd3dd6d77847ed1042\",\"name\":\"inovasite\",\"image\":{\"@type\":\"ImageObject\",\"inLanguage\":\"pt-BR\",\"@id\":\"https:\/\/1075fm.com.br\/site\/#\/schema\/person\/image\/\",\"url\":\"https:\/\/secure.gravatar.com\/avatar\/e18582321e1a3a791a7ca36fc28b3ebbc919371210b0d0fd4b629d5a87425b1f?s=96&d=mm&r=g\",\"contentUrl\":\"https:\/\/secure.gravatar.com\/avatar\/e18582321e1a3a791a7ca36fc28b3ebbc919371210b0d0fd4b629d5a87425b1f?s=96&d=mm&r=g\",\"caption\":\"inovasite\"},\"sameAs\":[\"https:\/\/1075fm.com.br\/site\"],\"url\":\"https:\/\/1075fm.com.br\/site\/author\/inovasite\/\"}]}<\/script>\n<!-- \/ Yoast SEO plugin. -->","yoast_head_json":{"title":"S\u00e9timo culto do ano da R\u00e1dio 107 foi realizado na IEADJO Nova Esperan\u00e7a - R\u00e1dio 107,5 FM Simplesmente Diferente","robots":{"index":"index","follow":"follow","max-snippet":"max-snippet:-1","max-image-preview":"max-image-preview:large","max-video-preview":"max-video-preview:-1"},"canonical":"https:\/\/1075fm.com.br\/site\/setimo-culto-do-ano-da-radio-107-foi-realizado-na-ieadjo-nova-esperanca\/","og_locale":"pt_BR","og_type":"article","og_title":"S\u00e9timo culto do ano da R\u00e1dio 107 foi realizado na IEADJO Nova Esperan\u00e7a - R\u00e1dio 107,5 FM Simplesmente Diferente","og_description":"Em 2017 os cultos da R\u00e1dio 107,5 FM iniciaram em janeiro e prosseguem ao longo do ano pelas igrejas Assembleia de Deus do campo de Joinville. O \u00faltimo culto realizado aconteceu dia 26 de julho no Setor Nova Esperan\u00e7a Zona Sul da cidade, sob a responsabilidade do Pr. Jo\u00e3o Germano, que ainda conta com as [&hellip;]","og_url":"https:\/\/1075fm.com.br\/site\/setimo-culto-do-ano-da-radio-107-foi-realizado-na-ieadjo-nova-esperanca\/","og_site_name":"R\u00e1dio 107,5 FM Simplesmente Diferente","article_published_time":"2017-08-24T19:13:15+00:00","article_modified_time":"2024-10-16T20:10:09+00:00","og_image":[{"width":1500,"height":1000,"url":"https:\/\/1075fm.com.br\/site\/wp-content\/uploads\/2017\/08\/RADIO-1.jpg","type":"image\/jpeg"}],"author":"inovasite","twitter_card":"summary_large_image","twitter_misc":{"Escrito por":"inovasite","Est. tempo de leitura":"1 minuto"},"schema":{"@context":"https:\/\/schema.org","@graph":[{"@type":"WebPage","@id":"https:\/\/1075fm.com.br\/site\/setimo-culto-do-ano-da-radio-107-foi-realizado-na-ieadjo-nova-esperanca\/","url":"https:\/\/1075fm.com.br\/site\/setimo-culto-do-ano-da-radio-107-foi-realizado-na-ieadjo-nova-esperanca\/","name":"S\u00e9timo culto do ano da R\u00e1dio 107 foi realizado na IEADJO Nova Esperan\u00e7a - R\u00e1dio 107,5 FM Simplesmente Diferente","isPartOf":{"@id":"https:\/\/1075fm.com.br\/site\/#website"},"primaryImageOfPage":{"@id":"https:\/\/1075fm.com.br\/site\/setimo-culto-do-ano-da-radio-107-foi-realizado-na-ieadjo-nova-esperanca\/#primaryimage"},"image":{"@id":"https:\/\/1075fm.com.br\/site\/setimo-culto-do-ano-da-radio-107-foi-realizado-na-ieadjo-nova-esperanca\/#primaryimage"},"thumbnailUrl":"https:\/\/1075fm.com.br\/site\/wp-content\/uploads\/2017\/08\/RADIO-1.jpg","datePublished":"2017-08-24T19:13:15+00:00","dateModified":"2024-10-16T20:10:09+00:00","author":{"@id":"https:\/\/1075fm.com.br\/site\/#\/schema\/person\/8d1ab58d872c87bd3dd6d77847ed1042"},"breadcrumb":{"@id":"https:\/\/1075fm.com.br\/site\/setimo-culto-do-ano-da-radio-107-foi-realizado-na-ieadjo-nova-esperanca\/#breadcrumb"},"inLanguage":"pt-BR","potentialAction":[{"@type":"ReadAction","target":["https:\/\/1075fm.com.br\/site\/setimo-culto-do-ano-da-radio-107-foi-realizado-na-ieadjo-nova-esperanca\/"]}]},{"@type":"ImageObject","inLanguage":"pt-BR","@id":"https:\/\/1075fm.com.br\/site\/setimo-culto-do-ano-da-radio-107-foi-realizado-na-ieadjo-nova-esperanca\/#primaryimage","url":"https:\/\/1075fm.com.br\/site\/wp-content\/uploads\/2017\/08\/RADIO-1.jpg","contentUrl":"https:\/\/1075fm.com.br\/site\/wp-content\/uploads\/2017\/08\/RADIO-1.jpg","width":1500,"height":1000},{"@type":"BreadcrumbList","@id":"https:\/\/1075fm.com.br\/site\/setimo-culto-do-ano-da-radio-107-foi-realizado-na-ieadjo-nova-esperanca\/#breadcrumb","itemListElement":[{"@type":"ListItem","position":1,"name":"In\u00edcio","item":"https:\/\/1075fm.com.br\/site\/"},{"@type":"ListItem","position":2,"name":"S\u00e9timo culto do ano da R\u00e1dio 107 foi realizado na IEADJO Nova Esperan\u00e7a"}]},{"@type":"WebSite","@id":"https:\/\/1075fm.com.br\/site\/#website","url":"https:\/\/1075fm.com.br\/site\/","name":"R\u00e1dio 107,5 FM Simplesmente Diferente","description":"","potentialAction":[{"@type":"SearchAction","target":{"@type":"EntryPoint","urlTemplate":"https:\/\/1075fm.com.br\/site\/?s={search_term_string}"},"query-input":{"@type":"PropertyValueSpecification","valueRequired":true,"valueName":"search_term_string"}}],"inLanguage":"pt-BR"},{"@type":"Person","@id":"https:\/\/1075fm.com.br\/site\/#\/schema\/person\/8d1ab58d872c87bd3dd6d77847ed1042","name":"inovasite","image":{"@type":"ImageObject","inLanguage":"pt-BR","@id":"https:\/\/1075fm.com.br\/site\/#\/schema\/person\/image\/","url":"https:\/\/secure.gravatar.com\/avatar\/e18582321e1a3a791a7ca36fc28b3ebbc919371210b0d0fd4b629d5a87425b1f?s=96&d=mm&r=g","contentUrl":"https:\/\/secure.gravatar.com\/avatar\/e18582321e1a3a791a7ca36fc28b3ebbc919371210b0d0fd4b629d5a87425b1f?s=96&d=mm&r=g","caption":"inovasite"},"sameAs":["https:\/\/1075fm.com.br\/site"],"url":"https:\/\/1075fm.com.br\/site\/author\/inovasite\/"}]}},"_links":{"self":[{"href":"https:\/\/1075fm.com.br\/site\/wp-json\/wp\/v2\/posts\/2541","targetHints":{"allow":["GET"]}}],"collection":[{"href":"https:\/\/1075fm.com.br\/site\/wp-json\/wp\/v2\/posts"}],"about":[{"href":"https:\/\/1075fm.com.br\/site\/wp-json\/wp\/v2\/types\/post"}],"author":[{"embeddable":true,"href":"https:\/\/1075fm.com.br\/site\/wp-json\/wp\/v2\/users\/1"}],"replies":[{"embeddable":true,"href":"https:\/\/1075fm.com.br\/site\/wp-json\/wp\/v2\/comments?post=2541"}],"version-history":[{"count":1,"href":"https:\/\/1075fm.com.br\/site\/wp-json\/wp\/v2\/posts\/2541\/revisions"}],"predecessor-version":[{"id":2617,"href":"https:\/\/1075fm.com.br\/site\/wp-json\/wp\/v2\/posts\/2541\/revisions\/2617"}],"wp:featuredmedia":[{"embeddable":true,"href":"https:\/\/1075fm.com.br\/site\/wp-json\/wp\/v2\/media\/2542"}],"wp:attachment":[{"href":"https:\/\/1075fm.com.br\/site\/wp-json\/wp\/v2\/media?parent=2541"}],"wp:term":[{"taxonomy":"category","embeddable":true,"href":"https:\/\/1075fm.com.br\/site\/wp-json\/wp\/v2\/categories?post=2541"},{"taxonomy":"post_tag","embeddable":true,"href":"https:\/\/1075fm.com.br\/site\/wp-json\/wp\/v2\/tags?post=2541"}],"curies":[{"name":"wp","href":"https:\/\/api.w.org\/{rel}","templated":true}]}}