{"id":3090,"date":"2025-03-02T19:56:55","date_gmt":"2025-03-02T22:56:55","guid":{"rendered":"https:\/\/1075fm.com.br\/site\/?p=3090"},"modified":"2025-03-02T19:56:55","modified_gmt":"2025-03-02T22:56:55","slug":"prefeitura-divulga-programacao-do-aniversario-de-174-anos-de-joinville","status":"publish","type":"post","link":"https:\/\/1075fm.com.br\/site\/prefeitura-divulga-programacao-do-aniversario-de-174-anos-de-joinville\/","title":{"rendered":"Prefeitura divulga programa\u00e7\u00e3o do anivers\u00e1rio de 174 anos de Joinville"},"content":{"rendered":"<p>Mar\u00e7o \u00e9 um m\u00eas para celebrar Joinville. E para marcar os 174 anos do munic\u00edpio, a Prefeitura preparou diversas atividades que v\u00e3o desde desfile, homenagens e entregas de obras.<\/p>\n<p><strong>\u201cTemos uma extensa programa\u00e7\u00e3o, contemplando diversas \u00e1reas, para que os joinvilenses possam celebrar o orgulho de viver aqui\u201d<\/strong>, afirma o prefeito Adriano Silva.<\/p>\n<p>A programa\u00e7\u00e3o do anivers\u00e1rio de 174 anos de Joinville inicia na pr\u00f3xima quinta-feira, 6 de mar\u00e7o, com o Hasteamento das Bandeiras. A cerim\u00f4nia ser\u00e1 realizada \u00e0s 8h30, em frente \u00e0 sede da Prefeitura.<\/p>\n<p>Na data em que Joinville completar\u00e1 174 anos, dia 9 mar\u00e7o (domingo), est\u00e3o programadas uma s\u00e9rie de atividades. A tradicional Homenagem aos Imigrantes ser\u00e1 \u00e0s 8h, no Cemit\u00e9rio do Imigrante (rua XV de Novembro, 1000, Am\u00e9rica). O desfile na avenida Jos\u00e9 Vieira (Beira Rio), em frente ao Centreventos Cau Hansen, come\u00e7a \u00e0s 9h30. Desfilam diversas entidades, \u00f3rg\u00e3os p\u00fablicos, for\u00e7as de seguran\u00e7a e escolas da rede p\u00fablica e privada.<\/p>\n<p>No mesmo dia, \u00e0s 14h, est\u00e1 agendada a inaugura\u00e7\u00e3o do pr\u00e9dio de apoio do Hospital Municipal S\u00e3o Jos\u00e9 (rua Dr. Pl\u00e1cido Gomes, Anita Garibaldi). E \u00e0s 16h ocorre a entrega da Ordem de Servi\u00e7o que autoriza o in\u00edcio da constru\u00e7\u00e3o da Vila da Sa\u00fade UBSF Jardim Edilene.<\/p>\n<p>A Prefeitura de Joinville concede a Medalha Dona Francisca para a Universidade da Regi\u00e3o de Joinville (Univille) no dia 13 de mar\u00e7o. Esta \u00e9 a maior honraria concedida pelo Poder Executivo Municipal. A cerim\u00f4nia ser\u00e1 \u00e0s 19h, no Joinville Square Garden.<\/p>\n<p>A programa\u00e7\u00e3o tem, ainda, eventos que s\u00e3o promovidos pela comunidade e por entidades. \u00c9 o caso, por exemplo, da Corrida da Guarda Municipal, que \u00e9 promovida pela Associa\u00e7\u00e3o da Guarda Municipal, em comemora\u00e7\u00e3o aos 10 anos de atividades da corpora\u00e7\u00e3o no munic\u00edpio. A corrida ser\u00e1 no dia 8 de mar\u00e7o, a partir das 19h.<\/p>\n<p><strong>Confira a programa\u00e7\u00e3o do Anivers\u00e1rio de 174 anos de Joinville:<\/strong><\/p>\n<p>\u2013 Hasteamento das Bandeiras<br \/>\n6\/mar\u00e7o (quinta-feira) \u2013 8h30<br \/>\nLocal: Prefeitura de Joinville \u2013 Av. Hermann August Lepper, 10 \u2013 Centro<\/p>\n<p>\u2013 Inaugura\u00e7\u00e3o do CEI Manoel Ant\u00f4nio da Rosa<br \/>\n7\/mar\u00e7o (sexta-feira) \u2013 8h30<br \/>\nLocal: CEI Manoel Ant\u00f4nio da Rosa \u2013 Rua Rio Negro \u2013 Comasa<\/p>\n<p>\u2013 Inaugura\u00e7\u00e3o da Ponte Harald Karmann<br \/>\n8\/mar\u00e7o (s\u00e1bado) \u2013 9h<br \/>\nLocal: Ponte Harald Karmann \u2013 Bucarein<\/p>\n<p>\u2013 Homenagem aos Imigrantes<br \/>\n9\/mar\u00e7o (domingo) \u2013 8h<br \/>\nLocal: Cemit\u00e9rio do Imigrante \u2013 Rua XV de Novembro, 1000 \u2013 Am\u00e9rica<\/p>\n<p>\u2013 Desfile Comemorativo aos 174 anos de Joinville<br \/>\n9\/mar\u00e7o (domingo) \u2013 9h30<br \/>\nLocal: Av. Jos\u00e9 Vieira (Beira Rio), em frente ao Centreventos Cau Hansen<\/p>\n<p>\u2013 Inaugura\u00e7\u00e3o do Pr\u00e9dio de Apoio do Hospital Municipal S\u00e3o Jos\u00e9<br \/>\n9\/mar\u00e7o (domingo) \u2013 14h<br \/>\nLocal: Pr\u00e9dio de Apoio do HMSJ \u2013 Rua Dr. Pl\u00e1cido Gomes \u2013 Anita Garibaldi<\/p>\n<p>\u2013 Entrega da Ordem de Servi\u00e7o para constru\u00e7\u00e3o da Vila da Sa\u00fade UBSF Jardim Edilene<br \/>\n9\/mar\u00e7o (domingo) \u2013 16h<br \/>\nLocal: \u2013 Par\u00f3quia S\u00e3o Miguel Arcanjo \u2013 Rua Paulo R. Anast\u00e1cio, 616 \u2013 Paranaguamirim<\/p>\n<p>\u2013 Entrega da Medalha Dona Francisca para a Universidade da Regi\u00e3o de Joinville<br \/>\n13\/mar\u00e7o (quinta-feira) \u2013 19h<br \/>\nLocal: Joinville Square Garden \u2013 Av. Santos Dumont \u2013 Distrito Industrial<\/p>\n<p>\u2013 Inaugura\u00e7\u00e3o da quadra coberta da Escola Municipal Governador Heriberto H\u00fclse<br \/>\n14\/mar\u00e7o (sexta-feira) \u2013 9h<br \/>\nLocal: Escola Mun. Gov. Heriberto H\u00fclse \u2013 Rua Conselheiro Lafayette, 225 \u2013 Boa Vista<\/p>\n<p>\u2013 Inaugura\u00e7\u00e3o do Banco Municipal de Alimentos<br \/>\n14\/mar\u00e7o (sexta-feira) \u2013 15h<br \/>\nLocal: Banco Municipal de Alimentos \u2013 Rua dos Boror\u00f3s, 3177 \u2013 Pirabeiraba<\/p>\n<p>\u2013 O Farol para os Joinvilenses<br \/>\n16\/mar\u00e7o (domingo) \u2013 9h \u00e0s 17h<br \/>\nLocal: O Farol Espa\u00e7o Colaborativo \u2013 Rua Max Colin, 550 \u2013 Am\u00e9rica<\/p>\n<p>\u2013 Inaugura\u00e7\u00e3o da quadra coberta da EM Vereador Hubert H\u00fcbener<br \/>\n17\/mar\u00e7o (segunda-feira) \u2013 13h30<br \/>\nLocal: EM Ver. Hubert H\u00fcbener \u2013 Estrada Alto Quiriri, 6771 \u2013 Pirabeiraba<\/p>\n<p>\u2013 Inaugura\u00e7\u00e3o das obras de reforma e amplia\u00e7\u00e3o do CEI L\u00edrio do Campo<br \/>\n18\/mar\u00e7o (ter\u00e7a-feira) \u2013 8h30<br \/>\nLocal: CEI L\u00edrio do Campo \u2013 Rua F\u00e1tima, 2606 \u2013 F\u00e1tima<\/p>\n<p>\u2013 Inaugura\u00e7\u00e3o da Vila da Sa\u00fade da UBSF Itaum<br \/>\n19\/mar\u00e7o (quarta-feira) \u2013 8h30<br \/>\nLocal: Vila da Sa\u00fade UBSF Itaum \u2013 Rua Guanabara, 548 \u2013 Guanabara<\/p>\n<p>\u2013 Inaugura\u00e7\u00e3o do Passeio P\u00fablico do bairro Aventureiro<br \/>\n20\/mar\u00e7o (quinta-feira) \u2013 19h<br \/>\nLocal: Passeio P\u00fablico do Bairro Aventureiro \u2013 Rua Att\u00edlio Domingos Sdrigotti \u2013 Aventureiro<\/p>\n<p>\u2013 Inaugura\u00e7\u00e3o do Pr\u00e9dio do Ipreville<br \/>\n24\/mar\u00e7o (segunda-feira) \u2013 9h<br \/>\nLocal: Sede do Ipreville \u2013 Rua Otto Boehm, 442 \u2013 Am\u00e9rica<\/p>\n<p>\u2013 Entrega de 500 certificados de Regulariza\u00e7\u00e3o Fundi\u00e1ria<br \/>\n26\/mar\u00e7o (quarta-feira) \u2013 9h<br \/>\nLocal: Teatro Juarez Machado \u2013 Avenida Jos\u00e9 Vieira, 315 \u2013 Am\u00e9rica<\/p>\n<p>\u2013 Inaugura\u00e7\u00e3o da Vila da Sa\u00fade UBSF Lagoinha<br \/>\n28\/mar\u00e7o (sexta-feira) \u2013 9h<br \/>\nLocal: Vila da Sa\u00fade UBSF Lagoinha \u2013 Rua Celeste Postai \u2013 Morro do Meio<\/p>\n<p>\u2013 Entrega de 21 casa do Conjunto Habitacional Cubat\u00e3o II<br \/>\n31\/mar\u00e7o (segunda-feira) \u2013 9h30<br \/>\nLocal: CEI Iramar Jo\u00e3o Viana \u2013 Rua Dalm\u00e1zio Conrado Miranda, 75 \u2013 Vila Cubat\u00e3o<\/p>\n<p>Com informa\u00e7\u00f5es <a href=\"https:\/\/www.joinville.sc.gov.br\/noticias\/prefeitura-divulga-programacao-do-aniversario-de-174-anos-de-joinville\/\">Prefeitura de Joinville<\/a><\/p>\n","protected":false},"excerpt":{"rendered":"<p>Mar\u00e7o \u00e9 um m\u00eas para celebrar Joinville. E para marcar os 174 anos do munic\u00edpio, a Prefeitura preparou diversas atividades que v\u00e3o desde desfile, homenagens e entregas de obras. \u201cTemos uma extensa programa\u00e7\u00e3o, contemplando diversas \u00e1reas, para que os joinvilenses possam celebrar o orgulho de viver aqui\u201d, afirma o prefeito Adriano Silva. A programa\u00e7\u00e3o do [&hellip;]<\/p>\n","protected":false},"author":2,"featured_media":3092,"comment_status":"open","ping_status":"open","sticky":false,"template":"","format":"standard","meta":{"_acf_changed":false,"h5ap_radio_sources":[],"footnotes":""},"categories":[1],"tags":[],"class_list":["post-3090","post","type-post","status-publish","format-standard","has-post-thumbnail","hentry","category-sem-categoria"],"acf":[],"yoast_head":"<!-- This site is optimized with the Yoast SEO plugin v24.4 - https:\/\/yoast.com\/wordpress\/plugins\/seo\/ -->\n<title>Prefeitura divulga programa\u00e7\u00e3o do anivers\u00e1rio de 174 anos de Joinville - R\u00e1dio 107,5 FM Simplesmente Diferente<\/title>\n<meta name=\"robots\" content=\"index, follow, max-snippet:-1, max-image-preview:large, max-video-preview:-1\" \/>\n<link rel=\"canonical\" href=\"https:\/\/1075fm.com.br\/site\/prefeitura-divulga-programacao-do-aniversario-de-174-anos-de-joinville\/\" \/>\n<meta property=\"og:locale\" content=\"pt_BR\" \/>\n<meta property=\"og:type\" content=\"article\" \/>\n<meta property=\"og:title\" content=\"Prefeitura divulga programa\u00e7\u00e3o do anivers\u00e1rio de 174 anos de Joinville - R\u00e1dio 107,5 FM Simplesmente Diferente\" \/>\n<meta property=\"og:description\" content=\"Mar\u00e7o \u00e9 um m\u00eas para celebrar Joinville. E para marcar os 174 anos do munic\u00edpio, a Prefeitura preparou diversas atividades que v\u00e3o desde desfile, homenagens e entregas de obras. \u201cTemos uma extensa programa\u00e7\u00e3o, contemplando diversas \u00e1reas, para que os joinvilenses possam celebrar o orgulho de viver aqui\u201d, afirma o prefeito Adriano Silva. A programa\u00e7\u00e3o do [&hellip;]\" \/>\n<meta property=\"og:url\" content=\"https:\/\/1075fm.com.br\/site\/prefeitura-divulga-programacao-do-aniversario-de-174-anos-de-joinville\/\" \/>\n<meta property=\"og:site_name\" content=\"R\u00e1dio 107,5 FM Simplesmente Diferente\" \/>\n<meta property=\"article:published_time\" content=\"2025-03-02T22:56:55+00:00\" \/>\n<meta property=\"og:image\" content=\"https:\/\/1075fm.com.br\/site\/wp-content\/uploads\/2025\/03\/prefeitura-174.jpg\" \/>\n\t<meta property=\"og:image:width\" content=\"955\" \/>\n\t<meta property=\"og:image:height\" content=\"483\" \/>\n\t<meta property=\"og:image:type\" content=\"image\/jpeg\" \/>\n<meta name=\"author\" content=\"demetrio\" \/>\n<meta name=\"twitter:card\" content=\"summary_large_image\" \/>\n<meta name=\"twitter:label1\" content=\"Escrito por\" \/>\n\t<meta name=\"twitter:data1\" content=\"demetrio\" \/>\n\t<meta name=\"twitter:label2\" content=\"Est. tempo de leitura\" \/>\n\t<meta name=\"twitter:data2\" content=\"5 minutos\" \/>\n<script type=\"application\/ld+json\" class=\"yoast-schema-graph\">{\"@context\":\"https:\/\/schema.org\",\"@graph\":[{\"@type\":\"WebPage\",\"@id\":\"https:\/\/1075fm.com.br\/site\/prefeitura-divulga-programacao-do-aniversario-de-174-anos-de-joinville\/\",\"url\":\"https:\/\/1075fm.com.br\/site\/prefeitura-divulga-programacao-do-aniversario-de-174-anos-de-joinville\/\",\"name\":\"Prefeitura divulga programa\u00e7\u00e3o do anivers\u00e1rio de 174 anos de Joinville - R\u00e1dio 107,5 FM Simplesmente Diferente\",\"isPartOf\":{\"@id\":\"https:\/\/1075fm.com.br\/site\/#website\"},\"primaryImageOfPage\":{\"@id\":\"https:\/\/1075fm.com.br\/site\/prefeitura-divulga-programacao-do-aniversario-de-174-anos-de-joinville\/#primaryimage\"},\"image\":{\"@id\":\"https:\/\/1075fm.com.br\/site\/prefeitura-divulga-programacao-do-aniversario-de-174-anos-de-joinville\/#primaryimage\"},\"thumbnailUrl\":\"https:\/\/1075fm.com.br\/site\/wp-content\/uploads\/2025\/03\/prefeitura-174.jpg\",\"datePublished\":\"2025-03-02T22:56:55+00:00\",\"author\":{\"@id\":\"https:\/\/1075fm.com.br\/site\/#\/schema\/person\/592f97625e8fc4a064502324aa4a3a26\"},\"breadcrumb\":{\"@id\":\"https:\/\/1075fm.com.br\/site\/prefeitura-divulga-programacao-do-aniversario-de-174-anos-de-joinville\/#breadcrumb\"},\"inLanguage\":\"pt-BR\",\"potentialAction\":[{\"@type\":\"ReadAction\",\"target\":[\"https:\/\/1075fm.com.br\/site\/prefeitura-divulga-programacao-do-aniversario-de-174-anos-de-joinville\/\"]}]},{\"@type\":\"ImageObject\",\"inLanguage\":\"pt-BR\",\"@id\":\"https:\/\/1075fm.com.br\/site\/prefeitura-divulga-programacao-do-aniversario-de-174-anos-de-joinville\/#primaryimage\",\"url\":\"https:\/\/1075fm.com.br\/site\/wp-content\/uploads\/2025\/03\/prefeitura-174.jpg\",\"contentUrl\":\"https:\/\/1075fm.com.br\/site\/wp-content\/uploads\/2025\/03\/prefeitura-174.jpg\",\"width\":955,\"height\":483},{\"@type\":\"BreadcrumbList\",\"@id\":\"https:\/\/1075fm.com.br\/site\/prefeitura-divulga-programacao-do-aniversario-de-174-anos-de-joinville\/#breadcrumb\",\"itemListElement\":[{\"@type\":\"ListItem\",\"position\":1,\"name\":\"In\u00edcio\",\"item\":\"https:\/\/1075fm.com.br\/site\/\"},{\"@type\":\"ListItem\",\"position\":2,\"name\":\"Prefeitura divulga programa\u00e7\u00e3o do anivers\u00e1rio de 174 anos de Joinville\"}]},{\"@type\":\"WebSite\",\"@id\":\"https:\/\/1075fm.com.br\/site\/#website\",\"url\":\"https:\/\/1075fm.com.br\/site\/\",\"name\":\"R\u00e1dio 107,5 FM Simplesmente Diferente\",\"description\":\"\",\"potentialAction\":[{\"@type\":\"SearchAction\",\"target\":{\"@type\":\"EntryPoint\",\"urlTemplate\":\"https:\/\/1075fm.com.br\/site\/?s={search_term_string}\"},\"query-input\":{\"@type\":\"PropertyValueSpecification\",\"valueRequired\":true,\"valueName\":\"search_term_string\"}}],\"inLanguage\":\"pt-BR\"},{\"@type\":\"Person\",\"@id\":\"https:\/\/1075fm.com.br\/site\/#\/schema\/person\/592f97625e8fc4a064502324aa4a3a26\",\"name\":\"demetrio\",\"image\":{\"@type\":\"ImageObject\",\"inLanguage\":\"pt-BR\",\"@id\":\"https:\/\/1075fm.com.br\/site\/#\/schema\/person\/image\/\",\"url\":\"https:\/\/secure.gravatar.com\/avatar\/31b4e5789076195b7ac5f73e9b612d5cf2dbf52e6948c7b8269e7830d983413c?s=96&d=mm&r=g\",\"contentUrl\":\"https:\/\/secure.gravatar.com\/avatar\/31b4e5789076195b7ac5f73e9b612d5cf2dbf52e6948c7b8269e7830d983413c?s=96&d=mm&r=g\",\"caption\":\"demetrio\"},\"url\":\"https:\/\/1075fm.com.br\/site\/author\/demetrio\/\"}]}<\/script>\n<!-- \/ Yoast SEO plugin. -->","yoast_head_json":{"title":"Prefeitura divulga programa\u00e7\u00e3o do anivers\u00e1rio de 174 anos de Joinville - R\u00e1dio 107,5 FM Simplesmente Diferente","robots":{"index":"index","follow":"follow","max-snippet":"max-snippet:-1","max-image-preview":"max-image-preview:large","max-video-preview":"max-video-preview:-1"},"canonical":"https:\/\/1075fm.com.br\/site\/prefeitura-divulga-programacao-do-aniversario-de-174-anos-de-joinville\/","og_locale":"pt_BR","og_type":"article","og_title":"Prefeitura divulga programa\u00e7\u00e3o do anivers\u00e1rio de 174 anos de Joinville - R\u00e1dio 107,5 FM Simplesmente Diferente","og_description":"Mar\u00e7o \u00e9 um m\u00eas para celebrar Joinville. E para marcar os 174 anos do munic\u00edpio, a Prefeitura preparou diversas atividades que v\u00e3o desde desfile, homenagens e entregas de obras. \u201cTemos uma extensa programa\u00e7\u00e3o, contemplando diversas \u00e1reas, para que os joinvilenses possam celebrar o orgulho de viver aqui\u201d, afirma o prefeito Adriano Silva. A programa\u00e7\u00e3o do [&hellip;]","og_url":"https:\/\/1075fm.com.br\/site\/prefeitura-divulga-programacao-do-aniversario-de-174-anos-de-joinville\/","og_site_name":"R\u00e1dio 107,5 FM Simplesmente Diferente","article_published_time":"2025-03-02T22:56:55+00:00","og_image":[{"width":955,"height":483,"url":"https:\/\/1075fm.com.br\/site\/wp-content\/uploads\/2025\/03\/prefeitura-174.jpg","type":"image\/jpeg"}],"author":"demetrio","twitter_card":"summary_large_image","twitter_misc":{"Escrito por":"demetrio","Est. tempo de leitura":"5 minutos"},"schema":{"@context":"https:\/\/schema.org","@graph":[{"@type":"WebPage","@id":"https:\/\/1075fm.com.br\/site\/prefeitura-divulga-programacao-do-aniversario-de-174-anos-de-joinville\/","url":"https:\/\/1075fm.com.br\/site\/prefeitura-divulga-programacao-do-aniversario-de-174-anos-de-joinville\/","name":"Prefeitura divulga programa\u00e7\u00e3o do anivers\u00e1rio de 174 anos de Joinville - R\u00e1dio 107,5 FM Simplesmente Diferente","isPartOf":{"@id":"https:\/\/1075fm.com.br\/site\/#website"},"primaryImageOfPage":{"@id":"https:\/\/1075fm.com.br\/site\/prefeitura-divulga-programacao-do-aniversario-de-174-anos-de-joinville\/#primaryimage"},"image":{"@id":"https:\/\/1075fm.com.br\/site\/prefeitura-divulga-programacao-do-aniversario-de-174-anos-de-joinville\/#primaryimage"},"thumbnailUrl":"https:\/\/1075fm.com.br\/site\/wp-content\/uploads\/2025\/03\/prefeitura-174.jpg","datePublished":"2025-03-02T22:56:55+00:00","author":{"@id":"https:\/\/1075fm.com.br\/site\/#\/schema\/person\/592f97625e8fc4a064502324aa4a3a26"},"breadcrumb":{"@id":"https:\/\/1075fm.com.br\/site\/prefeitura-divulga-programacao-do-aniversario-de-174-anos-de-joinville\/#breadcrumb"},"inLanguage":"pt-BR","potentialAction":[{"@type":"ReadAction","target":["https:\/\/1075fm.com.br\/site\/prefeitura-divulga-programacao-do-aniversario-de-174-anos-de-joinville\/"]}]},{"@type":"ImageObject","inLanguage":"pt-BR","@id":"https:\/\/1075fm.com.br\/site\/prefeitura-divulga-programacao-do-aniversario-de-174-anos-de-joinville\/#primaryimage","url":"https:\/\/1075fm.com.br\/site\/wp-content\/uploads\/2025\/03\/prefeitura-174.jpg","contentUrl":"https:\/\/1075fm.com.br\/site\/wp-content\/uploads\/2025\/03\/prefeitura-174.jpg","width":955,"height":483},{"@type":"BreadcrumbList","@id":"https:\/\/1075fm.com.br\/site\/prefeitura-divulga-programacao-do-aniversario-de-174-anos-de-joinville\/#breadcrumb","itemListElement":[{"@type":"ListItem","position":1,"name":"In\u00edcio","item":"https:\/\/1075fm.com.br\/site\/"},{"@type":"ListItem","position":2,"name":"Prefeitura divulga programa\u00e7\u00e3o do anivers\u00e1rio de 174 anos de Joinville"}]},{"@type":"WebSite","@id":"https:\/\/1075fm.com.br\/site\/#website","url":"https:\/\/1075fm.com.br\/site\/","name":"R\u00e1dio 107,5 FM Simplesmente Diferente","description":"","potentialAction":[{"@type":"SearchAction","target":{"@type":"EntryPoint","urlTemplate":"https:\/\/1075fm.com.br\/site\/?s={search_term_string}"},"query-input":{"@type":"PropertyValueSpecification","valueRequired":true,"valueName":"search_term_string"}}],"inLanguage":"pt-BR"},{"@type":"Person","@id":"https:\/\/1075fm.com.br\/site\/#\/schema\/person\/592f97625e8fc4a064502324aa4a3a26","name":"demetrio","image":{"@type":"ImageObject","inLanguage":"pt-BR","@id":"https:\/\/1075fm.com.br\/site\/#\/schema\/person\/image\/","url":"https:\/\/secure.gravatar.com\/avatar\/31b4e5789076195b7ac5f73e9b612d5cf2dbf52e6948c7b8269e7830d983413c?s=96&d=mm&r=g","contentUrl":"https:\/\/secure.gravatar.com\/avatar\/31b4e5789076195b7ac5f73e9b612d5cf2dbf52e6948c7b8269e7830d983413c?s=96&d=mm&r=g","caption":"demetrio"},"url":"https:\/\/1075fm.com.br\/site\/author\/demetrio\/"}]}},"_links":{"self":[{"href":"https:\/\/1075fm.com.br\/site\/wp-json\/wp\/v2\/posts\/3090","targetHints":{"allow":["GET"]}}],"collection":[{"href":"https:\/\/1075fm.com.br\/site\/wp-json\/wp\/v2\/posts"}],"about":[{"href":"https:\/\/1075fm.com.br\/site\/wp-json\/wp\/v2\/types\/post"}],"author":[{"embeddable":true,"href":"https:\/\/1075fm.com.br\/site\/wp-json\/wp\/v2\/users\/2"}],"replies":[{"embeddable":true,"href":"https:\/\/1075fm.com.br\/site\/wp-json\/wp\/v2\/comments?post=3090"}],"version-history":[{"count":1,"href":"https:\/\/1075fm.com.br\/site\/wp-json\/wp\/v2\/posts\/3090\/revisions"}],"predecessor-version":[{"id":3093,"href":"https:\/\/1075fm.com.br\/site\/wp-json\/wp\/v2\/posts\/3090\/revisions\/3093"}],"wp:featuredmedia":[{"embeddable":true,"href":"https:\/\/1075fm.com.br\/site\/wp-json\/wp\/v2\/media\/3092"}],"wp:attachment":[{"href":"https:\/\/1075fm.com.br\/site\/wp-json\/wp\/v2\/media?parent=3090"}],"wp:term":[{"taxonomy":"category","embeddable":true,"href":"https:\/\/1075fm.com.br\/site\/wp-json\/wp\/v2\/categories?post=3090"},{"taxonomy":"post_tag","embeddable":true,"href":"https:\/\/1075fm.com.br\/site\/wp-json\/wp\/v2\/tags?post=3090"}],"curies":[{"name":"wp","href":"https:\/\/api.w.org\/{rel}","templated":true}]}}