{"id":3232,"date":"2025-05-12T10:23:09","date_gmt":"2025-05-12T13:23:09","guid":{"rendered":"https:\/\/1075fm.com.br\/site\/?p=3232"},"modified":"2025-05-12T10:23:09","modified_gmt":"2025-05-12T13:23:09","slug":"joinville-diminui-9894-dos-casos-de-dengue-nos-primeiros-quatro-meses-do-ano","status":"publish","type":"post","link":"https:\/\/1075fm.com.br\/site\/joinville-diminui-9894-dos-casos-de-dengue-nos-primeiros-quatro-meses-do-ano\/","title":{"rendered":"Joinville diminui 98,94% dos casos de dengue nos primeiros quatro meses do ano"},"content":{"rendered":"<p>Os n\u00fameros do primeiro quadrimestre deste ano mostram que Joinville teve uma redu\u00e7\u00e3o de 98,94% na quantidade de casos confirmados de dengue, se comparado com o ano passado. Neste mesmo per\u00edodo (at\u00e9 a 18\u00aa semana epidemiol\u00f3gica), em 2024 eram 58.322 casos de dengue e 66 \u00f3bitos pela doen\u00e7a. Este ano, s\u00e3o 622 casos e nenhuma morte registrada at\u00e9 o momento.<\/p>\n<p>O acompanhamento da Secretaria da Sa\u00fade de Joinville \u00e9 feito de maneira cont\u00ednua, o que garante que as a\u00e7\u00f5es estrat\u00e9gicas sejam realizadas de maneira assertiva. As semanas epidemiol\u00f3gicas, como elas s\u00e3o tecnicamente chamadas, indicam se h\u00e1 crescimento na quantidade de casos, com a perspectiva de como devem ser os pr\u00f3ximos dias.<\/p>\n<p>Desta forma, a Sa\u00fade de Joinville consegue mapear e planejar atividades que v\u00e3o resultar em diminui\u00e7\u00e3o no avan\u00e7o dos casos, ou ainda, oferta de atendimento para a popula\u00e7\u00e3o.<\/p>\n<p><strong>\u201cNossas equipes se re\u00fanem e avaliam detalhadamente esses dados. Vemos, por exemplo, as regi\u00f5es onde est\u00e3o sendo registrados mais casos de dengue para que os agentes possam intensificar as visitas \u00e0s resid\u00eancias, incentivamos as a\u00e7\u00f5es do Detetives da Dengue junto \u00e0s crian\u00e7as, organizamos os mutir\u00f5es de combate \u00e0 dengue que contam com o apoio de v\u00e1rias secretarias, entidades e volunt\u00e1rios\u201d<\/strong>, detalha a prefeita em exerc\u00edcio Rejane Gambin.<\/p>\n<p>Uma s\u00e9rie de fatores pode ter influenciado na diminui\u00e7\u00e3o de casos neste ano. As diferentes a\u00e7\u00f5es que v\u00e3o desde campanhas de preven\u00e7\u00e3o, orienta\u00e7\u00e3o, mutir\u00f5es e inova\u00e7\u00e3o com a implanta\u00e7\u00e3o do m\u00e9todo Wolbachia, s\u00e3o exemplos desse trabalho coordenado e integrado.<\/p>\n<p>Somente nos primeiros quatro meses deste ano, foram feitas 329 mil visitas dos agentes de combate \u00e0 endemias em resid\u00eancias e com\u00e9rcios, al\u00e9m de quatro mutir\u00f5es nas regi\u00f5es com mais incid\u00eancia de casos. Os dados hist\u00f3ricos tamb\u00e9m indicam que a pr\u00f3pria doen\u00e7a tem per\u00edodos com uma redu\u00e7\u00e3o na quantidade de contamina\u00e7\u00f5es ap\u00f3s per\u00edodos de maior preval\u00eancia.<\/p>\n<p><strong>\u201cSabemos que o m\u00e9todo Wolbachia \u00e9 uma estrat\u00e9gia medida cientificamente a m\u00e9dio e longo prazo e que ele deve ser implantado enquanto outras a\u00e7\u00f5es est\u00e3o sendo realizadas para prevenir a doen\u00e7a e eliminar locais que podem ser poss\u00edveis criadouros do Aedes Aegypti. E foi exatamente isso que fizemos em Joinville\u201d<\/strong>, refor\u00e7a Rejane.<\/p>\n<p>Em uma articula\u00e7\u00e3o junto ao Minist\u00e9rio da Sa\u00fade,\u00a0<strong><a href=\"https:\/\/www.joinville.sc.gov.br\/noticias\/metodo-wolbachia-que-auxilia-no-combate-a-dengue-vai-ser-ampliado-em-joinville\/\">novas \u00e1reas, com uma popula\u00e7\u00e3o correspondente a 150 mil pessoas, passar\u00e3o a receber o m\u00e9todo Wolbachia<\/a><\/strong>\u00a0nos pr\u00f3ximos meses. Na primeira etapa, 40 regi\u00f5es da cidade foram contempladas.<\/p>\n<p>O M\u00e9todo Wolbachia consiste na libera\u00e7\u00e3o de Aedes aegypti com a bact\u00e9ria Wolbachia para que se reproduzam com os Aedes aegypti locais estabelecendo, aos poucos, uma nova popula\u00e7\u00e3o destes mosquitos, todos com Wolbachia.<\/p>\n<p>Esta bact\u00e9ria est\u00e1 presente em 60% dos insetos da natureza e n\u00e3o causa danos aos humanos. Ela impede que os v\u00edrus da dengue, zika, chikungunya e febre amarela urbana se desenvolvam dentro dos insetos, contribuindo para redu\u00e7\u00e3o dessas doen\u00e7as.<\/p>\n<p>A\u00a0<strong><a href=\"https:\/\/www.joinville.sc.gov.br\/noticias\/joinville-passa-a-contar-com-biofabrica-do-metodo-wolbachia-para-combate-a-dengue\/\">implementa\u00e7\u00e3o do M\u00e9todo Wolbachia em Joinville<\/a>\u00a0<\/strong>ocorre por meio de uma a\u00e7\u00e3o conjunta entre a Prefeitura de Joinville, Fiocruz, World Mosquito Program (WMP), Governo de Santa Catarina e Minist\u00e9rio da Sa\u00fade.<\/p>\n<p><strong>Saiba mais:<\/strong><\/p>\n<p><strong><a href=\"https:\/\/www.joinville.sc.gov.br\/noticias\/prefeitura-de-joinville-realiza-mutirao-contra-a-dengue-no-bairro-santa-catarina\/\">Prefeitura de Joinville realiza mutir\u00e3o contra a dengue no bairro Santa Catarina<\/a><\/strong><\/p>\n<p><strong><a href=\"https:\/\/www.joinville.sc.gov.br\/noticias\/pesquisa-do-liraa-evidencia-que-maioria-dos-focos-de-dengue-estao-em-residencias\/\">Pesquisa do LIRAa evidencia que maioria dos focos de dengue est\u00e3o em resid\u00eancias<\/a><\/strong><\/p>\n<p>&nbsp;<\/p>\n<p><strong>Com informa\u00e7\u00f5es <a href=\"https:\/\/www.joinville.sc.gov.br\/noticias\/joinville-diminui-9894-dos-casos-de-dengue-nos-primeiros-quatro-meses-do-ano\/\">Prefeitura de Joinville<\/a>.<\/strong><\/p>\n","protected":false},"excerpt":{"rendered":"<p>Os n\u00fameros do primeiro quadrimestre deste ano mostram que Joinville teve uma redu\u00e7\u00e3o de 98,94% na quantidade de casos confirmados de dengue, se comparado com o ano passado. Neste mesmo per\u00edodo (at\u00e9 a 18\u00aa semana epidemiol\u00f3gica), em 2024 eram 58.322 casos de dengue e 66 \u00f3bitos pela doen\u00e7a. Este ano, s\u00e3o 622 casos e nenhuma [&hellip;]<\/p>\n","protected":false},"author":2,"featured_media":3233,"comment_status":"open","ping_status":"open","sticky":false,"template":"","format":"standard","meta":{"_acf_changed":false,"h5ap_radio_sources":[],"footnotes":""},"categories":[1],"tags":[],"class_list":["post-3232","post","type-post","status-publish","format-standard","has-post-thumbnail","hentry","category-sem-categoria"],"acf":[],"yoast_head":"<!-- This site is optimized with the Yoast SEO plugin v24.4 - https:\/\/yoast.com\/wordpress\/plugins\/seo\/ -->\n<title>Joinville diminui 98,94% dos casos de dengue nos primeiros quatro meses do ano - R\u00e1dio 107,5 FM Simplesmente Diferente<\/title>\n<meta name=\"robots\" content=\"index, follow, max-snippet:-1, max-image-preview:large, max-video-preview:-1\" \/>\n<link rel=\"canonical\" href=\"https:\/\/1075fm.com.br\/site\/joinville-diminui-9894-dos-casos-de-dengue-nos-primeiros-quatro-meses-do-ano\/\" \/>\n<meta property=\"og:locale\" content=\"pt_BR\" \/>\n<meta property=\"og:type\" content=\"article\" \/>\n<meta property=\"og:title\" content=\"Joinville diminui 98,94% dos casos de dengue nos primeiros quatro meses do ano - R\u00e1dio 107,5 FM Simplesmente Diferente\" \/>\n<meta property=\"og:description\" content=\"Os n\u00fameros do primeiro quadrimestre deste ano mostram que Joinville teve uma redu\u00e7\u00e3o de 98,94% na quantidade de casos confirmados de dengue, se comparado com o ano passado. Neste mesmo per\u00edodo (at\u00e9 a 18\u00aa semana epidemiol\u00f3gica), em 2024 eram 58.322 casos de dengue e 66 \u00f3bitos pela doen\u00e7a. Este ano, s\u00e3o 622 casos e nenhuma [&hellip;]\" \/>\n<meta property=\"og:url\" content=\"https:\/\/1075fm.com.br\/site\/joinville-diminui-9894-dos-casos-de-dengue-nos-primeiros-quatro-meses-do-ano\/\" \/>\n<meta property=\"og:site_name\" content=\"R\u00e1dio 107,5 FM Simplesmente Diferente\" \/>\n<meta property=\"article:published_time\" content=\"2025-05-12T13:23:09+00:00\" \/>\n<meta property=\"og:image\" content=\"https:\/\/1075fm.com.br\/site\/wp-content\/uploads\/2025\/05\/dengue.jpg\" \/>\n\t<meta property=\"og:image:width\" content=\"957\" \/>\n\t<meta property=\"og:image:height\" content=\"481\" \/>\n\t<meta property=\"og:image:type\" content=\"image\/jpeg\" \/>\n<meta name=\"author\" content=\"demetrio\" \/>\n<meta name=\"twitter:card\" content=\"summary_large_image\" \/>\n<meta name=\"twitter:label1\" content=\"Escrito por\" \/>\n\t<meta name=\"twitter:data1\" content=\"demetrio\" \/>\n\t<meta name=\"twitter:label2\" content=\"Est. tempo de leitura\" \/>\n\t<meta name=\"twitter:data2\" content=\"4 minutos\" \/>\n<script type=\"application\/ld+json\" class=\"yoast-schema-graph\">{\"@context\":\"https:\/\/schema.org\",\"@graph\":[{\"@type\":\"WebPage\",\"@id\":\"https:\/\/1075fm.com.br\/site\/joinville-diminui-9894-dos-casos-de-dengue-nos-primeiros-quatro-meses-do-ano\/\",\"url\":\"https:\/\/1075fm.com.br\/site\/joinville-diminui-9894-dos-casos-de-dengue-nos-primeiros-quatro-meses-do-ano\/\",\"name\":\"Joinville diminui 98,94% dos casos de dengue nos primeiros quatro meses do ano - R\u00e1dio 107,5 FM Simplesmente Diferente\",\"isPartOf\":{\"@id\":\"https:\/\/1075fm.com.br\/site\/#website\"},\"primaryImageOfPage\":{\"@id\":\"https:\/\/1075fm.com.br\/site\/joinville-diminui-9894-dos-casos-de-dengue-nos-primeiros-quatro-meses-do-ano\/#primaryimage\"},\"image\":{\"@id\":\"https:\/\/1075fm.com.br\/site\/joinville-diminui-9894-dos-casos-de-dengue-nos-primeiros-quatro-meses-do-ano\/#primaryimage\"},\"thumbnailUrl\":\"https:\/\/1075fm.com.br\/site\/wp-content\/uploads\/2025\/05\/dengue.jpg\",\"datePublished\":\"2025-05-12T13:23:09+00:00\",\"author\":{\"@id\":\"https:\/\/1075fm.com.br\/site\/#\/schema\/person\/592f97625e8fc4a064502324aa4a3a26\"},\"breadcrumb\":{\"@id\":\"https:\/\/1075fm.com.br\/site\/joinville-diminui-9894-dos-casos-de-dengue-nos-primeiros-quatro-meses-do-ano\/#breadcrumb\"},\"inLanguage\":\"pt-BR\",\"potentialAction\":[{\"@type\":\"ReadAction\",\"target\":[\"https:\/\/1075fm.com.br\/site\/joinville-diminui-9894-dos-casos-de-dengue-nos-primeiros-quatro-meses-do-ano\/\"]}]},{\"@type\":\"ImageObject\",\"inLanguage\":\"pt-BR\",\"@id\":\"https:\/\/1075fm.com.br\/site\/joinville-diminui-9894-dos-casos-de-dengue-nos-primeiros-quatro-meses-do-ano\/#primaryimage\",\"url\":\"https:\/\/1075fm.com.br\/site\/wp-content\/uploads\/2025\/05\/dengue.jpg\",\"contentUrl\":\"https:\/\/1075fm.com.br\/site\/wp-content\/uploads\/2025\/05\/dengue.jpg\",\"width\":957,\"height\":481},{\"@type\":\"BreadcrumbList\",\"@id\":\"https:\/\/1075fm.com.br\/site\/joinville-diminui-9894-dos-casos-de-dengue-nos-primeiros-quatro-meses-do-ano\/#breadcrumb\",\"itemListElement\":[{\"@type\":\"ListItem\",\"position\":1,\"name\":\"In\u00edcio\",\"item\":\"https:\/\/1075fm.com.br\/site\/\"},{\"@type\":\"ListItem\",\"position\":2,\"name\":\"Joinville diminui 98,94% dos casos de dengue nos primeiros quatro meses do ano\"}]},{\"@type\":\"WebSite\",\"@id\":\"https:\/\/1075fm.com.br\/site\/#website\",\"url\":\"https:\/\/1075fm.com.br\/site\/\",\"name\":\"R\u00e1dio 107,5 FM Simplesmente Diferente\",\"description\":\"\",\"potentialAction\":[{\"@type\":\"SearchAction\",\"target\":{\"@type\":\"EntryPoint\",\"urlTemplate\":\"https:\/\/1075fm.com.br\/site\/?s={search_term_string}\"},\"query-input\":{\"@type\":\"PropertyValueSpecification\",\"valueRequired\":true,\"valueName\":\"search_term_string\"}}],\"inLanguage\":\"pt-BR\"},{\"@type\":\"Person\",\"@id\":\"https:\/\/1075fm.com.br\/site\/#\/schema\/person\/592f97625e8fc4a064502324aa4a3a26\",\"name\":\"demetrio\",\"image\":{\"@type\":\"ImageObject\",\"inLanguage\":\"pt-BR\",\"@id\":\"https:\/\/1075fm.com.br\/site\/#\/schema\/person\/image\/\",\"url\":\"https:\/\/secure.gravatar.com\/avatar\/31b4e5789076195b7ac5f73e9b612d5cf2dbf52e6948c7b8269e7830d983413c?s=96&d=mm&r=g\",\"contentUrl\":\"https:\/\/secure.gravatar.com\/avatar\/31b4e5789076195b7ac5f73e9b612d5cf2dbf52e6948c7b8269e7830d983413c?s=96&d=mm&r=g\",\"caption\":\"demetrio\"},\"url\":\"https:\/\/1075fm.com.br\/site\/author\/demetrio\/\"}]}<\/script>\n<!-- \/ Yoast SEO plugin. -->","yoast_head_json":{"title":"Joinville diminui 98,94% dos casos de dengue nos primeiros quatro meses do ano - R\u00e1dio 107,5 FM Simplesmente Diferente","robots":{"index":"index","follow":"follow","max-snippet":"max-snippet:-1","max-image-preview":"max-image-preview:large","max-video-preview":"max-video-preview:-1"},"canonical":"https:\/\/1075fm.com.br\/site\/joinville-diminui-9894-dos-casos-de-dengue-nos-primeiros-quatro-meses-do-ano\/","og_locale":"pt_BR","og_type":"article","og_title":"Joinville diminui 98,94% dos casos de dengue nos primeiros quatro meses do ano - R\u00e1dio 107,5 FM Simplesmente Diferente","og_description":"Os n\u00fameros do primeiro quadrimestre deste ano mostram que Joinville teve uma redu\u00e7\u00e3o de 98,94% na quantidade de casos confirmados de dengue, se comparado com o ano passado. Neste mesmo per\u00edodo (at\u00e9 a 18\u00aa semana epidemiol\u00f3gica), em 2024 eram 58.322 casos de dengue e 66 \u00f3bitos pela doen\u00e7a. Este ano, s\u00e3o 622 casos e nenhuma [&hellip;]","og_url":"https:\/\/1075fm.com.br\/site\/joinville-diminui-9894-dos-casos-de-dengue-nos-primeiros-quatro-meses-do-ano\/","og_site_name":"R\u00e1dio 107,5 FM Simplesmente Diferente","article_published_time":"2025-05-12T13:23:09+00:00","og_image":[{"width":957,"height":481,"url":"https:\/\/1075fm.com.br\/site\/wp-content\/uploads\/2025\/05\/dengue.jpg","type":"image\/jpeg"}],"author":"demetrio","twitter_card":"summary_large_image","twitter_misc":{"Escrito por":"demetrio","Est. tempo de leitura":"4 minutos"},"schema":{"@context":"https:\/\/schema.org","@graph":[{"@type":"WebPage","@id":"https:\/\/1075fm.com.br\/site\/joinville-diminui-9894-dos-casos-de-dengue-nos-primeiros-quatro-meses-do-ano\/","url":"https:\/\/1075fm.com.br\/site\/joinville-diminui-9894-dos-casos-de-dengue-nos-primeiros-quatro-meses-do-ano\/","name":"Joinville diminui 98,94% dos casos de dengue nos primeiros quatro meses do ano - R\u00e1dio 107,5 FM Simplesmente Diferente","isPartOf":{"@id":"https:\/\/1075fm.com.br\/site\/#website"},"primaryImageOfPage":{"@id":"https:\/\/1075fm.com.br\/site\/joinville-diminui-9894-dos-casos-de-dengue-nos-primeiros-quatro-meses-do-ano\/#primaryimage"},"image":{"@id":"https:\/\/1075fm.com.br\/site\/joinville-diminui-9894-dos-casos-de-dengue-nos-primeiros-quatro-meses-do-ano\/#primaryimage"},"thumbnailUrl":"https:\/\/1075fm.com.br\/site\/wp-content\/uploads\/2025\/05\/dengue.jpg","datePublished":"2025-05-12T13:23:09+00:00","author":{"@id":"https:\/\/1075fm.com.br\/site\/#\/schema\/person\/592f97625e8fc4a064502324aa4a3a26"},"breadcrumb":{"@id":"https:\/\/1075fm.com.br\/site\/joinville-diminui-9894-dos-casos-de-dengue-nos-primeiros-quatro-meses-do-ano\/#breadcrumb"},"inLanguage":"pt-BR","potentialAction":[{"@type":"ReadAction","target":["https:\/\/1075fm.com.br\/site\/joinville-diminui-9894-dos-casos-de-dengue-nos-primeiros-quatro-meses-do-ano\/"]}]},{"@type":"ImageObject","inLanguage":"pt-BR","@id":"https:\/\/1075fm.com.br\/site\/joinville-diminui-9894-dos-casos-de-dengue-nos-primeiros-quatro-meses-do-ano\/#primaryimage","url":"https:\/\/1075fm.com.br\/site\/wp-content\/uploads\/2025\/05\/dengue.jpg","contentUrl":"https:\/\/1075fm.com.br\/site\/wp-content\/uploads\/2025\/05\/dengue.jpg","width":957,"height":481},{"@type":"BreadcrumbList","@id":"https:\/\/1075fm.com.br\/site\/joinville-diminui-9894-dos-casos-de-dengue-nos-primeiros-quatro-meses-do-ano\/#breadcrumb","itemListElement":[{"@type":"ListItem","position":1,"name":"In\u00edcio","item":"https:\/\/1075fm.com.br\/site\/"},{"@type":"ListItem","position":2,"name":"Joinville diminui 98,94% dos casos de dengue nos primeiros quatro meses do ano"}]},{"@type":"WebSite","@id":"https:\/\/1075fm.com.br\/site\/#website","url":"https:\/\/1075fm.com.br\/site\/","name":"R\u00e1dio 107,5 FM Simplesmente Diferente","description":"","potentialAction":[{"@type":"SearchAction","target":{"@type":"EntryPoint","urlTemplate":"https:\/\/1075fm.com.br\/site\/?s={search_term_string}"},"query-input":{"@type":"PropertyValueSpecification","valueRequired":true,"valueName":"search_term_string"}}],"inLanguage":"pt-BR"},{"@type":"Person","@id":"https:\/\/1075fm.com.br\/site\/#\/schema\/person\/592f97625e8fc4a064502324aa4a3a26","name":"demetrio","image":{"@type":"ImageObject","inLanguage":"pt-BR","@id":"https:\/\/1075fm.com.br\/site\/#\/schema\/person\/image\/","url":"https:\/\/secure.gravatar.com\/avatar\/31b4e5789076195b7ac5f73e9b612d5cf2dbf52e6948c7b8269e7830d983413c?s=96&d=mm&r=g","contentUrl":"https:\/\/secure.gravatar.com\/avatar\/31b4e5789076195b7ac5f73e9b612d5cf2dbf52e6948c7b8269e7830d983413c?s=96&d=mm&r=g","caption":"demetrio"},"url":"https:\/\/1075fm.com.br\/site\/author\/demetrio\/"}]}},"_links":{"self":[{"href":"https:\/\/1075fm.com.br\/site\/wp-json\/wp\/v2\/posts\/3232","targetHints":{"allow":["GET"]}}],"collection":[{"href":"https:\/\/1075fm.com.br\/site\/wp-json\/wp\/v2\/posts"}],"about":[{"href":"https:\/\/1075fm.com.br\/site\/wp-json\/wp\/v2\/types\/post"}],"author":[{"embeddable":true,"href":"https:\/\/1075fm.com.br\/site\/wp-json\/wp\/v2\/users\/2"}],"replies":[{"embeddable":true,"href":"https:\/\/1075fm.com.br\/site\/wp-json\/wp\/v2\/comments?post=3232"}],"version-history":[{"count":1,"href":"https:\/\/1075fm.com.br\/site\/wp-json\/wp\/v2\/posts\/3232\/revisions"}],"predecessor-version":[{"id":3234,"href":"https:\/\/1075fm.com.br\/site\/wp-json\/wp\/v2\/posts\/3232\/revisions\/3234"}],"wp:featuredmedia":[{"embeddable":true,"href":"https:\/\/1075fm.com.br\/site\/wp-json\/wp\/v2\/media\/3233"}],"wp:attachment":[{"href":"https:\/\/1075fm.com.br\/site\/wp-json\/wp\/v2\/media?parent=3232"}],"wp:term":[{"taxonomy":"category","embeddable":true,"href":"https:\/\/1075fm.com.br\/site\/wp-json\/wp\/v2\/categories?post=3232"},{"taxonomy":"post_tag","embeddable":true,"href":"https:\/\/1075fm.com.br\/site\/wp-json\/wp\/v2\/tags?post=3232"}],"curies":[{"name":"wp","href":"https:\/\/api.w.org\/{rel}","templated":true}]}}