{"id":3241,"date":"2025-05-19T16:19:08","date_gmt":"2025-05-19T19:19:08","guid":{"rendered":"https:\/\/1075fm.com.br\/site\/?p=3241"},"modified":"2025-05-19T16:19:08","modified_gmt":"2025-05-19T19:19:08","slug":"funadej-realiza-1o-workshop-sobre-comunicacao-para-voluntarios-da-radio-1075-fm","status":"publish","type":"post","link":"https:\/\/1075fm.com.br\/site\/funadej-realiza-1o-workshop-sobre-comunicacao-para-voluntarios-da-radio-1075-fm\/","title":{"rendered":"FUNADEJ realiza 1\u00ba Workshop sobre comunica\u00e7\u00e3o para volunt\u00e1rios da R\u00e1dio 107,5 FM"},"content":{"rendered":"<p><strong>A Funda\u00e7\u00e3o Assistencial e de Difus\u00e3o Educativa e Cultural de Joinville (FUNADEJ), por meio da\u00a0<a href=\"https:\/\/www.facebook.com\/Radio1075Fm\">R\u00e1dio 107,5 FM<\/a>, promoveu no s\u00e1bado, 17 de maio, o 1\u00ba Workshop de Comunica\u00e7\u00e3o para os comunicadores volunt\u00e1rios da emissora e aspirantes.<\/strong><\/p>\n<p><img fetchpriority=\"high\" decoding=\"async\" class=\"alignnone wp-image-3243 size-large\" src=\"https:\/\/1075fm.com.br\/site\/wp-content\/uploads\/2025\/05\/WhatsApp-Image-2025-05-19-at-16.12.13-682x1024.jpeg\" alt=\"\" width=\"682\" height=\"1024\" srcset=\"https:\/\/1075fm.com.br\/site\/wp-content\/uploads\/2025\/05\/WhatsApp-Image-2025-05-19-at-16.12.13-682x1024.jpeg 682w, https:\/\/1075fm.com.br\/site\/wp-content\/uploads\/2025\/05\/WhatsApp-Image-2025-05-19-at-16.12.13-200x300.jpeg 200w, https:\/\/1075fm.com.br\/site\/wp-content\/uploads\/2025\/05\/WhatsApp-Image-2025-05-19-at-16.12.13-768x1153.jpeg 768w, https:\/\/1075fm.com.br\/site\/wp-content\/uploads\/2025\/05\/WhatsApp-Image-2025-05-19-at-16.12.13-1023x1536.jpeg 1023w, https:\/\/1075fm.com.br\/site\/wp-content\/uploads\/2025\/05\/WhatsApp-Image-2025-05-19-at-16.12.13.jpeg 1066w\" sizes=\"(max-width: 682px) 100vw, 682px\" \/><\/p>\n<p>O evento, com dura\u00e7\u00e3o aproximada de quatro horas, foi realizado no Templo Sede da IEADJO e reuniu dezenas de inscritos.<\/p>\n<p><img decoding=\"async\" class=\"alignnone wp-image-3244 size-large\" src=\"https:\/\/1075fm.com.br\/site\/wp-content\/uploads\/2025\/05\/499723982_1553368522635920_6173185025415347266_n-1024x683.jpg\" alt=\"\" width=\"800\" height=\"534\" srcset=\"https:\/\/1075fm.com.br\/site\/wp-content\/uploads\/2025\/05\/499723982_1553368522635920_6173185025415347266_n-1024x683.jpg 1024w, https:\/\/1075fm.com.br\/site\/wp-content\/uploads\/2025\/05\/499723982_1553368522635920_6173185025415347266_n-300x200.jpg 300w, https:\/\/1075fm.com.br\/site\/wp-content\/uploads\/2025\/05\/499723982_1553368522635920_6173185025415347266_n-768x512.jpg 768w, https:\/\/1075fm.com.br\/site\/wp-content\/uploads\/2025\/05\/499723982_1553368522635920_6173185025415347266_n-1536x1025.jpg 1536w, https:\/\/1075fm.com.br\/site\/wp-content\/uploads\/2025\/05\/499723982_1553368522635920_6173185025415347266_n.jpg 2048w\" sizes=\"(max-width: 800px) 100vw, 800px\" \/><\/p>\n<p><strong>Nesta primeira edi\u00e7\u00e3o, os palestrantes convidados foram os comunicadores:\u00a0<a href=\"https:\/\/www.instagram.com\/aloisio_lucas\/?igsh=c3JrODB2cW1hcW5t#\">Pr. Alo\u00edsio Lucas (Diretor Art\u00edstico)<\/a>, \u201cDin\u00e2micas para Programas de Departamentos\u201d;\u00a0<a href=\"https:\/\/www.instagram.com\/demetriosantosjornalista\/profilecard\/?igsh=Ync5bWZkc3RveTE3\">Pr. Dem\u00e9trio Santos (Comunicador)<\/a>\u00a0\u201c\u00c9tica no R\u00e1dio\u201d;\u00a0<a href=\"https:\/\/www.instagram.com\/soueliezerdasilva\/?igsh=a2JjY3F2aXcyN25o#\">Pr. Eliezer da Silva (Comunicador)<\/a>, \u201cT\u00e9cnicas de R\u00e1dio\u201d.\u00a0<\/strong>Com um formato din\u00e2mico, os palestrantes abordaram o dia a dia da programa\u00e7\u00e3o da\u00a0<strong>\u201cSimplesmente Diferente\u201d<\/strong>, com exemplos pr\u00e1ticos e exerc\u00edcios ao longo de cada palestra.<\/p>\n<p><img decoding=\"async\" class=\"alignnone wp-image-3245 size-large\" src=\"https:\/\/1075fm.com.br\/site\/wp-content\/uploads\/2025\/05\/498220429_1553573332615439_7629638094818728407_n-1024x683.jpg\" alt=\"\" width=\"800\" height=\"534\" srcset=\"https:\/\/1075fm.com.br\/site\/wp-content\/uploads\/2025\/05\/498220429_1553573332615439_7629638094818728407_n-1024x683.jpg 1024w, https:\/\/1075fm.com.br\/site\/wp-content\/uploads\/2025\/05\/498220429_1553573332615439_7629638094818728407_n-300x200.jpg 300w, https:\/\/1075fm.com.br\/site\/wp-content\/uploads\/2025\/05\/498220429_1553573332615439_7629638094818728407_n-768x512.jpg 768w, https:\/\/1075fm.com.br\/site\/wp-content\/uploads\/2025\/05\/498220429_1553573332615439_7629638094818728407_n-1536x1025.jpg 1536w, https:\/\/1075fm.com.br\/site\/wp-content\/uploads\/2025\/05\/498220429_1553573332615439_7629638094818728407_n.jpg 2048w\" sizes=\"(max-width: 800px) 100vw, 800px\" \/><\/p>\n<p><strong>O\u00a0<a href=\"https:\/\/www.instagram.com\/pastoreliseumelfior?igsh=NHNjbXE3bGhtOTR2\">pastor Eliseu Melfior<\/a>, vice-presidente da IEADJO, esteve presente no evento, representando o presidente da Institui\u00e7\u00e3o,\u00a0<a href=\"https:\/\/www.instagram.com\/pastorsergiomelfior?igsh=ZTZvMnlsN3J1NHRn\">pastor S\u00e9rgio Melfior<\/a>. Em sua fala, o pastor Eliseu parabenizou os participantes do evento e destacou a import\u00e2ncia da radiodifus\u00e3o e o trabalho desenvolvido pela equipe da R\u00e1dio 107.<\/strong><\/p>\n<p><img loading=\"lazy\" decoding=\"async\" class=\"alignnone wp-image-3246 size-large\" src=\"https:\/\/1075fm.com.br\/site\/wp-content\/uploads\/2025\/05\/499147765_1553571235948982_5751698120812846608_n-683x1024.jpg\" alt=\"\" width=\"683\" height=\"1024\" srcset=\"https:\/\/1075fm.com.br\/site\/wp-content\/uploads\/2025\/05\/499147765_1553571235948982_5751698120812846608_n-683x1024.jpg 683w, https:\/\/1075fm.com.br\/site\/wp-content\/uploads\/2025\/05\/499147765_1553571235948982_5751698120812846608_n-200x300.jpg 200w, https:\/\/1075fm.com.br\/site\/wp-content\/uploads\/2025\/05\/499147765_1553571235948982_5751698120812846608_n-768x1151.jpg 768w, https:\/\/1075fm.com.br\/site\/wp-content\/uploads\/2025\/05\/499147765_1553571235948982_5751698120812846608_n-1025x1536.jpg 1025w, https:\/\/1075fm.com.br\/site\/wp-content\/uploads\/2025\/05\/499147765_1553571235948982_5751698120812846608_n.jpg 1366w\" sizes=\"(max-width: 683px) 100vw, 683px\" \/><\/p>\n<p>Conforme o\u00a0<a href=\"https:\/\/www.instagram.com\/melk_barbosa2?igsh=MXF1dmE3NWo2NjVvbQ==\">pastor Melkesedek Barbosa<\/a>, membro da diretoria da R\u00e1dio e apresentador do evento,\u00a0<strong>esta edi\u00e7\u00e3o superou a expectativa, reunindo mais de 100 inscritos<\/strong>.<\/p>\n<p><img loading=\"lazy\" decoding=\"async\" class=\"alignnone wp-image-3247 size-large\" src=\"https:\/\/1075fm.com.br\/site\/wp-content\/uploads\/2025\/05\/499941695_1553571725948933_1385647119775402500_n-1024x683.jpg\" alt=\"\" width=\"800\" height=\"534\" srcset=\"https:\/\/1075fm.com.br\/site\/wp-content\/uploads\/2025\/05\/499941695_1553571725948933_1385647119775402500_n-1024x683.jpg 1024w, https:\/\/1075fm.com.br\/site\/wp-content\/uploads\/2025\/05\/499941695_1553571725948933_1385647119775402500_n-300x200.jpg 300w, https:\/\/1075fm.com.br\/site\/wp-content\/uploads\/2025\/05\/499941695_1553571725948933_1385647119775402500_n-768x512.jpg 768w, https:\/\/1075fm.com.br\/site\/wp-content\/uploads\/2025\/05\/499941695_1553571725948933_1385647119775402500_n-1536x1025.jpg 1536w, https:\/\/1075fm.com.br\/site\/wp-content\/uploads\/2025\/05\/499941695_1553571725948933_1385647119775402500_n.jpg 2048w\" sizes=\"(max-width: 800px) 100vw, 800px\" \/><\/p>\n<p>Ap\u00f3s as palestras,<strong>\u00a0houve o sorteio de pr\u00eamios para os participantes, numa parceria com os apoiadores culturais da r\u00e1dio.<\/strong><\/p>\n<p><img loading=\"lazy\" decoding=\"async\" class=\"alignnone wp-image-3248 size-large\" src=\"https:\/\/1075fm.com.br\/site\/wp-content\/uploads\/2025\/05\/491928805_1553571845948921_966980523561929333_n-1024x683.jpg\" alt=\"\" width=\"800\" height=\"534\" srcset=\"https:\/\/1075fm.com.br\/site\/wp-content\/uploads\/2025\/05\/491928805_1553571845948921_966980523561929333_n-1024x683.jpg 1024w, https:\/\/1075fm.com.br\/site\/wp-content\/uploads\/2025\/05\/491928805_1553571845948921_966980523561929333_n-300x200.jpg 300w, https:\/\/1075fm.com.br\/site\/wp-content\/uploads\/2025\/05\/491928805_1553571845948921_966980523561929333_n-768x512.jpg 768w, https:\/\/1075fm.com.br\/site\/wp-content\/uploads\/2025\/05\/491928805_1553571845948921_966980523561929333_n-1536x1025.jpg 1536w, https:\/\/1075fm.com.br\/site\/wp-content\/uploads\/2025\/05\/491928805_1553571845948921_966980523561929333_n.jpg 2048w\" sizes=\"(max-width: 800px) 100vw, 800px\" \/><\/p>\n<p><strong>No final do evento, foi servido um delicioso caf\u00e9 colonial, promovendo um momento especial de comunh\u00e3o e troca de ideias.\u00a0<\/strong><\/p>\n<p><strong><a href=\"https:\/\/www.facebook.com\/media\/set\/?vanity=Radio1075Fm&amp;set=a.1553370565969049\">Veja mais fotos clicando aqui!<\/a><\/strong><\/p>\n<p>&nbsp;<\/p>\n","protected":false},"excerpt":{"rendered":"<p>A Funda\u00e7\u00e3o Assistencial e de Difus\u00e3o Educativa e Cultural de Joinville (FUNADEJ), por meio da\u00a0R\u00e1dio 107,5 FM, promoveu no s\u00e1bado, 17 de maio, o 1\u00ba Workshop de Comunica\u00e7\u00e3o para os comunicadores volunt\u00e1rios da emissora e aspirantes. O evento, com dura\u00e7\u00e3o aproximada de quatro horas, foi realizado no Templo Sede da IEADJO e reuniu dezenas de [&hellip;]<\/p>\n","protected":false},"author":2,"featured_media":3242,"comment_status":"open","ping_status":"open","sticky":false,"template":"","format":"standard","meta":{"_acf_changed":false,"h5ap_radio_sources":[],"footnotes":""},"categories":[1],"tags":[],"class_list":["post-3241","post","type-post","status-publish","format-standard","has-post-thumbnail","hentry","category-sem-categoria"],"acf":[],"yoast_head":"<!-- This site is optimized with the Yoast SEO plugin v24.4 - https:\/\/yoast.com\/wordpress\/plugins\/seo\/ -->\n<title>FUNADEJ realiza 1\u00ba Workshop sobre comunica\u00e7\u00e3o para volunt\u00e1rios da R\u00e1dio 107,5 FM - R\u00e1dio 107,5 FM Simplesmente Diferente<\/title>\n<meta name=\"robots\" content=\"index, follow, max-snippet:-1, max-image-preview:large, max-video-preview:-1\" \/>\n<link rel=\"canonical\" href=\"https:\/\/1075fm.com.br\/site\/funadej-realiza-1o-workshop-sobre-comunicacao-para-voluntarios-da-radio-1075-fm\/\" \/>\n<meta property=\"og:locale\" content=\"pt_BR\" \/>\n<meta property=\"og:type\" content=\"article\" \/>\n<meta property=\"og:title\" content=\"FUNADEJ realiza 1\u00ba Workshop sobre comunica\u00e7\u00e3o para volunt\u00e1rios da R\u00e1dio 107,5 FM - R\u00e1dio 107,5 FM Simplesmente Diferente\" \/>\n<meta property=\"og:description\" content=\"A Funda\u00e7\u00e3o Assistencial e de Difus\u00e3o Educativa e Cultural de Joinville (FUNADEJ), por meio da\u00a0R\u00e1dio 107,5 FM, promoveu no s\u00e1bado, 17 de maio, o 1\u00ba Workshop de Comunica\u00e7\u00e3o para os comunicadores volunt\u00e1rios da emissora e aspirantes. O evento, com dura\u00e7\u00e3o aproximada de quatro horas, foi realizado no Templo Sede da IEADJO e reuniu dezenas de [&hellip;]\" \/>\n<meta property=\"og:url\" content=\"https:\/\/1075fm.com.br\/site\/funadej-realiza-1o-workshop-sobre-comunicacao-para-voluntarios-da-radio-1075-fm\/\" \/>\n<meta property=\"og:site_name\" content=\"R\u00e1dio 107,5 FM Simplesmente Diferente\" \/>\n<meta property=\"article:published_time\" content=\"2025-05-19T19:19:08+00:00\" \/>\n<meta property=\"og:image\" content=\"https:\/\/1075fm.com.br\/site\/wp-content\/uploads\/2025\/05\/498539738_1553570875949018_8215937240816004634_n.jpg\" \/>\n\t<meta property=\"og:image:width\" content=\"2048\" \/>\n\t<meta property=\"og:image:height\" content=\"1366\" \/>\n\t<meta property=\"og:image:type\" content=\"image\/jpeg\" \/>\n<meta name=\"author\" content=\"demetrio\" \/>\n<meta name=\"twitter:card\" content=\"summary_large_image\" \/>\n<meta name=\"twitter:label1\" content=\"Escrito por\" \/>\n\t<meta name=\"twitter:data1\" content=\"demetrio\" \/>\n\t<meta name=\"twitter:label2\" content=\"Est. tempo de leitura\" \/>\n\t<meta name=\"twitter:data2\" content=\"3 minutos\" \/>\n<script type=\"application\/ld+json\" class=\"yoast-schema-graph\">{\"@context\":\"https:\/\/schema.org\",\"@graph\":[{\"@type\":\"WebPage\",\"@id\":\"https:\/\/1075fm.com.br\/site\/funadej-realiza-1o-workshop-sobre-comunicacao-para-voluntarios-da-radio-1075-fm\/\",\"url\":\"https:\/\/1075fm.com.br\/site\/funadej-realiza-1o-workshop-sobre-comunicacao-para-voluntarios-da-radio-1075-fm\/\",\"name\":\"FUNADEJ realiza 1\u00ba Workshop sobre comunica\u00e7\u00e3o para volunt\u00e1rios da R\u00e1dio 107,5 FM - R\u00e1dio 107,5 FM Simplesmente Diferente\",\"isPartOf\":{\"@id\":\"https:\/\/1075fm.com.br\/site\/#website\"},\"primaryImageOfPage\":{\"@id\":\"https:\/\/1075fm.com.br\/site\/funadej-realiza-1o-workshop-sobre-comunicacao-para-voluntarios-da-radio-1075-fm\/#primaryimage\"},\"image\":{\"@id\":\"https:\/\/1075fm.com.br\/site\/funadej-realiza-1o-workshop-sobre-comunicacao-para-voluntarios-da-radio-1075-fm\/#primaryimage\"},\"thumbnailUrl\":\"https:\/\/1075fm.com.br\/site\/wp-content\/uploads\/2025\/05\/498539738_1553570875949018_8215937240816004634_n.jpg\",\"datePublished\":\"2025-05-19T19:19:08+00:00\",\"author\":{\"@id\":\"https:\/\/1075fm.com.br\/site\/#\/schema\/person\/592f97625e8fc4a064502324aa4a3a26\"},\"breadcrumb\":{\"@id\":\"https:\/\/1075fm.com.br\/site\/funadej-realiza-1o-workshop-sobre-comunicacao-para-voluntarios-da-radio-1075-fm\/#breadcrumb\"},\"inLanguage\":\"pt-BR\",\"potentialAction\":[{\"@type\":\"ReadAction\",\"target\":[\"https:\/\/1075fm.com.br\/site\/funadej-realiza-1o-workshop-sobre-comunicacao-para-voluntarios-da-radio-1075-fm\/\"]}]},{\"@type\":\"ImageObject\",\"inLanguage\":\"pt-BR\",\"@id\":\"https:\/\/1075fm.com.br\/site\/funadej-realiza-1o-workshop-sobre-comunicacao-para-voluntarios-da-radio-1075-fm\/#primaryimage\",\"url\":\"https:\/\/1075fm.com.br\/site\/wp-content\/uploads\/2025\/05\/498539738_1553570875949018_8215937240816004634_n.jpg\",\"contentUrl\":\"https:\/\/1075fm.com.br\/site\/wp-content\/uploads\/2025\/05\/498539738_1553570875949018_8215937240816004634_n.jpg\",\"width\":2048,\"height\":1366},{\"@type\":\"BreadcrumbList\",\"@id\":\"https:\/\/1075fm.com.br\/site\/funadej-realiza-1o-workshop-sobre-comunicacao-para-voluntarios-da-radio-1075-fm\/#breadcrumb\",\"itemListElement\":[{\"@type\":\"ListItem\",\"position\":1,\"name\":\"In\u00edcio\",\"item\":\"https:\/\/1075fm.com.br\/site\/\"},{\"@type\":\"ListItem\",\"position\":2,\"name\":\"FUNADEJ realiza 1\u00ba Workshop sobre comunica\u00e7\u00e3o para volunt\u00e1rios da R\u00e1dio 107,5 FM\"}]},{\"@type\":\"WebSite\",\"@id\":\"https:\/\/1075fm.com.br\/site\/#website\",\"url\":\"https:\/\/1075fm.com.br\/site\/\",\"name\":\"R\u00e1dio 107,5 FM Simplesmente Diferente\",\"description\":\"\",\"potentialAction\":[{\"@type\":\"SearchAction\",\"target\":{\"@type\":\"EntryPoint\",\"urlTemplate\":\"https:\/\/1075fm.com.br\/site\/?s={search_term_string}\"},\"query-input\":{\"@type\":\"PropertyValueSpecification\",\"valueRequired\":true,\"valueName\":\"search_term_string\"}}],\"inLanguage\":\"pt-BR\"},{\"@type\":\"Person\",\"@id\":\"https:\/\/1075fm.com.br\/site\/#\/schema\/person\/592f97625e8fc4a064502324aa4a3a26\",\"name\":\"demetrio\",\"image\":{\"@type\":\"ImageObject\",\"inLanguage\":\"pt-BR\",\"@id\":\"https:\/\/1075fm.com.br\/site\/#\/schema\/person\/image\/\",\"url\":\"https:\/\/secure.gravatar.com\/avatar\/31b4e5789076195b7ac5f73e9b612d5cf2dbf52e6948c7b8269e7830d983413c?s=96&d=mm&r=g\",\"contentUrl\":\"https:\/\/secure.gravatar.com\/avatar\/31b4e5789076195b7ac5f73e9b612d5cf2dbf52e6948c7b8269e7830d983413c?s=96&d=mm&r=g\",\"caption\":\"demetrio\"},\"url\":\"https:\/\/1075fm.com.br\/site\/author\/demetrio\/\"}]}<\/script>\n<!-- \/ Yoast SEO plugin. -->","yoast_head_json":{"title":"FUNADEJ realiza 1\u00ba Workshop sobre comunica\u00e7\u00e3o para volunt\u00e1rios da R\u00e1dio 107,5 FM - R\u00e1dio 107,5 FM Simplesmente Diferente","robots":{"index":"index","follow":"follow","max-snippet":"max-snippet:-1","max-image-preview":"max-image-preview:large","max-video-preview":"max-video-preview:-1"},"canonical":"https:\/\/1075fm.com.br\/site\/funadej-realiza-1o-workshop-sobre-comunicacao-para-voluntarios-da-radio-1075-fm\/","og_locale":"pt_BR","og_type":"article","og_title":"FUNADEJ realiza 1\u00ba Workshop sobre comunica\u00e7\u00e3o para volunt\u00e1rios da R\u00e1dio 107,5 FM - R\u00e1dio 107,5 FM Simplesmente Diferente","og_description":"A Funda\u00e7\u00e3o Assistencial e de Difus\u00e3o Educativa e Cultural de Joinville (FUNADEJ), por meio da\u00a0R\u00e1dio 107,5 FM, promoveu no s\u00e1bado, 17 de maio, o 1\u00ba Workshop de Comunica\u00e7\u00e3o para os comunicadores volunt\u00e1rios da emissora e aspirantes. O evento, com dura\u00e7\u00e3o aproximada de quatro horas, foi realizado no Templo Sede da IEADJO e reuniu dezenas de [&hellip;]","og_url":"https:\/\/1075fm.com.br\/site\/funadej-realiza-1o-workshop-sobre-comunicacao-para-voluntarios-da-radio-1075-fm\/","og_site_name":"R\u00e1dio 107,5 FM Simplesmente Diferente","article_published_time":"2025-05-19T19:19:08+00:00","og_image":[{"width":2048,"height":1366,"url":"https:\/\/1075fm.com.br\/site\/wp-content\/uploads\/2025\/05\/498539738_1553570875949018_8215937240816004634_n.jpg","type":"image\/jpeg"}],"author":"demetrio","twitter_card":"summary_large_image","twitter_misc":{"Escrito por":"demetrio","Est. tempo de leitura":"3 minutos"},"schema":{"@context":"https:\/\/schema.org","@graph":[{"@type":"WebPage","@id":"https:\/\/1075fm.com.br\/site\/funadej-realiza-1o-workshop-sobre-comunicacao-para-voluntarios-da-radio-1075-fm\/","url":"https:\/\/1075fm.com.br\/site\/funadej-realiza-1o-workshop-sobre-comunicacao-para-voluntarios-da-radio-1075-fm\/","name":"FUNADEJ realiza 1\u00ba Workshop sobre comunica\u00e7\u00e3o para volunt\u00e1rios da R\u00e1dio 107,5 FM - R\u00e1dio 107,5 FM Simplesmente Diferente","isPartOf":{"@id":"https:\/\/1075fm.com.br\/site\/#website"},"primaryImageOfPage":{"@id":"https:\/\/1075fm.com.br\/site\/funadej-realiza-1o-workshop-sobre-comunicacao-para-voluntarios-da-radio-1075-fm\/#primaryimage"},"image":{"@id":"https:\/\/1075fm.com.br\/site\/funadej-realiza-1o-workshop-sobre-comunicacao-para-voluntarios-da-radio-1075-fm\/#primaryimage"},"thumbnailUrl":"https:\/\/1075fm.com.br\/site\/wp-content\/uploads\/2025\/05\/498539738_1553570875949018_8215937240816004634_n.jpg","datePublished":"2025-05-19T19:19:08+00:00","author":{"@id":"https:\/\/1075fm.com.br\/site\/#\/schema\/person\/592f97625e8fc4a064502324aa4a3a26"},"breadcrumb":{"@id":"https:\/\/1075fm.com.br\/site\/funadej-realiza-1o-workshop-sobre-comunicacao-para-voluntarios-da-radio-1075-fm\/#breadcrumb"},"inLanguage":"pt-BR","potentialAction":[{"@type":"ReadAction","target":["https:\/\/1075fm.com.br\/site\/funadej-realiza-1o-workshop-sobre-comunicacao-para-voluntarios-da-radio-1075-fm\/"]}]},{"@type":"ImageObject","inLanguage":"pt-BR","@id":"https:\/\/1075fm.com.br\/site\/funadej-realiza-1o-workshop-sobre-comunicacao-para-voluntarios-da-radio-1075-fm\/#primaryimage","url":"https:\/\/1075fm.com.br\/site\/wp-content\/uploads\/2025\/05\/498539738_1553570875949018_8215937240816004634_n.jpg","contentUrl":"https:\/\/1075fm.com.br\/site\/wp-content\/uploads\/2025\/05\/498539738_1553570875949018_8215937240816004634_n.jpg","width":2048,"height":1366},{"@type":"BreadcrumbList","@id":"https:\/\/1075fm.com.br\/site\/funadej-realiza-1o-workshop-sobre-comunicacao-para-voluntarios-da-radio-1075-fm\/#breadcrumb","itemListElement":[{"@type":"ListItem","position":1,"name":"In\u00edcio","item":"https:\/\/1075fm.com.br\/site\/"},{"@type":"ListItem","position":2,"name":"FUNADEJ realiza 1\u00ba Workshop sobre comunica\u00e7\u00e3o para volunt\u00e1rios da R\u00e1dio 107,5 FM"}]},{"@type":"WebSite","@id":"https:\/\/1075fm.com.br\/site\/#website","url":"https:\/\/1075fm.com.br\/site\/","name":"R\u00e1dio 107,5 FM Simplesmente Diferente","description":"","potentialAction":[{"@type":"SearchAction","target":{"@type":"EntryPoint","urlTemplate":"https:\/\/1075fm.com.br\/site\/?s={search_term_string}"},"query-input":{"@type":"PropertyValueSpecification","valueRequired":true,"valueName":"search_term_string"}}],"inLanguage":"pt-BR"},{"@type":"Person","@id":"https:\/\/1075fm.com.br\/site\/#\/schema\/person\/592f97625e8fc4a064502324aa4a3a26","name":"demetrio","image":{"@type":"ImageObject","inLanguage":"pt-BR","@id":"https:\/\/1075fm.com.br\/site\/#\/schema\/person\/image\/","url":"https:\/\/secure.gravatar.com\/avatar\/31b4e5789076195b7ac5f73e9b612d5cf2dbf52e6948c7b8269e7830d983413c?s=96&d=mm&r=g","contentUrl":"https:\/\/secure.gravatar.com\/avatar\/31b4e5789076195b7ac5f73e9b612d5cf2dbf52e6948c7b8269e7830d983413c?s=96&d=mm&r=g","caption":"demetrio"},"url":"https:\/\/1075fm.com.br\/site\/author\/demetrio\/"}]}},"_links":{"self":[{"href":"https:\/\/1075fm.com.br\/site\/wp-json\/wp\/v2\/posts\/3241","targetHints":{"allow":["GET"]}}],"collection":[{"href":"https:\/\/1075fm.com.br\/site\/wp-json\/wp\/v2\/posts"}],"about":[{"href":"https:\/\/1075fm.com.br\/site\/wp-json\/wp\/v2\/types\/post"}],"author":[{"embeddable":true,"href":"https:\/\/1075fm.com.br\/site\/wp-json\/wp\/v2\/users\/2"}],"replies":[{"embeddable":true,"href":"https:\/\/1075fm.com.br\/site\/wp-json\/wp\/v2\/comments?post=3241"}],"version-history":[{"count":1,"href":"https:\/\/1075fm.com.br\/site\/wp-json\/wp\/v2\/posts\/3241\/revisions"}],"predecessor-version":[{"id":3249,"href":"https:\/\/1075fm.com.br\/site\/wp-json\/wp\/v2\/posts\/3241\/revisions\/3249"}],"wp:featuredmedia":[{"embeddable":true,"href":"https:\/\/1075fm.com.br\/site\/wp-json\/wp\/v2\/media\/3242"}],"wp:attachment":[{"href":"https:\/\/1075fm.com.br\/site\/wp-json\/wp\/v2\/media?parent=3241"}],"wp:term":[{"taxonomy":"category","embeddable":true,"href":"https:\/\/1075fm.com.br\/site\/wp-json\/wp\/v2\/categories?post=3241"},{"taxonomy":"post_tag","embeddable":true,"href":"https:\/\/1075fm.com.br\/site\/wp-json\/wp\/v2\/tags?post=3241"}],"curies":[{"name":"wp","href":"https:\/\/api.w.org\/{rel}","templated":true}]}}