{"id":3310,"date":"2025-07-11T19:51:28","date_gmt":"2025-07-11T22:51:28","guid":{"rendered":"https:\/\/1075fm.com.br\/site\/?p=3310"},"modified":"2025-07-12T20:29:38","modified_gmt":"2025-07-12T23:29:38","slug":"prefeitura-de-joinville-regulamenta-a-circulacao-de-bicicletas-eletricas-ciclomotores-e-autopropelidos","status":"publish","type":"post","link":"https:\/\/1075fm.com.br\/site\/prefeitura-de-joinville-regulamenta-a-circulacao-de-bicicletas-eletricas-ciclomotores-e-autopropelidos\/","title":{"rendered":"Prefeitura de Joinville regulamenta a circula\u00e7\u00e3o de bicicletas el\u00e9tricas, ciclomotores e autopropelidos"},"content":{"rendered":"<p>A Prefeitura de Joinville publicou, no Di\u00e1rio Oficial desta quinta-feira (10), o Decreto 67.575, que regulamenta a circula\u00e7\u00e3o de bicicletas el\u00e9tricas, ciclomotores e autopropelidos nas vias urbanas do munic\u00edpio.<\/p>\n<p>\u201cA regulamenta\u00e7\u00e3o da circula\u00e7\u00e3o destes equipamentos \u00e9 necess\u00e1ria levando em conta a grande quantidade desses equipamentos pela cidade. Cabe ressaltar que a Prefeitura de Joinville n\u00e3o \u00e9 contra esses meios de transporte, apenas quer organizar, para a seguran\u00e7a dos pr\u00f3prios usu\u00e1rios\u201d, afirma o presidente do Departamento de Tr\u00e2nsito de Joinville, Paulo Rog\u00e9rio Rigo.<\/p>\n<h2>Entenda a diferen\u00e7a entre bicicleta el\u00e9trica, autopropelidos e ciclomotores<\/h2>\n<p><img fetchpriority=\"high\" decoding=\"async\" class=\"alignnone wp-image-3313 size-full\" src=\"https:\/\/1075fm.com.br\/site\/wp-content\/uploads\/2025\/07\/MOBI2.png\" alt=\"\" width=\"921\" height=\"620\" srcset=\"https:\/\/1075fm.com.br\/site\/wp-content\/uploads\/2025\/07\/MOBI2.png 921w, https:\/\/1075fm.com.br\/site\/wp-content\/uploads\/2025\/07\/MOBI2-300x202.png 300w, https:\/\/1075fm.com.br\/site\/wp-content\/uploads\/2025\/07\/MOBI2-768x517.png 768w\" sizes=\"(max-width: 921px) 100vw, 921px\" \/><\/p>\n<p><strong>Bicicleta el\u00e9trica<\/strong>: As bicicletas el\u00e9tricas n\u00e3o possuem acelerador e a velocidade m\u00e1xima \u00e9 de 32 km\/h. Al\u00e9m disso, o motor auxiliar tem pot\u00eancia m\u00e1xima de at\u00e9 1000 watts. Elas possuem sistema de pedal que ajuda no impulsionamento. S\u00e3o equipamentos obrigat\u00f3rios: indicador ou limitador de velocidade, sinaliza\u00e7\u00e3o noturna dianteira, traseira, lateral e nos pedais, espelho retrovisor do lado esquerdo, pneus em condi\u00e7\u00f5es m\u00ednimas de seguran\u00e7a. O uso de capacetes \u00e9 recomendado.<\/p>\n<p><img decoding=\"async\" class=\"alignnone wp-image-3314 size-full\" src=\"https:\/\/1075fm.com.br\/site\/wp-content\/uploads\/2025\/07\/AUTOPROPELIDO.png\" alt=\"\" width=\"943\" height=\"827\" srcset=\"https:\/\/1075fm.com.br\/site\/wp-content\/uploads\/2025\/07\/AUTOPROPELIDO.png 943w, https:\/\/1075fm.com.br\/site\/wp-content\/uploads\/2025\/07\/AUTOPROPELIDO-300x263.png 300w, https:\/\/1075fm.com.br\/site\/wp-content\/uploads\/2025\/07\/AUTOPROPELIDO-768x674.png 768w\" sizes=\"(max-width: 943px) 100vw, 943px\" \/><\/p>\n<p><strong>Autopropelidos<\/strong>: Assim como nas bicicletas el\u00e9tricas, a pot\u00eancia m\u00e1xima tamb\u00e9m \u00e9 de 1000 watts e a velocidade de at\u00e9 32 km\/h. Por\u00e9m, o comprimento m\u00e1ximo do guid\u00e3o \u00e9 de 70 cent\u00edmetros e a dist\u00e2ncia limite entre os dois eixos (rodas) \u00e9 de 1,30 metro. S\u00e3o considerados equipamentos obrigat\u00f3rios o indicador ou limitador de velocidade, campainha, sinaliza\u00e7\u00e3o noturna dianteira, traseira e lateral. O capacete \u00e9 recomendado.<\/p>\n<p><img decoding=\"async\" class=\"alignnone wp-image-3315 size-full\" src=\"https:\/\/1075fm.com.br\/site\/wp-content\/uploads\/2025\/07\/MOBI3.png\" alt=\"\" width=\"911\" height=\"684\" srcset=\"https:\/\/1075fm.com.br\/site\/wp-content\/uploads\/2025\/07\/MOBI3.png 911w, https:\/\/1075fm.com.br\/site\/wp-content\/uploads\/2025\/07\/MOBI3-300x225.png 300w, https:\/\/1075fm.com.br\/site\/wp-content\/uploads\/2025\/07\/MOBI3-768x577.png 768w\" sizes=\"(max-width: 911px) 100vw, 911px\" \/><\/p>\n<p><strong>Ciclomotores:<\/strong>\u00a0Estes ve\u00edculos possuem pot\u00eancia de at\u00e9 50 cilindradas ou at\u00e9 4000 watts. A velocidade tamb\u00e9m \u00e9 de at\u00e9 50 km\/h. Neste caso s\u00e3o obrigat\u00f3rios os espelhos retrovisores de ambos os lados, veloc\u00edmetro, buzina, farol dianteiro e lanterna traseira. Pneus em condi\u00e7\u00f5es m\u00ednimas de seguran\u00e7a. Tanto o condutor, quanto o passageiro devem usar capacete, conforme resolu\u00e7\u00e3o do Contran<\/p>\n<h3>Como fica a circula\u00e7\u00e3o de bicicletas el\u00e9tricas, autopropelidos e ciclomotores em Joinville<\/h3>\n<p>Para as bicicletas el\u00e9tricas e autopropelidos, a circula\u00e7\u00e3o ser\u00e1 permitida em ciclovias e ciclofaixas, respeitado o limite de velocidade do local. Se n\u00e3o houver sinaliza\u00e7\u00e3o local, a velocidade m\u00e1xima em ciclovias e ciclofaixas ser\u00e1 de 20 km\/h.<\/p>\n<p>Quando n\u00e3o houver ciclovia, ciclofaixa e acostamento, ou quando n\u00e3o for poss\u00edvel a utiliza\u00e7\u00e3o destes, a circula\u00e7\u00e3o nas vias urbanas de pista dupla deve ser realizada nos bordos da pista de rolamento, com prefer\u00eancia sobre os ve\u00edculos automotores. \u00c9 proibida a circula\u00e7\u00e3o na contram\u00e3o da via e na faixa de \u00f4nibus.<\/p>\n<p>Quando uma via comportar duas ou mais faixas de tr\u00e2nsito e a da direita for destinada ao uso exclusivo de outro tipo de ve\u00edculo, como \u00f4nibus, por exemplo, os autopropelidos dever\u00e3o circular pela faixa ao lado da direita. No caso da rua Dr. Jo\u00e3o Colin, ou Blumenau, por exemplo, seria pela faixa do meio, alinhado \u00e0 faixa da direita.<\/p>\n<p>\u00c9 proibida a circula\u00e7\u00e3o de autopropelidos e bicicletas el\u00e9tricas em cal\u00e7adas e \u00e1reas de circula\u00e7\u00e3o de pedestres, exceto quando houver sinaliza\u00e7\u00e3o autorizando a circula\u00e7\u00e3o compartilhada, limitada \u00e0 velocidade m\u00e1xima de 6 km\/h.<\/p>\n<p>Quando necess\u00e1ria a passagem em \u00e1rea de circula\u00e7\u00e3o de pedestres, para fins de travessia, em faixas de pedestres, estacionamento ou qualquer outro fim, o autopropelido ou bicicleta el\u00e9trica dever\u00e1 ser conduzida pelo condutor na condi\u00e7\u00e3o de pedestre, ou seja, ele deve descer e empurrar o equipamento.<\/p>\n<p>A circula\u00e7\u00e3o de ciclomotores fica restrita \u00e0s pistas de rolamento, respeitado o limite de velocidade do local. Onde n\u00e3o existir sinaliza\u00e7\u00e3o regulamentadora, a velocidade m\u00e1xima ser\u00e1 de 30km\/h nas vias locais e de 40km\/h nas vias coletoras e arteriais.<\/p>\n<p>\u00c9 proibida a circula\u00e7\u00e3o de ciclomotores em ciclovias, ciclofaixas, cal\u00e7adas e demais \u00e1reas destinadas exclusivamente a ciclistas e pedestres como cal\u00e7ad\u00f5es, passeios, faixas de pedestre.<\/p>\n<p>Os ciclomotores devem ser conduzidos pela direita da pista de rolamento, preferencialmente no centro da faixa mais \u00e0 direita ou no bordo direito da pista. \u00c9 proibida a circula\u00e7\u00e3o de ciclomotores na faixa exclusiva de \u00f4nibus.<\/p>\n<p>A condu\u00e7\u00e3o de ciclomotor exige habilita\u00e7\u00e3o na categoria A ou Autoriza\u00e7\u00e3o para Conduzir Ciclomotor (ACC), conforme artigo 141 do C\u00f3digo de Tr\u00e2nsito Brasileiro (CTB). Os ciclomotores tamb\u00e9m dever\u00e3o possuir registro e licenciamento do ve\u00edculo. O prazo para o registro e licenciamento encerra no dia 31 de dezembro deste ano e dever\u00e1 ser feito junto ao Departamento de Tr\u00e2nsito Estadual.<\/p>\n<p>O condutor e passageiro de ciclomotor dever\u00e3o utilizar capacete de seguran\u00e7a, com viseira ou \u00f3culos protetores, e vestu\u00e1rio de prote\u00e7\u00e3o, conforme os artigos 54 e 55 do CTB.<\/p>\n<h4>Estacionamento dos equipamentos de mobilidade individual em Joinville<\/h4>\n<p>O estacionamento de autopropelidos e bicicletas el\u00e9tricas ser\u00e1 permitido nos seguintes locais: em paraciclos e biciclet\u00e1rios; em \u00e1reas espec\u00edficas regulamentadas pela autoridade de tr\u00e2nsito municipal; em cal\u00e7ad\u00f5es, pra\u00e7as, parques e \u00e1reas p\u00fablicas de lazer, desde que n\u00e3o obstrua a passagem de pedestres, pessoa com defici\u00eancia ou mobilidade reduzida.<\/p>\n<p>O estacionamento de ciclomotores ser\u00e1 permitido apenas nas vagas destinadas a motocicletas e ciclomotores, sendo proibido estacionar em \u00e1reas de circula\u00e7\u00e3o de pedestres bem como nas ciclovias, ciclofaixas e ciclorrotas.<\/p>\n<p>&nbsp;<\/p>\n<p>Com informa\u00e7\u00f5es <a href=\"https:\/\/www.joinville.sc.gov.br\/noticias\/prefeitura-de-joinville-regulamenta-a-circulacao-de-bicicletas-eletricas-ciclomotores-e-autopropelidos\/\">Prefeitura de Joinville<\/a>.<\/p>\n","protected":false},"excerpt":{"rendered":"<p>A Prefeitura de Joinville publicou, no Di\u00e1rio Oficial desta quinta-feira (10), o Decreto 67.575, que regulamenta a circula\u00e7\u00e3o de bicicletas el\u00e9tricas, ciclomotores e autopropelidos nas vias urbanas do munic\u00edpio. \u201cA regulamenta\u00e7\u00e3o da circula\u00e7\u00e3o destes equipamentos \u00e9 necess\u00e1ria levando em conta a grande quantidade desses equipamentos pela cidade. Cabe ressaltar que a Prefeitura de Joinville n\u00e3o [&hellip;]<\/p>\n","protected":false},"author":2,"featured_media":3312,"comment_status":"open","ping_status":"open","sticky":false,"template":"","format":"standard","meta":{"_acf_changed":false,"h5ap_radio_sources":[],"footnotes":""},"categories":[1],"tags":[],"class_list":["post-3310","post","type-post","status-publish","format-standard","has-post-thumbnail","hentry","category-sem-categoria"],"acf":[],"yoast_head":"<!-- This site is optimized with the Yoast SEO plugin v24.4 - https:\/\/yoast.com\/wordpress\/plugins\/seo\/ -->\n<title>Prefeitura de Joinville regulamenta a circula\u00e7\u00e3o de bicicletas el\u00e9tricas, ciclomotores e autopropelidos - R\u00e1dio 107,5 FM Simplesmente Diferente<\/title>\n<meta name=\"robots\" content=\"index, follow, max-snippet:-1, max-image-preview:large, max-video-preview:-1\" \/>\n<link rel=\"canonical\" href=\"https:\/\/1075fm.com.br\/site\/prefeitura-de-joinville-regulamenta-a-circulacao-de-bicicletas-eletricas-ciclomotores-e-autopropelidos\/\" \/>\n<meta property=\"og:locale\" content=\"pt_BR\" \/>\n<meta property=\"og:type\" content=\"article\" \/>\n<meta property=\"og:title\" content=\"Prefeitura de Joinville regulamenta a circula\u00e7\u00e3o de bicicletas el\u00e9tricas, ciclomotores e autopropelidos - R\u00e1dio 107,5 FM Simplesmente Diferente\" \/>\n<meta property=\"og:description\" content=\"A Prefeitura de Joinville publicou, no Di\u00e1rio Oficial desta quinta-feira (10), o Decreto 67.575, que regulamenta a circula\u00e7\u00e3o de bicicletas el\u00e9tricas, ciclomotores e autopropelidos nas vias urbanas do munic\u00edpio. \u201cA regulamenta\u00e7\u00e3o da circula\u00e7\u00e3o destes equipamentos \u00e9 necess\u00e1ria levando em conta a grande quantidade desses equipamentos pela cidade. Cabe ressaltar que a Prefeitura de Joinville n\u00e3o [&hellip;]\" \/>\n<meta property=\"og:url\" content=\"https:\/\/1075fm.com.br\/site\/prefeitura-de-joinville-regulamenta-a-circulacao-de-bicicletas-eletricas-ciclomotores-e-autopropelidos\/\" \/>\n<meta property=\"og:site_name\" content=\"R\u00e1dio 107,5 FM Simplesmente Diferente\" \/>\n<meta property=\"article:published_time\" content=\"2025-07-11T22:51:28+00:00\" \/>\n<meta property=\"article:modified_time\" content=\"2025-07-12T23:29:38+00:00\" \/>\n<meta property=\"og:image\" content=\"https:\/\/1075fm.com.br\/site\/wp-content\/uploads\/2025\/07\/regulamentacao.jpg\" \/>\n\t<meta property=\"og:image:width\" content=\"955\" \/>\n\t<meta property=\"og:image:height\" content=\"491\" \/>\n\t<meta property=\"og:image:type\" content=\"image\/jpeg\" \/>\n<meta name=\"author\" content=\"demetrio\" \/>\n<meta name=\"twitter:card\" content=\"summary_large_image\" \/>\n<meta name=\"twitter:label1\" content=\"Escrito por\" \/>\n\t<meta name=\"twitter:data1\" content=\"demetrio\" \/>\n\t<meta name=\"twitter:label2\" content=\"Est. tempo de leitura\" \/>\n\t<meta name=\"twitter:data2\" content=\"6 minutos\" \/>\n<script type=\"application\/ld+json\" class=\"yoast-schema-graph\">{\"@context\":\"https:\/\/schema.org\",\"@graph\":[{\"@type\":\"WebPage\",\"@id\":\"https:\/\/1075fm.com.br\/site\/prefeitura-de-joinville-regulamenta-a-circulacao-de-bicicletas-eletricas-ciclomotores-e-autopropelidos\/\",\"url\":\"https:\/\/1075fm.com.br\/site\/prefeitura-de-joinville-regulamenta-a-circulacao-de-bicicletas-eletricas-ciclomotores-e-autopropelidos\/\",\"name\":\"Prefeitura de Joinville regulamenta a circula\u00e7\u00e3o de bicicletas el\u00e9tricas, ciclomotores e autopropelidos - R\u00e1dio 107,5 FM Simplesmente Diferente\",\"isPartOf\":{\"@id\":\"https:\/\/1075fm.com.br\/site\/#website\"},\"primaryImageOfPage\":{\"@id\":\"https:\/\/1075fm.com.br\/site\/prefeitura-de-joinville-regulamenta-a-circulacao-de-bicicletas-eletricas-ciclomotores-e-autopropelidos\/#primaryimage\"},\"image\":{\"@id\":\"https:\/\/1075fm.com.br\/site\/prefeitura-de-joinville-regulamenta-a-circulacao-de-bicicletas-eletricas-ciclomotores-e-autopropelidos\/#primaryimage\"},\"thumbnailUrl\":\"https:\/\/1075fm.com.br\/site\/wp-content\/uploads\/2025\/07\/regulamentacao.jpg\",\"datePublished\":\"2025-07-11T22:51:28+00:00\",\"dateModified\":\"2025-07-12T23:29:38+00:00\",\"author\":{\"@id\":\"https:\/\/1075fm.com.br\/site\/#\/schema\/person\/592f97625e8fc4a064502324aa4a3a26\"},\"breadcrumb\":{\"@id\":\"https:\/\/1075fm.com.br\/site\/prefeitura-de-joinville-regulamenta-a-circulacao-de-bicicletas-eletricas-ciclomotores-e-autopropelidos\/#breadcrumb\"},\"inLanguage\":\"pt-BR\",\"potentialAction\":[{\"@type\":\"ReadAction\",\"target\":[\"https:\/\/1075fm.com.br\/site\/prefeitura-de-joinville-regulamenta-a-circulacao-de-bicicletas-eletricas-ciclomotores-e-autopropelidos\/\"]}]},{\"@type\":\"ImageObject\",\"inLanguage\":\"pt-BR\",\"@id\":\"https:\/\/1075fm.com.br\/site\/prefeitura-de-joinville-regulamenta-a-circulacao-de-bicicletas-eletricas-ciclomotores-e-autopropelidos\/#primaryimage\",\"url\":\"https:\/\/1075fm.com.br\/site\/wp-content\/uploads\/2025\/07\/regulamentacao.jpg\",\"contentUrl\":\"https:\/\/1075fm.com.br\/site\/wp-content\/uploads\/2025\/07\/regulamentacao.jpg\",\"width\":955,\"height\":491},{\"@type\":\"BreadcrumbList\",\"@id\":\"https:\/\/1075fm.com.br\/site\/prefeitura-de-joinville-regulamenta-a-circulacao-de-bicicletas-eletricas-ciclomotores-e-autopropelidos\/#breadcrumb\",\"itemListElement\":[{\"@type\":\"ListItem\",\"position\":1,\"name\":\"In\u00edcio\",\"item\":\"https:\/\/1075fm.com.br\/site\/\"},{\"@type\":\"ListItem\",\"position\":2,\"name\":\"Prefeitura de Joinville regulamenta a circula\u00e7\u00e3o de bicicletas el\u00e9tricas, ciclomotores e autopropelidos\"}]},{\"@type\":\"WebSite\",\"@id\":\"https:\/\/1075fm.com.br\/site\/#website\",\"url\":\"https:\/\/1075fm.com.br\/site\/\",\"name\":\"R\u00e1dio 107,5 FM Simplesmente Diferente\",\"description\":\"\",\"potentialAction\":[{\"@type\":\"SearchAction\",\"target\":{\"@type\":\"EntryPoint\",\"urlTemplate\":\"https:\/\/1075fm.com.br\/site\/?s={search_term_string}\"},\"query-input\":{\"@type\":\"PropertyValueSpecification\",\"valueRequired\":true,\"valueName\":\"search_term_string\"}}],\"inLanguage\":\"pt-BR\"},{\"@type\":\"Person\",\"@id\":\"https:\/\/1075fm.com.br\/site\/#\/schema\/person\/592f97625e8fc4a064502324aa4a3a26\",\"name\":\"demetrio\",\"image\":{\"@type\":\"ImageObject\",\"inLanguage\":\"pt-BR\",\"@id\":\"https:\/\/1075fm.com.br\/site\/#\/schema\/person\/image\/\",\"url\":\"https:\/\/secure.gravatar.com\/avatar\/31b4e5789076195b7ac5f73e9b612d5cf2dbf52e6948c7b8269e7830d983413c?s=96&d=mm&r=g\",\"contentUrl\":\"https:\/\/secure.gravatar.com\/avatar\/31b4e5789076195b7ac5f73e9b612d5cf2dbf52e6948c7b8269e7830d983413c?s=96&d=mm&r=g\",\"caption\":\"demetrio\"},\"url\":\"https:\/\/1075fm.com.br\/site\/author\/demetrio\/\"}]}<\/script>\n<!-- \/ Yoast SEO plugin. -->","yoast_head_json":{"title":"Prefeitura de Joinville regulamenta a circula\u00e7\u00e3o de bicicletas el\u00e9tricas, ciclomotores e autopropelidos - R\u00e1dio 107,5 FM Simplesmente Diferente","robots":{"index":"index","follow":"follow","max-snippet":"max-snippet:-1","max-image-preview":"max-image-preview:large","max-video-preview":"max-video-preview:-1"},"canonical":"https:\/\/1075fm.com.br\/site\/prefeitura-de-joinville-regulamenta-a-circulacao-de-bicicletas-eletricas-ciclomotores-e-autopropelidos\/","og_locale":"pt_BR","og_type":"article","og_title":"Prefeitura de Joinville regulamenta a circula\u00e7\u00e3o de bicicletas el\u00e9tricas, ciclomotores e autopropelidos - R\u00e1dio 107,5 FM Simplesmente Diferente","og_description":"A Prefeitura de Joinville publicou, no Di\u00e1rio Oficial desta quinta-feira (10), o Decreto 67.575, que regulamenta a circula\u00e7\u00e3o de bicicletas el\u00e9tricas, ciclomotores e autopropelidos nas vias urbanas do munic\u00edpio. \u201cA regulamenta\u00e7\u00e3o da circula\u00e7\u00e3o destes equipamentos \u00e9 necess\u00e1ria levando em conta a grande quantidade desses equipamentos pela cidade. Cabe ressaltar que a Prefeitura de Joinville n\u00e3o [&hellip;]","og_url":"https:\/\/1075fm.com.br\/site\/prefeitura-de-joinville-regulamenta-a-circulacao-de-bicicletas-eletricas-ciclomotores-e-autopropelidos\/","og_site_name":"R\u00e1dio 107,5 FM Simplesmente Diferente","article_published_time":"2025-07-11T22:51:28+00:00","article_modified_time":"2025-07-12T23:29:38+00:00","og_image":[{"width":955,"height":491,"url":"https:\/\/1075fm.com.br\/site\/wp-content\/uploads\/2025\/07\/regulamentacao.jpg","type":"image\/jpeg"}],"author":"demetrio","twitter_card":"summary_large_image","twitter_misc":{"Escrito por":"demetrio","Est. tempo de leitura":"6 minutos"},"schema":{"@context":"https:\/\/schema.org","@graph":[{"@type":"WebPage","@id":"https:\/\/1075fm.com.br\/site\/prefeitura-de-joinville-regulamenta-a-circulacao-de-bicicletas-eletricas-ciclomotores-e-autopropelidos\/","url":"https:\/\/1075fm.com.br\/site\/prefeitura-de-joinville-regulamenta-a-circulacao-de-bicicletas-eletricas-ciclomotores-e-autopropelidos\/","name":"Prefeitura de Joinville regulamenta a circula\u00e7\u00e3o de bicicletas el\u00e9tricas, ciclomotores e autopropelidos - R\u00e1dio 107,5 FM Simplesmente Diferente","isPartOf":{"@id":"https:\/\/1075fm.com.br\/site\/#website"},"primaryImageOfPage":{"@id":"https:\/\/1075fm.com.br\/site\/prefeitura-de-joinville-regulamenta-a-circulacao-de-bicicletas-eletricas-ciclomotores-e-autopropelidos\/#primaryimage"},"image":{"@id":"https:\/\/1075fm.com.br\/site\/prefeitura-de-joinville-regulamenta-a-circulacao-de-bicicletas-eletricas-ciclomotores-e-autopropelidos\/#primaryimage"},"thumbnailUrl":"https:\/\/1075fm.com.br\/site\/wp-content\/uploads\/2025\/07\/regulamentacao.jpg","datePublished":"2025-07-11T22:51:28+00:00","dateModified":"2025-07-12T23:29:38+00:00","author":{"@id":"https:\/\/1075fm.com.br\/site\/#\/schema\/person\/592f97625e8fc4a064502324aa4a3a26"},"breadcrumb":{"@id":"https:\/\/1075fm.com.br\/site\/prefeitura-de-joinville-regulamenta-a-circulacao-de-bicicletas-eletricas-ciclomotores-e-autopropelidos\/#breadcrumb"},"inLanguage":"pt-BR","potentialAction":[{"@type":"ReadAction","target":["https:\/\/1075fm.com.br\/site\/prefeitura-de-joinville-regulamenta-a-circulacao-de-bicicletas-eletricas-ciclomotores-e-autopropelidos\/"]}]},{"@type":"ImageObject","inLanguage":"pt-BR","@id":"https:\/\/1075fm.com.br\/site\/prefeitura-de-joinville-regulamenta-a-circulacao-de-bicicletas-eletricas-ciclomotores-e-autopropelidos\/#primaryimage","url":"https:\/\/1075fm.com.br\/site\/wp-content\/uploads\/2025\/07\/regulamentacao.jpg","contentUrl":"https:\/\/1075fm.com.br\/site\/wp-content\/uploads\/2025\/07\/regulamentacao.jpg","width":955,"height":491},{"@type":"BreadcrumbList","@id":"https:\/\/1075fm.com.br\/site\/prefeitura-de-joinville-regulamenta-a-circulacao-de-bicicletas-eletricas-ciclomotores-e-autopropelidos\/#breadcrumb","itemListElement":[{"@type":"ListItem","position":1,"name":"In\u00edcio","item":"https:\/\/1075fm.com.br\/site\/"},{"@type":"ListItem","position":2,"name":"Prefeitura de Joinville regulamenta a circula\u00e7\u00e3o de bicicletas el\u00e9tricas, ciclomotores e autopropelidos"}]},{"@type":"WebSite","@id":"https:\/\/1075fm.com.br\/site\/#website","url":"https:\/\/1075fm.com.br\/site\/","name":"R\u00e1dio 107,5 FM Simplesmente Diferente","description":"","potentialAction":[{"@type":"SearchAction","target":{"@type":"EntryPoint","urlTemplate":"https:\/\/1075fm.com.br\/site\/?s={search_term_string}"},"query-input":{"@type":"PropertyValueSpecification","valueRequired":true,"valueName":"search_term_string"}}],"inLanguage":"pt-BR"},{"@type":"Person","@id":"https:\/\/1075fm.com.br\/site\/#\/schema\/person\/592f97625e8fc4a064502324aa4a3a26","name":"demetrio","image":{"@type":"ImageObject","inLanguage":"pt-BR","@id":"https:\/\/1075fm.com.br\/site\/#\/schema\/person\/image\/","url":"https:\/\/secure.gravatar.com\/avatar\/31b4e5789076195b7ac5f73e9b612d5cf2dbf52e6948c7b8269e7830d983413c?s=96&d=mm&r=g","contentUrl":"https:\/\/secure.gravatar.com\/avatar\/31b4e5789076195b7ac5f73e9b612d5cf2dbf52e6948c7b8269e7830d983413c?s=96&d=mm&r=g","caption":"demetrio"},"url":"https:\/\/1075fm.com.br\/site\/author\/demetrio\/"}]}},"_links":{"self":[{"href":"https:\/\/1075fm.com.br\/site\/wp-json\/wp\/v2\/posts\/3310","targetHints":{"allow":["GET"]}}],"collection":[{"href":"https:\/\/1075fm.com.br\/site\/wp-json\/wp\/v2\/posts"}],"about":[{"href":"https:\/\/1075fm.com.br\/site\/wp-json\/wp\/v2\/types\/post"}],"author":[{"embeddable":true,"href":"https:\/\/1075fm.com.br\/site\/wp-json\/wp\/v2\/users\/2"}],"replies":[{"embeddable":true,"href":"https:\/\/1075fm.com.br\/site\/wp-json\/wp\/v2\/comments?post=3310"}],"version-history":[{"count":1,"href":"https:\/\/1075fm.com.br\/site\/wp-json\/wp\/v2\/posts\/3310\/revisions"}],"predecessor-version":[{"id":3316,"href":"https:\/\/1075fm.com.br\/site\/wp-json\/wp\/v2\/posts\/3310\/revisions\/3316"}],"wp:featuredmedia":[{"embeddable":true,"href":"https:\/\/1075fm.com.br\/site\/wp-json\/wp\/v2\/media\/3312"}],"wp:attachment":[{"href":"https:\/\/1075fm.com.br\/site\/wp-json\/wp\/v2\/media?parent=3310"}],"wp:term":[{"taxonomy":"category","embeddable":true,"href":"https:\/\/1075fm.com.br\/site\/wp-json\/wp\/v2\/categories?post=3310"},{"taxonomy":"post_tag","embeddable":true,"href":"https:\/\/1075fm.com.br\/site\/wp-json\/wp\/v2\/tags?post=3310"}],"curies":[{"name":"wp","href":"https:\/\/api.w.org\/{rel}","templated":true}]}}