{"id":3317,"date":"2025-07-12T20:27:58","date_gmt":"2025-07-12T23:27:58","guid":{"rendered":"https:\/\/1075fm.com.br\/site\/?p=3317"},"modified":"2025-07-12T20:27:58","modified_gmt":"2025-07-12T23:27:58","slug":"lancamento-oficial-da-campanha-mcdia-feliz-2025-conta-com-presenca-e-nomeacao-da-ufadville","status":"publish","type":"post","link":"https:\/\/1075fm.com.br\/site\/lancamento-oficial-da-campanha-mcdia-feliz-2025-conta-com-presenca-e-nomeacao-da-ufadville\/","title":{"rendered":"Lan\u00e7amento Oficial da \u201cCampanha McDia Feliz 2025\u201d conta com presen\u00e7a e nomea\u00e7\u00e3o da UFADVILLE"},"content":{"rendered":"<p>No dia 10 de julho, nas depend\u00eancias do Hospital Infantil Dr. Jeser Amarante Faria, em Joinville\/SC, aconteceu o lan\u00e7amento oficial da\u00a0<strong>\u201cCampanha McDia Feliz 2025\u201d<\/strong>, promovida em parceria com o Instituto Ronald McDonald \u2014 uma das maiores mobiliza\u00e7\u00f5es nacionais em prol de crian\u00e7as e adolescentes com c\u00e2ncer.<\/p>\n<p><img fetchpriority=\"high\" decoding=\"async\" class=\"alignnone wp-image-3318 size-full\" src=\"https:\/\/1075fm.com.br\/site\/wp-content\/uploads\/2025\/07\/IMG_2282.jpg\" alt=\"\" width=\"2048\" height=\"1365\" srcset=\"https:\/\/1075fm.com.br\/site\/wp-content\/uploads\/2025\/07\/IMG_2282.jpg 2048w, https:\/\/1075fm.com.br\/site\/wp-content\/uploads\/2025\/07\/IMG_2282-300x200.jpg 300w, https:\/\/1075fm.com.br\/site\/wp-content\/uploads\/2025\/07\/IMG_2282-1024x683.jpg 1024w, https:\/\/1075fm.com.br\/site\/wp-content\/uploads\/2025\/07\/IMG_2282-768x512.jpg 768w, https:\/\/1075fm.com.br\/site\/wp-content\/uploads\/2025\/07\/IMG_2282-1536x1024.jpg 1536w\" sizes=\"(max-width: 2048px) 100vw, 2048px\" \/><\/p>\n<p>Com grande alegria, celebramos a nomea\u00e7\u00e3o da pastora Jana\u00edna Melfior, 2\u00aa coordenadora da <a href=\"https:\/\/ufadville.com.br\/\">UFADVILLE<\/a>, como uma das embaixadoras oficiais da campanha McDia Feliz em Joinville. O convite reconhece o relevante trabalho que ela tem desenvolvido no hospital desde 2020, com o apoio do nosso pastor Presidente S\u00e9rgio Melfior e da irm\u00e3 Maria Helena Melfior, coordenadora geral da UFADVILLE.\u00a0<strong>Entre as a\u00e7\u00f5es realizadas est\u00e3o: servi\u00e7o semanal de volunt\u00e1rias, equipe de conta\u00e7\u00e3o de hist\u00f3rias e bazares solid\u00e1rios.<\/strong><\/p>\n<p><img decoding=\"async\" class=\"alignnone wp-image-3319 size-full\" src=\"https:\/\/1075fm.com.br\/site\/wp-content\/uploads\/2025\/07\/IMG_2278.jpg\" alt=\"\" width=\"2048\" height=\"1365\" srcset=\"https:\/\/1075fm.com.br\/site\/wp-content\/uploads\/2025\/07\/IMG_2278.jpg 2048w, https:\/\/1075fm.com.br\/site\/wp-content\/uploads\/2025\/07\/IMG_2278-300x200.jpg 300w, https:\/\/1075fm.com.br\/site\/wp-content\/uploads\/2025\/07\/IMG_2278-1024x683.jpg 1024w, https:\/\/1075fm.com.br\/site\/wp-content\/uploads\/2025\/07\/IMG_2278-768x512.jpg 768w, https:\/\/1075fm.com.br\/site\/wp-content\/uploads\/2025\/07\/IMG_2278-1536x1024.jpg 1536w\" sizes=\"(max-width: 2048px) 100vw, 2048px\" \/><\/p>\n<p>Em suas palavras, a pastora Jana\u00edna expressou:\u00a0<strong>\u201cQue honra ser embaixadora do McDia Feliz, uma campanha t\u00e3o linda, que salva vidas e leva esperan\u00e7a a tantas crian\u00e7as por meio do Instituto Ronald McDonald. Poder contribuir, de alguma forma, \u00e9 uma alegria imensa. Eu sei, por experi\u00eancia pr\u00f3pria, o quanto \u00e9 importante ter apoio, acolhimento, recursos e estrutura no enfrentamento do c\u00e2ncer. Eu venci o c\u00e2ncer pela gra\u00e7a de Deus \u2014 e voc\u00ea tamb\u00e9m pode vencer. H\u00e1 esperan\u00e7a!\u201d<\/strong><\/p>\n<p><img decoding=\"async\" class=\"alignnone wp-image-3320 size-full\" src=\"https:\/\/1075fm.com.br\/site\/wp-content\/uploads\/2025\/07\/IMG_2274.jpg\" alt=\"\" width=\"2048\" height=\"1365\" srcset=\"https:\/\/1075fm.com.br\/site\/wp-content\/uploads\/2025\/07\/IMG_2274.jpg 2048w, https:\/\/1075fm.com.br\/site\/wp-content\/uploads\/2025\/07\/IMG_2274-300x200.jpg 300w, https:\/\/1075fm.com.br\/site\/wp-content\/uploads\/2025\/07\/IMG_2274-1024x683.jpg 1024w, https:\/\/1075fm.com.br\/site\/wp-content\/uploads\/2025\/07\/IMG_2274-768x512.jpg 768w, https:\/\/1075fm.com.br\/site\/wp-content\/uploads\/2025\/07\/IMG_2274-1536x1024.jpg 1536w\" sizes=\"(max-width: 2048px) 100vw, 2048px\" \/><\/p>\n<p>O evento contou com a presen\u00e7a de autoridades locais, imprensa, volunt\u00e1rios, colaboradores do hospital e embaixadores da causa. Estiveram presentes a vice-prefeita Regiane Gambin \u2014 tamb\u00e9m embaixadora da campanha \u2014, as diretoras do hospital, Sra. Stela e irm\u00e3 Elizabete, al\u00e9m da gerente comercial Kezia, coordenadora da campanha em Joinville.<\/p>\n<p><img loading=\"lazy\" decoding=\"async\" class=\"alignnone wp-image-3321 size-full\" src=\"https:\/\/1075fm.com.br\/site\/wp-content\/uploads\/2025\/07\/IMG_2272.jpg\" alt=\"\" width=\"2048\" height=\"1365\" srcset=\"https:\/\/1075fm.com.br\/site\/wp-content\/uploads\/2025\/07\/IMG_2272.jpg 2048w, https:\/\/1075fm.com.br\/site\/wp-content\/uploads\/2025\/07\/IMG_2272-300x200.jpg 300w, https:\/\/1075fm.com.br\/site\/wp-content\/uploads\/2025\/07\/IMG_2272-1024x683.jpg 1024w, https:\/\/1075fm.com.br\/site\/wp-content\/uploads\/2025\/07\/IMG_2272-768x512.jpg 768w, https:\/\/1075fm.com.br\/site\/wp-content\/uploads\/2025\/07\/IMG_2272-1536x1024.jpg 1536w\" sizes=\"(max-width: 2048px) 100vw, 2048px\" \/><\/p>\n<p>Durante o lan\u00e7amento, foi apresentado o objetivo da edi\u00e7\u00e3o 2025: arrecadar fundos para o projeto de diagn\u00f3stico precoce do c\u00e2ncer infantojuvenil, pois est\u00e1 comprovado que, quanto mais cedo o diagn\u00f3stico, maiores s\u00e3o as chances de cura.<\/p>\n<p><img loading=\"lazy\" decoding=\"async\" class=\"alignnone wp-image-3322 size-full\" src=\"https:\/\/1075fm.com.br\/site\/wp-content\/uploads\/2025\/07\/IMG_2273.jpg\" alt=\"\" width=\"2048\" height=\"1365\" srcset=\"https:\/\/1075fm.com.br\/site\/wp-content\/uploads\/2025\/07\/IMG_2273.jpg 2048w, https:\/\/1075fm.com.br\/site\/wp-content\/uploads\/2025\/07\/IMG_2273-300x200.jpg 300w, https:\/\/1075fm.com.br\/site\/wp-content\/uploads\/2025\/07\/IMG_2273-1024x683.jpg 1024w, https:\/\/1075fm.com.br\/site\/wp-content\/uploads\/2025\/07\/IMG_2273-768x512.jpg 768w, https:\/\/1075fm.com.br\/site\/wp-content\/uploads\/2025\/07\/IMG_2273-1536x1024.jpg 1536w\" sizes=\"(max-width: 2048px) 100vw, 2048px\" \/><\/p>\n<p>A coordenadora Kezia enfatizou que o McDia Feliz\u00a0<strong>\u201c\u00e9 muito mais que um lanche \u2014 \u00e9 transforma\u00e7\u00e3o em forma de recurso para ajudar no tratamento de crian\u00e7as com c\u00e2ncer.\u201d<\/strong>\u00a0A m\u00e9dica pediatra Dra. Deli tamb\u00e9m incentivou a causa com palavras de apoio.<\/p>\n<p><img loading=\"lazy\" decoding=\"async\" class=\"alignnone wp-image-3323 size-full\" src=\"https:\/\/1075fm.com.br\/site\/wp-content\/uploads\/2025\/07\/IMG_2266.jpg\" alt=\"\" width=\"2048\" height=\"1365\" srcset=\"https:\/\/1075fm.com.br\/site\/wp-content\/uploads\/2025\/07\/IMG_2266.jpg 2048w, https:\/\/1075fm.com.br\/site\/wp-content\/uploads\/2025\/07\/IMG_2266-300x200.jpg 300w, https:\/\/1075fm.com.br\/site\/wp-content\/uploads\/2025\/07\/IMG_2266-1024x683.jpg 1024w, https:\/\/1075fm.com.br\/site\/wp-content\/uploads\/2025\/07\/IMG_2266-768x512.jpg 768w, https:\/\/1075fm.com.br\/site\/wp-content\/uploads\/2025\/07\/IMG_2266-1536x1024.jpg 1536w\" sizes=\"(max-width: 2048px) 100vw, 2048px\" \/><\/p>\n<p>Um dos momentos mais emocionantes foi a exibi\u00e7\u00e3o de um v\u00eddeo com testemunhos de tr\u00eas crian\u00e7as que venceram o c\u00e2ncer com o tratamento e acolhimento do hospital. Todas estiveram presentes no evento, acompanhadas de suas fam\u00edlias.<\/p>\n<p><img loading=\"lazy\" decoding=\"async\" class=\"alignnone wp-image-3324 size-full\" src=\"https:\/\/1075fm.com.br\/site\/wp-content\/uploads\/2025\/07\/IMG_2267.jpg\" alt=\"\" width=\"2048\" height=\"1365\" srcset=\"https:\/\/1075fm.com.br\/site\/wp-content\/uploads\/2025\/07\/IMG_2267.jpg 2048w, https:\/\/1075fm.com.br\/site\/wp-content\/uploads\/2025\/07\/IMG_2267-300x200.jpg 300w, https:\/\/1075fm.com.br\/site\/wp-content\/uploads\/2025\/07\/IMG_2267-1024x683.jpg 1024w, https:\/\/1075fm.com.br\/site\/wp-content\/uploads\/2025\/07\/IMG_2267-768x512.jpg 768w, https:\/\/1075fm.com.br\/site\/wp-content\/uploads\/2025\/07\/IMG_2267-1536x1024.jpg 1536w\" sizes=\"(max-width: 2048px) 100vw, 2048px\" \/><\/p>\n<p>Encerrando o encontro, a diretora do hospital entregou a camiseta oficial da campanha aos embaixadores, entre eles a Pra. Jana\u00edna, num gesto de acolhimento e reconhecimento.<\/p>\n<p>&nbsp;<\/p>\n<p>A vice-prefeita Regiane Gambin refor\u00e7ou:\u00a0<strong>\u201cPrecisamos dar visibilidade a esta causa.\u201d<\/strong><\/p>\n<p><img loading=\"lazy\" decoding=\"async\" class=\"alignnone wp-image-3325 size-full\" src=\"https:\/\/1075fm.com.br\/site\/wp-content\/uploads\/2025\/07\/IMG_2270.jpg\" alt=\"\" width=\"2048\" height=\"1365\" srcset=\"https:\/\/1075fm.com.br\/site\/wp-content\/uploads\/2025\/07\/IMG_2270.jpg 2048w, https:\/\/1075fm.com.br\/site\/wp-content\/uploads\/2025\/07\/IMG_2270-300x200.jpg 300w, https:\/\/1075fm.com.br\/site\/wp-content\/uploads\/2025\/07\/IMG_2270-1024x683.jpg 1024w, https:\/\/1075fm.com.br\/site\/wp-content\/uploads\/2025\/07\/IMG_2270-768x512.jpg 768w, https:\/\/1075fm.com.br\/site\/wp-content\/uploads\/2025\/07\/IMG_2270-1536x1024.jpg 1536w\" sizes=\"(max-width: 2048px) 100vw, 2048px\" \/><\/p>\n<p>A irm\u00e3 Elizabete finalizou o evento com palavras de gratid\u00e3o e motiva\u00e7\u00e3o.<\/p>\n<p><img loading=\"lazy\" decoding=\"async\" class=\"alignnone wp-image-3326 size-full\" src=\"https:\/\/1075fm.com.br\/site\/wp-content\/uploads\/2025\/07\/IMG_2271.jpg\" alt=\"\" width=\"2048\" height=\"1365\" srcset=\"https:\/\/1075fm.com.br\/site\/wp-content\/uploads\/2025\/07\/IMG_2271.jpg 2048w, https:\/\/1075fm.com.br\/site\/wp-content\/uploads\/2025\/07\/IMG_2271-300x200.jpg 300w, https:\/\/1075fm.com.br\/site\/wp-content\/uploads\/2025\/07\/IMG_2271-1024x683.jpg 1024w, https:\/\/1075fm.com.br\/site\/wp-content\/uploads\/2025\/07\/IMG_2271-768x512.jpg 768w, https:\/\/1075fm.com.br\/site\/wp-content\/uploads\/2025\/07\/IMG_2271-1536x1024.jpg 1536w\" sizes=\"(max-width: 2048px) 100vw, 2048px\" \/><\/p>\n<p><strong>A <a href=\"https:\/\/ieadjo.com\/\">IEADJO<\/a>, por meio da UFADVILLE, se alegra por fazer parte desta causa t\u00e3o nobre. Cada gesto de amor se transforma em b\u00ean\u00e7\u00e3o \u2014 e o Nome do Senhor \u00e9 glorificado.<\/strong><\/p>\n<p>&nbsp;<\/p>\n<p>\u201cNisto conhecer\u00e3o todos que sois meus disc\u00edpulos, se vos amardes uns aos outros.\u201d<\/p>\n<p>(Jo\u00e3o 13.35)<\/p>\n<p>&nbsp;<\/p>\n<p><strong>*Por Katiuscia Carlesso &#8211; L\u00edder de Comunica\u00e7\u00e3o da UFADVILLE.<\/strong><\/p>\n","protected":false},"excerpt":{"rendered":"<p>No dia 10 de julho, nas depend\u00eancias do Hospital Infantil Dr. Jeser Amarante Faria, em Joinville\/SC, aconteceu o lan\u00e7amento oficial da\u00a0\u201cCampanha McDia Feliz 2025\u201d, promovida em parceria com o Instituto Ronald McDonald \u2014 uma das maiores mobiliza\u00e7\u00f5es nacionais em prol de crian\u00e7as e adolescentes com c\u00e2ncer. Com grande alegria, celebramos a nomea\u00e7\u00e3o da pastora Jana\u00edna [&hellip;]<\/p>\n","protected":false},"author":2,"featured_media":3327,"comment_status":"open","ping_status":"open","sticky":false,"template":"","format":"standard","meta":{"_acf_changed":false,"h5ap_radio_sources":[],"footnotes":""},"categories":[1],"tags":[],"class_list":["post-3317","post","type-post","status-publish","format-standard","has-post-thumbnail","hentry","category-sem-categoria"],"acf":[],"yoast_head":"<!-- This site is optimized with the Yoast SEO plugin v24.4 - https:\/\/yoast.com\/wordpress\/plugins\/seo\/ -->\n<title>Lan\u00e7amento Oficial da \u201cCampanha McDia Feliz 2025\u201d conta com presen\u00e7a e nomea\u00e7\u00e3o da UFADVILLE - R\u00e1dio 107,5 FM Simplesmente Diferente<\/title>\n<meta name=\"robots\" content=\"index, follow, max-snippet:-1, max-image-preview:large, max-video-preview:-1\" \/>\n<link rel=\"canonical\" href=\"https:\/\/1075fm.com.br\/site\/lancamento-oficial-da-campanha-mcdia-feliz-2025-conta-com-presenca-e-nomeacao-da-ufadville\/\" \/>\n<meta property=\"og:locale\" content=\"pt_BR\" \/>\n<meta property=\"og:type\" content=\"article\" \/>\n<meta property=\"og:title\" content=\"Lan\u00e7amento Oficial da \u201cCampanha McDia Feliz 2025\u201d conta com presen\u00e7a e nomea\u00e7\u00e3o da UFADVILLE - R\u00e1dio 107,5 FM Simplesmente Diferente\" \/>\n<meta property=\"og:description\" content=\"No dia 10 de julho, nas depend\u00eancias do Hospital Infantil Dr. Jeser Amarante Faria, em Joinville\/SC, aconteceu o lan\u00e7amento oficial da\u00a0\u201cCampanha McDia Feliz 2025\u201d, promovida em parceria com o Instituto Ronald McDonald \u2014 uma das maiores mobiliza\u00e7\u00f5es nacionais em prol de crian\u00e7as e adolescentes com c\u00e2ncer. Com grande alegria, celebramos a nomea\u00e7\u00e3o da pastora Jana\u00edna [&hellip;]\" \/>\n<meta property=\"og:url\" content=\"https:\/\/1075fm.com.br\/site\/lancamento-oficial-da-campanha-mcdia-feliz-2025-conta-com-presenca-e-nomeacao-da-ufadville\/\" \/>\n<meta property=\"og:site_name\" content=\"R\u00e1dio 107,5 FM Simplesmente Diferente\" \/>\n<meta property=\"article:published_time\" content=\"2025-07-12T23:27:58+00:00\" \/>\n<meta property=\"og:image\" content=\"https:\/\/1075fm.com.br\/site\/wp-content\/uploads\/2025\/07\/IMG_2269.jpg\" \/>\n\t<meta property=\"og:image:width\" content=\"2048\" \/>\n\t<meta property=\"og:image:height\" content=\"1365\" \/>\n\t<meta property=\"og:image:type\" content=\"image\/jpeg\" \/>\n<meta name=\"author\" content=\"demetrio\" \/>\n<meta name=\"twitter:card\" content=\"summary_large_image\" \/>\n<meta name=\"twitter:label1\" content=\"Escrito por\" \/>\n\t<meta name=\"twitter:data1\" content=\"demetrio\" \/>\n\t<meta name=\"twitter:label2\" content=\"Est. tempo de leitura\" \/>\n\t<meta name=\"twitter:data2\" content=\"5 minutos\" \/>\n<script type=\"application\/ld+json\" class=\"yoast-schema-graph\">{\"@context\":\"https:\/\/schema.org\",\"@graph\":[{\"@type\":\"WebPage\",\"@id\":\"https:\/\/1075fm.com.br\/site\/lancamento-oficial-da-campanha-mcdia-feliz-2025-conta-com-presenca-e-nomeacao-da-ufadville\/\",\"url\":\"https:\/\/1075fm.com.br\/site\/lancamento-oficial-da-campanha-mcdia-feliz-2025-conta-com-presenca-e-nomeacao-da-ufadville\/\",\"name\":\"Lan\u00e7amento Oficial da \u201cCampanha McDia Feliz 2025\u201d conta com presen\u00e7a e nomea\u00e7\u00e3o da UFADVILLE - R\u00e1dio 107,5 FM Simplesmente Diferente\",\"isPartOf\":{\"@id\":\"https:\/\/1075fm.com.br\/site\/#website\"},\"primaryImageOfPage\":{\"@id\":\"https:\/\/1075fm.com.br\/site\/lancamento-oficial-da-campanha-mcdia-feliz-2025-conta-com-presenca-e-nomeacao-da-ufadville\/#primaryimage\"},\"image\":{\"@id\":\"https:\/\/1075fm.com.br\/site\/lancamento-oficial-da-campanha-mcdia-feliz-2025-conta-com-presenca-e-nomeacao-da-ufadville\/#primaryimage\"},\"thumbnailUrl\":\"https:\/\/1075fm.com.br\/site\/wp-content\/uploads\/2025\/07\/IMG_2269.jpg\",\"datePublished\":\"2025-07-12T23:27:58+00:00\",\"author\":{\"@id\":\"https:\/\/1075fm.com.br\/site\/#\/schema\/person\/592f97625e8fc4a064502324aa4a3a26\"},\"breadcrumb\":{\"@id\":\"https:\/\/1075fm.com.br\/site\/lancamento-oficial-da-campanha-mcdia-feliz-2025-conta-com-presenca-e-nomeacao-da-ufadville\/#breadcrumb\"},\"inLanguage\":\"pt-BR\",\"potentialAction\":[{\"@type\":\"ReadAction\",\"target\":[\"https:\/\/1075fm.com.br\/site\/lancamento-oficial-da-campanha-mcdia-feliz-2025-conta-com-presenca-e-nomeacao-da-ufadville\/\"]}]},{\"@type\":\"ImageObject\",\"inLanguage\":\"pt-BR\",\"@id\":\"https:\/\/1075fm.com.br\/site\/lancamento-oficial-da-campanha-mcdia-feliz-2025-conta-com-presenca-e-nomeacao-da-ufadville\/#primaryimage\",\"url\":\"https:\/\/1075fm.com.br\/site\/wp-content\/uploads\/2025\/07\/IMG_2269.jpg\",\"contentUrl\":\"https:\/\/1075fm.com.br\/site\/wp-content\/uploads\/2025\/07\/IMG_2269.jpg\",\"width\":2048,\"height\":1365},{\"@type\":\"BreadcrumbList\",\"@id\":\"https:\/\/1075fm.com.br\/site\/lancamento-oficial-da-campanha-mcdia-feliz-2025-conta-com-presenca-e-nomeacao-da-ufadville\/#breadcrumb\",\"itemListElement\":[{\"@type\":\"ListItem\",\"position\":1,\"name\":\"In\u00edcio\",\"item\":\"https:\/\/1075fm.com.br\/site\/\"},{\"@type\":\"ListItem\",\"position\":2,\"name\":\"Lan\u00e7amento Oficial da \u201cCampanha McDia Feliz 2025\u201d conta com presen\u00e7a e nomea\u00e7\u00e3o da UFADVILLE\"}]},{\"@type\":\"WebSite\",\"@id\":\"https:\/\/1075fm.com.br\/site\/#website\",\"url\":\"https:\/\/1075fm.com.br\/site\/\",\"name\":\"R\u00e1dio 107,5 FM Simplesmente Diferente\",\"description\":\"\",\"potentialAction\":[{\"@type\":\"SearchAction\",\"target\":{\"@type\":\"EntryPoint\",\"urlTemplate\":\"https:\/\/1075fm.com.br\/site\/?s={search_term_string}\"},\"query-input\":{\"@type\":\"PropertyValueSpecification\",\"valueRequired\":true,\"valueName\":\"search_term_string\"}}],\"inLanguage\":\"pt-BR\"},{\"@type\":\"Person\",\"@id\":\"https:\/\/1075fm.com.br\/site\/#\/schema\/person\/592f97625e8fc4a064502324aa4a3a26\",\"name\":\"demetrio\",\"image\":{\"@type\":\"ImageObject\",\"inLanguage\":\"pt-BR\",\"@id\":\"https:\/\/1075fm.com.br\/site\/#\/schema\/person\/image\/\",\"url\":\"https:\/\/secure.gravatar.com\/avatar\/31b4e5789076195b7ac5f73e9b612d5cf2dbf52e6948c7b8269e7830d983413c?s=96&d=mm&r=g\",\"contentUrl\":\"https:\/\/secure.gravatar.com\/avatar\/31b4e5789076195b7ac5f73e9b612d5cf2dbf52e6948c7b8269e7830d983413c?s=96&d=mm&r=g\",\"caption\":\"demetrio\"},\"url\":\"https:\/\/1075fm.com.br\/site\/author\/demetrio\/\"}]}<\/script>\n<!-- \/ Yoast SEO plugin. -->","yoast_head_json":{"title":"Lan\u00e7amento Oficial da \u201cCampanha McDia Feliz 2025\u201d conta com presen\u00e7a e nomea\u00e7\u00e3o da UFADVILLE - R\u00e1dio 107,5 FM Simplesmente Diferente","robots":{"index":"index","follow":"follow","max-snippet":"max-snippet:-1","max-image-preview":"max-image-preview:large","max-video-preview":"max-video-preview:-1"},"canonical":"https:\/\/1075fm.com.br\/site\/lancamento-oficial-da-campanha-mcdia-feliz-2025-conta-com-presenca-e-nomeacao-da-ufadville\/","og_locale":"pt_BR","og_type":"article","og_title":"Lan\u00e7amento Oficial da \u201cCampanha McDia Feliz 2025\u201d conta com presen\u00e7a e nomea\u00e7\u00e3o da UFADVILLE - R\u00e1dio 107,5 FM Simplesmente Diferente","og_description":"No dia 10 de julho, nas depend\u00eancias do Hospital Infantil Dr. Jeser Amarante Faria, em Joinville\/SC, aconteceu o lan\u00e7amento oficial da\u00a0\u201cCampanha McDia Feliz 2025\u201d, promovida em parceria com o Instituto Ronald McDonald \u2014 uma das maiores mobiliza\u00e7\u00f5es nacionais em prol de crian\u00e7as e adolescentes com c\u00e2ncer. Com grande alegria, celebramos a nomea\u00e7\u00e3o da pastora Jana\u00edna [&hellip;]","og_url":"https:\/\/1075fm.com.br\/site\/lancamento-oficial-da-campanha-mcdia-feliz-2025-conta-com-presenca-e-nomeacao-da-ufadville\/","og_site_name":"R\u00e1dio 107,5 FM Simplesmente Diferente","article_published_time":"2025-07-12T23:27:58+00:00","og_image":[{"width":2048,"height":1365,"url":"https:\/\/1075fm.com.br\/site\/wp-content\/uploads\/2025\/07\/IMG_2269.jpg","type":"image\/jpeg"}],"author":"demetrio","twitter_card":"summary_large_image","twitter_misc":{"Escrito por":"demetrio","Est. tempo de leitura":"5 minutos"},"schema":{"@context":"https:\/\/schema.org","@graph":[{"@type":"WebPage","@id":"https:\/\/1075fm.com.br\/site\/lancamento-oficial-da-campanha-mcdia-feliz-2025-conta-com-presenca-e-nomeacao-da-ufadville\/","url":"https:\/\/1075fm.com.br\/site\/lancamento-oficial-da-campanha-mcdia-feliz-2025-conta-com-presenca-e-nomeacao-da-ufadville\/","name":"Lan\u00e7amento Oficial da \u201cCampanha McDia Feliz 2025\u201d conta com presen\u00e7a e nomea\u00e7\u00e3o da UFADVILLE - R\u00e1dio 107,5 FM Simplesmente Diferente","isPartOf":{"@id":"https:\/\/1075fm.com.br\/site\/#website"},"primaryImageOfPage":{"@id":"https:\/\/1075fm.com.br\/site\/lancamento-oficial-da-campanha-mcdia-feliz-2025-conta-com-presenca-e-nomeacao-da-ufadville\/#primaryimage"},"image":{"@id":"https:\/\/1075fm.com.br\/site\/lancamento-oficial-da-campanha-mcdia-feliz-2025-conta-com-presenca-e-nomeacao-da-ufadville\/#primaryimage"},"thumbnailUrl":"https:\/\/1075fm.com.br\/site\/wp-content\/uploads\/2025\/07\/IMG_2269.jpg","datePublished":"2025-07-12T23:27:58+00:00","author":{"@id":"https:\/\/1075fm.com.br\/site\/#\/schema\/person\/592f97625e8fc4a064502324aa4a3a26"},"breadcrumb":{"@id":"https:\/\/1075fm.com.br\/site\/lancamento-oficial-da-campanha-mcdia-feliz-2025-conta-com-presenca-e-nomeacao-da-ufadville\/#breadcrumb"},"inLanguage":"pt-BR","potentialAction":[{"@type":"ReadAction","target":["https:\/\/1075fm.com.br\/site\/lancamento-oficial-da-campanha-mcdia-feliz-2025-conta-com-presenca-e-nomeacao-da-ufadville\/"]}]},{"@type":"ImageObject","inLanguage":"pt-BR","@id":"https:\/\/1075fm.com.br\/site\/lancamento-oficial-da-campanha-mcdia-feliz-2025-conta-com-presenca-e-nomeacao-da-ufadville\/#primaryimage","url":"https:\/\/1075fm.com.br\/site\/wp-content\/uploads\/2025\/07\/IMG_2269.jpg","contentUrl":"https:\/\/1075fm.com.br\/site\/wp-content\/uploads\/2025\/07\/IMG_2269.jpg","width":2048,"height":1365},{"@type":"BreadcrumbList","@id":"https:\/\/1075fm.com.br\/site\/lancamento-oficial-da-campanha-mcdia-feliz-2025-conta-com-presenca-e-nomeacao-da-ufadville\/#breadcrumb","itemListElement":[{"@type":"ListItem","position":1,"name":"In\u00edcio","item":"https:\/\/1075fm.com.br\/site\/"},{"@type":"ListItem","position":2,"name":"Lan\u00e7amento Oficial da \u201cCampanha McDia Feliz 2025\u201d conta com presen\u00e7a e nomea\u00e7\u00e3o da UFADVILLE"}]},{"@type":"WebSite","@id":"https:\/\/1075fm.com.br\/site\/#website","url":"https:\/\/1075fm.com.br\/site\/","name":"R\u00e1dio 107,5 FM Simplesmente Diferente","description":"","potentialAction":[{"@type":"SearchAction","target":{"@type":"EntryPoint","urlTemplate":"https:\/\/1075fm.com.br\/site\/?s={search_term_string}"},"query-input":{"@type":"PropertyValueSpecification","valueRequired":true,"valueName":"search_term_string"}}],"inLanguage":"pt-BR"},{"@type":"Person","@id":"https:\/\/1075fm.com.br\/site\/#\/schema\/person\/592f97625e8fc4a064502324aa4a3a26","name":"demetrio","image":{"@type":"ImageObject","inLanguage":"pt-BR","@id":"https:\/\/1075fm.com.br\/site\/#\/schema\/person\/image\/","url":"https:\/\/secure.gravatar.com\/avatar\/31b4e5789076195b7ac5f73e9b612d5cf2dbf52e6948c7b8269e7830d983413c?s=96&d=mm&r=g","contentUrl":"https:\/\/secure.gravatar.com\/avatar\/31b4e5789076195b7ac5f73e9b612d5cf2dbf52e6948c7b8269e7830d983413c?s=96&d=mm&r=g","caption":"demetrio"},"url":"https:\/\/1075fm.com.br\/site\/author\/demetrio\/"}]}},"_links":{"self":[{"href":"https:\/\/1075fm.com.br\/site\/wp-json\/wp\/v2\/posts\/3317","targetHints":{"allow":["GET"]}}],"collection":[{"href":"https:\/\/1075fm.com.br\/site\/wp-json\/wp\/v2\/posts"}],"about":[{"href":"https:\/\/1075fm.com.br\/site\/wp-json\/wp\/v2\/types\/post"}],"author":[{"embeddable":true,"href":"https:\/\/1075fm.com.br\/site\/wp-json\/wp\/v2\/users\/2"}],"replies":[{"embeddable":true,"href":"https:\/\/1075fm.com.br\/site\/wp-json\/wp\/v2\/comments?post=3317"}],"version-history":[{"count":1,"href":"https:\/\/1075fm.com.br\/site\/wp-json\/wp\/v2\/posts\/3317\/revisions"}],"predecessor-version":[{"id":3328,"href":"https:\/\/1075fm.com.br\/site\/wp-json\/wp\/v2\/posts\/3317\/revisions\/3328"}],"wp:featuredmedia":[{"embeddable":true,"href":"https:\/\/1075fm.com.br\/site\/wp-json\/wp\/v2\/media\/3327"}],"wp:attachment":[{"href":"https:\/\/1075fm.com.br\/site\/wp-json\/wp\/v2\/media?parent=3317"}],"wp:term":[{"taxonomy":"category","embeddable":true,"href":"https:\/\/1075fm.com.br\/site\/wp-json\/wp\/v2\/categories?post=3317"},{"taxonomy":"post_tag","embeddable":true,"href":"https:\/\/1075fm.com.br\/site\/wp-json\/wp\/v2\/tags?post=3317"}],"curies":[{"name":"wp","href":"https:\/\/api.w.org\/{rel}","templated":true}]}}