{"id":3669,"date":"2025-12-18T20:22:14","date_gmt":"2025-12-18T23:22:14","guid":{"rendered":"https:\/\/1075fm.com.br\/site\/?p=3669"},"modified":"2025-12-18T20:22:14","modified_gmt":"2025-12-18T23:22:14","slug":"confira-como-ficam-os-servicos-da-prefeitura-de-joinville-durante-o-recesso-de-fim-de-ano","status":"publish","type":"post","link":"https:\/\/1075fm.com.br\/site\/confira-como-ficam-os-servicos-da-prefeitura-de-joinville-durante-o-recesso-de-fim-de-ano\/","title":{"rendered":"Confira como ficam os servi\u00e7os da Prefeitura de Joinville durante o recesso de fim de ano"},"content":{"rendered":"<p>De 22 de dezembro a 2 de janeiro, ocorre o recesso de fim de ano da Prefeitura de Joinville. Por isso, algumas atividades municipais em Joinville ter\u00e3o altera\u00e7\u00e3o no hor\u00e1rio de funcionamento ou estar\u00e3o fechadas durante esse per\u00edodo. O atendimento presencial na Prefeitura ser\u00e1 retomado no dia 5 de janeiro.<\/p>\n<p>Na \u00e1rea da Sa\u00fade, al\u00e9m do atendimento normal nas UPAs Leste e Sul e PA Norte, tr\u00eas Unidades B\u00e1sicas de Sa\u00fade da Fam\u00edlia v\u00e3o atender nos dias 22, 23, 29 e 30 de dezembro, das 8h \u00e0s 17h. O atendimento ser\u00e1 ofertado nas UBSFs Boehmerwald, Gl\u00f3ria e Aventureiro II. Os Testes do Pezinho ser\u00e3o realizados nestes dias das 8h \u00e0s 13h e a retirada de Medica\u00e7\u00e3o de controle especial deve ser feita exclusivamente na UBSF Aventureiro II.<\/p>\n<p>O Restaurante Popular localizado no bairro Bucarein funcionar\u00e1 normalmente todos os dias, inclusive aos fins de semana e nos dias 24, 25, 31 de dezembro e 1\u00ba de janeiro, das 7h \u00e0s 9h para caf\u00e9 da manh\u00e3, das 11h \u00e0s 14h para almo\u00e7o e das 17h \u00e0s 19h para jantar.<\/p>\n<p><strong>Confira como ficam os servi\u00e7os durante o recesso de fim de ano:<\/strong><\/p>\n<p>SA\u00daDE<br \/>\n\u2013 Hospital Municipal S\u00e3o Jos\u00e9: Urg\u00eancia e Emerg\u00eancia, setores de interna\u00e7\u00e3o e laborat\u00f3rio ter\u00e3o atendimento normal. Os setores administrativos e ambulat\u00f3rio de especialidades estar\u00e3o fechados. Setores de quimioterapia e radioterapia ter\u00e3o hor\u00e1rios especiais, j\u00e1 informados aos pacientes em tratamento.<br \/>\n\u2013 UBSF Boehmerwald (Rua Universidade, 377), UBSF Gl\u00f3ria (Rua Brigada Lopes, s\/n\u00ba) e UBSF Aventureiro II (Rua Mauro Bley do Nascimento, s\/n\u00ba) estar\u00e3o abertas nos dias 22, 23, 29 e 30 de dezembro para atendimentos b\u00e1sicos:<br \/>\nTeste do Pezinho \u2013 demanda espont\u00e2nea, das 8h \u00e0s 13h<br \/>\nCurativos, vacina\u00e7\u00e3o, farm\u00e1cia, testes r\u00e1pidos (s\u00edfilis, HIV e hepatites), atendimentos m\u00e9dicos e de enfermagem para situa\u00e7\u00f5es agudas de sa\u00fade: atendimento por demanda espont\u00e2nea, das 8h \u00e0s 17h. Medica\u00e7\u00e3o de controle especial retirada somente na UBSF Aventureiro II<br \/>\n\u2013 Demais UBSFs: fechadas neste per\u00edodo. Os atendimentos retornam a partir do dia 5 de janeiro em todas as UBSFs<br \/>\n\u2013 UPA Leste, UPA Sul e PA Norte: atendimento normal<br \/>\n\u2013 Samu: atendimento normal<br \/>\n\u2013 Policl\u00ednica Boa Vista: fechada<br \/>\n\u2013 Cl\u00ednica Especializada em Sa\u00fade da Mulher: fechada<br \/>\n\u2013 Centrinho Luiz Gomes: fechado<br \/>\n\u2013 N\u00facleo de Aten\u00e7\u00e3o Integral \u00e0 Pessoa com Defici\u00eancia Intelectual e Transtorno do Espectro do Autismo (NAIPE DI\/TEA): fechado<br \/>\n\u2013 Centro de Aten\u00e7\u00e3o Psicossocial (CAPS) 3: atendimento normal, exceto nos dias 24, 25 e 31 de dezembro e 1\u00ba de janeiro, quando funcionar\u00e1 em car\u00e1ter de urg\u00eancia, atendendo apenas aos casos referenciados<br \/>\n\u2013 CAPS 2, CAPS IJ e CAPS AD: fechados<br \/>\n\u2013 Laborat\u00f3rio Municipal: fechado<br \/>\n\u2013 Farm\u00e1cia Escola: fechada<br \/>\n\u2013 Servi\u00e7o Especializado em Reabilita\u00e7\u00e3o (SER): fechado<br \/>\n\u2013 Unidade de Atendimento Especializado (UAE): fechada<br \/>\n\u2013 Sala de Vacinas Central: fechada.<\/p>\n<p>EDUCA\u00c7\u00c3O<br \/>\n\u2013 Escolas e CEIs: per\u00edodo de f\u00e9rias escolar, com retorno das aulas em 5 de fevereiro;<br \/>\n\u2013 Biblioteca P\u00fablica Municipal Prefeito Rolf Colin (Centro), Biblioteca P\u00fablica Municipal Professor Gustavo Ohde e Biblioteca CEU Aventureiro: fechadas durante o recesso, com retorno em 5 de janeiro.<\/p>\n<p>TRANSPORTE COLETIVO<br \/>\n\u2013 Nos dias 24 e 27 de dezembro e 2 e 3 de janeiro, as linhas em opera\u00e7\u00e3o ir\u00e3o funcionar com hor\u00e1rios de s\u00e1bado. J\u00e1 nos dias 25, 28 e 31 de dezembro e 1\u00ba e 4 de janeiro, o transporte coletivo seguir\u00e1 os hor\u00e1rios de domingo.<\/p>\n<p>Nos dias 26, 29 e 30 de dezembro e 5, 6, 7, 8 e 9 de janeiro, em fun\u00e7\u00e3o da redu\u00e7\u00e3o de demanda no per\u00edodo, haver\u00e1 programa\u00e7\u00e3o especial de dias \u00fateis, com ajustes nas linhas conforme a necessidade operacional.<\/p>\n<p>A partir do dia 10 de janeiro, todas as linhas (exceto as escolares e universit\u00e1rias), voltam a operar em seus hor\u00e1rios normais. As grades de hor\u00e1rios atualizadas podem ser consultadas no site onibus.info.<\/p>\n<p>COLETA DE LIXO<br \/>\n\u2013 Lixo comum: nos dias 24 e 31 de dezembro, os turnos da tarde e da noite n\u00e3o trabalham. J\u00e1 no dia 25 de dezembro e 1\u00ba de janeiro, o turno matutino n\u00e3o opera. Nos demais dias, a coleta funciona normalmente;<br \/>\n\u2013 Coleta seletiva: nos dias 25 de dezembro e 1\u00ba de janeiro, equipes de plant\u00e3o v\u00e3o atuar em coletas nas regi\u00f5es da Vigorelli, Espinheiros, Centro e tamb\u00e9m na coleta hospitalar. J\u00e1 nas outras regi\u00f5es da cidade n\u00e3o ocorrer\u00e1 coleta seletiva nestas datas (ser\u00e1 realizada no domingo seguinte).<\/p>\n<p>AUTOSSERVI\u00c7OS DA PREFEITURA DE JOINVILLE<br \/>\n\u2013 Dispon\u00edveis para solicita\u00e7\u00e3o de servi\u00e7os eletr\u00f4nicos 24 horas, realizados por meio da op\u00e7\u00e3o de Autosservi\u00e7o, pelo site www.joinville.sc.gov.br. O atendimento presencial na Prefeitura de Joinville retorna no dia 5 de janeiro.<\/p>\n<p>COMPANHIA \u00c1GUAS DE JOINVILLE<br \/>\nDurante o recesso de fim de ano, o atendimento para servi\u00e7os emergenciais, como religa\u00e7\u00e3o de \u00e1gua, falta de \u00e1gua e vazamentos ou solicita\u00e7\u00e3o da segunda via, continuar\u00e1 dispon\u00edvel pela central telef\u00f4nica nos n\u00fameros 115, 0800-317-0708 ou 0800 723 0300 e pelo WhatsApp (47) 99771-8115, ambos com atendimento 24 horas.<\/p>\n<p>Os servi\u00e7os considerados n\u00e3o emergenciais, como padroniza\u00e7\u00f5es e liga\u00e7\u00f5es novas de \u00e1gua, ser\u00e3o analisados e programados para serem realizados a partir de 5 de janeiro de 2026. As solicita\u00e7\u00f5es podem ser registradas a qualquer momento.<\/p>\n<p>J\u00e1 os atendimentos nas unidades presenciais e via e-mail (atendimento@aguasdejoinville.com.br) retornam tamb\u00e9m a partir do dia 5 de janeiro.<\/p>\n<p>CENTRO P\u00daBLICO DE ATENDIMENTO AOS TRABALHADORES<br \/>\n\u2013 Fechado. O atendimento retorna no dia 5 de janeiro.<\/p>\n<p>RESTAURANTES POPULARES<br \/>\n\u2013 Restaurante Popular Bucarein: aberto todos os dias, inclusive feriados, ponto facultativo e fins de semana, das 7h \u00e0s 9h para caf\u00e9 da manh\u00e3, das 11h \u00e0s 14h para almo\u00e7o e das 17h \u00e0s 19h para jantar. O Restaurante Popular Bucarein funcionar\u00e1 normalmente inclusive nos dias 24, 25, 31 de dezembro e 1\u00ba de janeiro.<br \/>\n\u2013 Restaurante Popular Adhemar Garcia: fechado nos dias 25 de dezembro e 1\u00ba de janeiro e nos finais de semana. Nos demais dias estar\u00e1 aberto para o almo\u00e7o entre 11h e 14h.<\/p>\n<p>CENTROS DE REFER\u00caNCIA EM ASSIST\u00caNCIA SOCIAL (CRAS)<br \/>\n\u2013 Fechados.<\/p>\n<p>CENTRO POP<br \/>\n\u2013 Fechado.<\/p>\n<p>SERVI\u00c7O ESPECIALIZADO EM ABORDAGEM SOCIAL (SEAS)<br \/>\n\u2013 O Servi\u00e7o Especializado em Abordagem Social (SEAS) funcionar\u00e1 normalmente, 24h por dia, e poder\u00e1 ser acionado pelos telefones (47) 3433-3341, (47) 99141-3439 (liga\u00e7\u00e3o e WhatsApp) e (47) 3030-1232. O SEAS percorre diariamente as ruas da cidade e, conforme a demanda apresentada e a aceita\u00e7\u00e3o, encaminha a pessoa em situa\u00e7\u00e3o de rua para a rede de atendimento.<\/p>\n<p>CONSELHOS TUTELARES<br \/>\n\u2013 Atendimento 24h, em esquema de plant\u00e3o, pelo telefone 98904-6971.<\/p>\n<p>POSTOS DO CADASTRO \u00daNICO<br \/>\n\u2013 Fechados.<\/p>\n<p>PARQUES<br \/>\n\u2013 Mirante do Morro do Boa Vista: subida no morro das 5h30 \u00e0s 22h e acesso \u00e0 torre das 5h30 \u00e0s 20h30;<br \/>\n\u2013 Parque Zoobot\u00e2nico: fechado nas segundas-feiras dos dias 22\/12 e 5\/1, como acontece normalmente. A exce\u00e7\u00e3o \u00e9 a segunda-feira do dia 29\/12, quando o parque vai abrir para atender a demanda de visitantes. Os demais dias funciona normalmente;<br \/>\n\u2013 Parque Natural da Caieira: fechado segunda e ter\u00e7a-feira, como acontece normalmente;<br \/>\n\u2013 Parque Morro do Finder: fechado na segunda-feira, como acontece normalmente.<br \/>\n\u2013 Parque S\u00e3o Francisco e Parque da Cidade: abertos;<br \/>\n\u2013 Parque Porta do Mar: aberto. O acesso ao trapiche est\u00e1 bloqueado devido \u00e0 obra do Cais Flutuante do Espinheiros.<\/p>\n<p>CENTRO DE BEM-ESTAR ANIMAL<br \/>\n\u2013 O Centro de Bem-Estar Animal trabalhar\u00e1 normalmente durante o recesso de fim de ano, inclusive com as ado\u00e7\u00f5es. Nos dias 24, 25, 31 de dezembro e 1\u00ba de janeiro vai funcionar em esquema de plant\u00e3o, atendendo emerg\u00eancias pelo telefone (47) 98919-2823, que s\u00f3 atende por liga\u00e7\u00e3o.<\/p>\n<p>CENTRAIS DE ATENDIMENTO AO TURISTA<br \/>\n\u2013 Casa Kr\u00fcger, P\u00f3rtico e Morro do Boa Vista (Mirante): fechadas nos dias 24, 25 e 31 de dezembro e 1\u00ba de janeiro. Nos demais dias, atendimento das 9h \u00e0s 15h.<\/p>\n<p>CULTURA<br \/>\n\u2013 Museu Nacional de Imigra\u00e7\u00e3o e Coloniza\u00e7\u00e3o, Museu Arqueol\u00f3gico de Sambaqui, Memorial da Bicicleta, Museu de Arte de Joinville e Museu Casa Fritz Alt: fechados nas segundas-feiras e nos dias 24, 25 e 31 de dezembro e 1\u00ba de janeiro. Nos outros dias, funcionam das 10h \u00e0s 16h;<br \/>\n\u2013 Arquivo Hist\u00f3rico: fechado durante o recesso, com retorno do atendimento dia 5 de janeiro.<\/p>\n<p>CENTRO COMERCIAL DA EXPOVILLE<br \/>\n\u2013 As lojas do Centro Comercial da Expoville funcionam diariamente das 9h \u00e0s 18h. Nos dias 24 e 31 de dezembro, abrem das 9h \u00e0s 12h. Nos dias 25 de dezembro e 1\u00ba de janeiro, estar\u00e3o fechadas.<\/p>\n<p>MERCADO P\u00daBLICO MUNICIPAL<br \/>\n\u2013 Nos dias 24 e 31 de dezembro, as lojas e a peixaria funcionam das 7h \u00e0s 13h30 e bares e restaurantes das 10h \u00e0s 13h30. Nos dias 25 e 31 de dezembro e 1\u00ba de janeiro, o Mercado P\u00fablico fica fechado. Nos outros dias, hor\u00e1rio de funcionamento normal.<\/p>\n<p>DEFESA CIVIL<br \/>\n\u2013 A Defesa Civil trabalha em regime de plant\u00e3o. Em caso de emerg\u00eancia, acione pelos n\u00fameros 98910-9056 ou 199.<\/p>\n<p>GUARDA MUNICIPAL<br \/>\n\u2013 Guarda Municipal de Joinville trabalha normalmente. Em caso de emerg\u00eancia, podem ser acionados pelo 153.<\/p>\n<p>PROCON<br \/>\n\u2013 Fechado.<\/p>\n<p>AGENTES DE TR\u00c2NSITO<br \/>\n\u2013 Hor\u00e1rio normal, com efetivo reduzido<\/p>\n<p>Com informa\u00e7\u00f5es <a href=\"https:\/\/www.joinville.sc.gov.br\/noticias\/confira-como-ficam-os-servicos-da-prefeitura-de-joinville-durante-o-recesso-de-fim-de-ano-2\/\">Prefeitura de Joinville<\/a>.<\/p>\n","protected":false},"excerpt":{"rendered":"<p>De 22 de dezembro a 2 de janeiro, ocorre o recesso de fim de ano da Prefeitura de Joinville. Por isso, algumas atividades municipais em Joinville ter\u00e3o altera\u00e7\u00e3o no hor\u00e1rio de funcionamento ou estar\u00e3o fechadas durante esse per\u00edodo. O atendimento presencial na Prefeitura ser\u00e1 retomado no dia 5 de janeiro. Na \u00e1rea da Sa\u00fade, al\u00e9m [&hellip;]<\/p>\n","protected":false},"author":2,"featured_media":3670,"comment_status":"open","ping_status":"open","sticky":false,"template":"","format":"standard","meta":{"_acf_changed":false,"h5ap_radio_sources":[],"footnotes":""},"categories":[1],"tags":[],"class_list":["post-3669","post","type-post","status-publish","format-standard","has-post-thumbnail","hentry","category-sem-categoria"],"acf":[],"yoast_head":"<!-- This site is optimized with the Yoast SEO plugin v24.4 - https:\/\/yoast.com\/wordpress\/plugins\/seo\/ -->\n<title>Confira como ficam os servi\u00e7os da Prefeitura de Joinville durante o recesso de fim de ano - R\u00e1dio 107,5 FM Simplesmente Diferente<\/title>\n<meta name=\"robots\" content=\"index, follow, max-snippet:-1, max-image-preview:large, max-video-preview:-1\" \/>\n<link rel=\"canonical\" href=\"https:\/\/1075fm.com.br\/site\/confira-como-ficam-os-servicos-da-prefeitura-de-joinville-durante-o-recesso-de-fim-de-ano\/\" \/>\n<meta property=\"og:locale\" content=\"pt_BR\" \/>\n<meta property=\"og:type\" content=\"article\" \/>\n<meta property=\"og:title\" content=\"Confira como ficam os servi\u00e7os da Prefeitura de Joinville durante o recesso de fim de ano - R\u00e1dio 107,5 FM Simplesmente Diferente\" \/>\n<meta property=\"og:description\" content=\"De 22 de dezembro a 2 de janeiro, ocorre o recesso de fim de ano da Prefeitura de Joinville. Por isso, algumas atividades municipais em Joinville ter\u00e3o altera\u00e7\u00e3o no hor\u00e1rio de funcionamento ou estar\u00e3o fechadas durante esse per\u00edodo. O atendimento presencial na Prefeitura ser\u00e1 retomado no dia 5 de janeiro. Na \u00e1rea da Sa\u00fade, al\u00e9m [&hellip;]\" \/>\n<meta property=\"og:url\" content=\"https:\/\/1075fm.com.br\/site\/confira-como-ficam-os-servicos-da-prefeitura-de-joinville-durante-o-recesso-de-fim-de-ano\/\" \/>\n<meta property=\"og:site_name\" content=\"R\u00e1dio 107,5 FM Simplesmente Diferente\" \/>\n<meta property=\"article:published_time\" content=\"2025-12-18T23:22:14+00:00\" \/>\n<meta property=\"og:image\" content=\"https:\/\/1075fm.com.br\/site\/wp-content\/uploads\/2025\/12\/Capa.jpg\" \/>\n\t<meta property=\"og:image:width\" content=\"961\" \/>\n\t<meta property=\"og:image:height\" content=\"489\" \/>\n\t<meta property=\"og:image:type\" content=\"image\/jpeg\" \/>\n<meta name=\"author\" content=\"demetrio\" \/>\n<meta name=\"twitter:card\" content=\"summary_large_image\" \/>\n<meta name=\"twitter:label1\" content=\"Escrito por\" \/>\n\t<meta name=\"twitter:data1\" content=\"demetrio\" \/>\n\t<meta name=\"twitter:label2\" content=\"Est. tempo de leitura\" \/>\n\t<meta name=\"twitter:data2\" content=\"9 minutos\" \/>\n<script type=\"application\/ld+json\" class=\"yoast-schema-graph\">{\"@context\":\"https:\/\/schema.org\",\"@graph\":[{\"@type\":\"WebPage\",\"@id\":\"https:\/\/1075fm.com.br\/site\/confira-como-ficam-os-servicos-da-prefeitura-de-joinville-durante-o-recesso-de-fim-de-ano\/\",\"url\":\"https:\/\/1075fm.com.br\/site\/confira-como-ficam-os-servicos-da-prefeitura-de-joinville-durante-o-recesso-de-fim-de-ano\/\",\"name\":\"Confira como ficam os servi\u00e7os da Prefeitura de Joinville durante o recesso de fim de ano - R\u00e1dio 107,5 FM Simplesmente Diferente\",\"isPartOf\":{\"@id\":\"https:\/\/1075fm.com.br\/site\/#website\"},\"primaryImageOfPage\":{\"@id\":\"https:\/\/1075fm.com.br\/site\/confira-como-ficam-os-servicos-da-prefeitura-de-joinville-durante-o-recesso-de-fim-de-ano\/#primaryimage\"},\"image\":{\"@id\":\"https:\/\/1075fm.com.br\/site\/confira-como-ficam-os-servicos-da-prefeitura-de-joinville-durante-o-recesso-de-fim-de-ano\/#primaryimage\"},\"thumbnailUrl\":\"https:\/\/1075fm.com.br\/site\/wp-content\/uploads\/2025\/12\/Capa.jpg\",\"datePublished\":\"2025-12-18T23:22:14+00:00\",\"author\":{\"@id\":\"https:\/\/1075fm.com.br\/site\/#\/schema\/person\/592f97625e8fc4a064502324aa4a3a26\"},\"breadcrumb\":{\"@id\":\"https:\/\/1075fm.com.br\/site\/confira-como-ficam-os-servicos-da-prefeitura-de-joinville-durante-o-recesso-de-fim-de-ano\/#breadcrumb\"},\"inLanguage\":\"pt-BR\",\"potentialAction\":[{\"@type\":\"ReadAction\",\"target\":[\"https:\/\/1075fm.com.br\/site\/confira-como-ficam-os-servicos-da-prefeitura-de-joinville-durante-o-recesso-de-fim-de-ano\/\"]}]},{\"@type\":\"ImageObject\",\"inLanguage\":\"pt-BR\",\"@id\":\"https:\/\/1075fm.com.br\/site\/confira-como-ficam-os-servicos-da-prefeitura-de-joinville-durante-o-recesso-de-fim-de-ano\/#primaryimage\",\"url\":\"https:\/\/1075fm.com.br\/site\/wp-content\/uploads\/2025\/12\/Capa.jpg\",\"contentUrl\":\"https:\/\/1075fm.com.br\/site\/wp-content\/uploads\/2025\/12\/Capa.jpg\",\"width\":961,\"height\":489},{\"@type\":\"BreadcrumbList\",\"@id\":\"https:\/\/1075fm.com.br\/site\/confira-como-ficam-os-servicos-da-prefeitura-de-joinville-durante-o-recesso-de-fim-de-ano\/#breadcrumb\",\"itemListElement\":[{\"@type\":\"ListItem\",\"position\":1,\"name\":\"In\u00edcio\",\"item\":\"https:\/\/1075fm.com.br\/site\/\"},{\"@type\":\"ListItem\",\"position\":2,\"name\":\"Confira como ficam os servi\u00e7os da Prefeitura de Joinville durante o recesso de fim de ano\"}]},{\"@type\":\"WebSite\",\"@id\":\"https:\/\/1075fm.com.br\/site\/#website\",\"url\":\"https:\/\/1075fm.com.br\/site\/\",\"name\":\"R\u00e1dio 107,5 FM Simplesmente Diferente\",\"description\":\"\",\"potentialAction\":[{\"@type\":\"SearchAction\",\"target\":{\"@type\":\"EntryPoint\",\"urlTemplate\":\"https:\/\/1075fm.com.br\/site\/?s={search_term_string}\"},\"query-input\":{\"@type\":\"PropertyValueSpecification\",\"valueRequired\":true,\"valueName\":\"search_term_string\"}}],\"inLanguage\":\"pt-BR\"},{\"@type\":\"Person\",\"@id\":\"https:\/\/1075fm.com.br\/site\/#\/schema\/person\/592f97625e8fc4a064502324aa4a3a26\",\"name\":\"demetrio\",\"image\":{\"@type\":\"ImageObject\",\"inLanguage\":\"pt-BR\",\"@id\":\"https:\/\/1075fm.com.br\/site\/#\/schema\/person\/image\/\",\"url\":\"https:\/\/secure.gravatar.com\/avatar\/31b4e5789076195b7ac5f73e9b612d5cf2dbf52e6948c7b8269e7830d983413c?s=96&d=mm&r=g\",\"contentUrl\":\"https:\/\/secure.gravatar.com\/avatar\/31b4e5789076195b7ac5f73e9b612d5cf2dbf52e6948c7b8269e7830d983413c?s=96&d=mm&r=g\",\"caption\":\"demetrio\"},\"url\":\"https:\/\/1075fm.com.br\/site\/author\/demetrio\/\"}]}<\/script>\n<!-- \/ Yoast SEO plugin. -->","yoast_head_json":{"title":"Confira como ficam os servi\u00e7os da Prefeitura de Joinville durante o recesso de fim de ano - R\u00e1dio 107,5 FM Simplesmente Diferente","robots":{"index":"index","follow":"follow","max-snippet":"max-snippet:-1","max-image-preview":"max-image-preview:large","max-video-preview":"max-video-preview:-1"},"canonical":"https:\/\/1075fm.com.br\/site\/confira-como-ficam-os-servicos-da-prefeitura-de-joinville-durante-o-recesso-de-fim-de-ano\/","og_locale":"pt_BR","og_type":"article","og_title":"Confira como ficam os servi\u00e7os da Prefeitura de Joinville durante o recesso de fim de ano - R\u00e1dio 107,5 FM Simplesmente Diferente","og_description":"De 22 de dezembro a 2 de janeiro, ocorre o recesso de fim de ano da Prefeitura de Joinville. Por isso, algumas atividades municipais em Joinville ter\u00e3o altera\u00e7\u00e3o no hor\u00e1rio de funcionamento ou estar\u00e3o fechadas durante esse per\u00edodo. O atendimento presencial na Prefeitura ser\u00e1 retomado no dia 5 de janeiro. Na \u00e1rea da Sa\u00fade, al\u00e9m [&hellip;]","og_url":"https:\/\/1075fm.com.br\/site\/confira-como-ficam-os-servicos-da-prefeitura-de-joinville-durante-o-recesso-de-fim-de-ano\/","og_site_name":"R\u00e1dio 107,5 FM Simplesmente Diferente","article_published_time":"2025-12-18T23:22:14+00:00","og_image":[{"width":961,"height":489,"url":"https:\/\/1075fm.com.br\/site\/wp-content\/uploads\/2025\/12\/Capa.jpg","type":"image\/jpeg"}],"author":"demetrio","twitter_card":"summary_large_image","twitter_misc":{"Escrito por":"demetrio","Est. tempo de leitura":"9 minutos"},"schema":{"@context":"https:\/\/schema.org","@graph":[{"@type":"WebPage","@id":"https:\/\/1075fm.com.br\/site\/confira-como-ficam-os-servicos-da-prefeitura-de-joinville-durante-o-recesso-de-fim-de-ano\/","url":"https:\/\/1075fm.com.br\/site\/confira-como-ficam-os-servicos-da-prefeitura-de-joinville-durante-o-recesso-de-fim-de-ano\/","name":"Confira como ficam os servi\u00e7os da Prefeitura de Joinville durante o recesso de fim de ano - R\u00e1dio 107,5 FM Simplesmente Diferente","isPartOf":{"@id":"https:\/\/1075fm.com.br\/site\/#website"},"primaryImageOfPage":{"@id":"https:\/\/1075fm.com.br\/site\/confira-como-ficam-os-servicos-da-prefeitura-de-joinville-durante-o-recesso-de-fim-de-ano\/#primaryimage"},"image":{"@id":"https:\/\/1075fm.com.br\/site\/confira-como-ficam-os-servicos-da-prefeitura-de-joinville-durante-o-recesso-de-fim-de-ano\/#primaryimage"},"thumbnailUrl":"https:\/\/1075fm.com.br\/site\/wp-content\/uploads\/2025\/12\/Capa.jpg","datePublished":"2025-12-18T23:22:14+00:00","author":{"@id":"https:\/\/1075fm.com.br\/site\/#\/schema\/person\/592f97625e8fc4a064502324aa4a3a26"},"breadcrumb":{"@id":"https:\/\/1075fm.com.br\/site\/confira-como-ficam-os-servicos-da-prefeitura-de-joinville-durante-o-recesso-de-fim-de-ano\/#breadcrumb"},"inLanguage":"pt-BR","potentialAction":[{"@type":"ReadAction","target":["https:\/\/1075fm.com.br\/site\/confira-como-ficam-os-servicos-da-prefeitura-de-joinville-durante-o-recesso-de-fim-de-ano\/"]}]},{"@type":"ImageObject","inLanguage":"pt-BR","@id":"https:\/\/1075fm.com.br\/site\/confira-como-ficam-os-servicos-da-prefeitura-de-joinville-durante-o-recesso-de-fim-de-ano\/#primaryimage","url":"https:\/\/1075fm.com.br\/site\/wp-content\/uploads\/2025\/12\/Capa.jpg","contentUrl":"https:\/\/1075fm.com.br\/site\/wp-content\/uploads\/2025\/12\/Capa.jpg","width":961,"height":489},{"@type":"BreadcrumbList","@id":"https:\/\/1075fm.com.br\/site\/confira-como-ficam-os-servicos-da-prefeitura-de-joinville-durante-o-recesso-de-fim-de-ano\/#breadcrumb","itemListElement":[{"@type":"ListItem","position":1,"name":"In\u00edcio","item":"https:\/\/1075fm.com.br\/site\/"},{"@type":"ListItem","position":2,"name":"Confira como ficam os servi\u00e7os da Prefeitura de Joinville durante o recesso de fim de ano"}]},{"@type":"WebSite","@id":"https:\/\/1075fm.com.br\/site\/#website","url":"https:\/\/1075fm.com.br\/site\/","name":"R\u00e1dio 107,5 FM Simplesmente Diferente","description":"","potentialAction":[{"@type":"SearchAction","target":{"@type":"EntryPoint","urlTemplate":"https:\/\/1075fm.com.br\/site\/?s={search_term_string}"},"query-input":{"@type":"PropertyValueSpecification","valueRequired":true,"valueName":"search_term_string"}}],"inLanguage":"pt-BR"},{"@type":"Person","@id":"https:\/\/1075fm.com.br\/site\/#\/schema\/person\/592f97625e8fc4a064502324aa4a3a26","name":"demetrio","image":{"@type":"ImageObject","inLanguage":"pt-BR","@id":"https:\/\/1075fm.com.br\/site\/#\/schema\/person\/image\/","url":"https:\/\/secure.gravatar.com\/avatar\/31b4e5789076195b7ac5f73e9b612d5cf2dbf52e6948c7b8269e7830d983413c?s=96&d=mm&r=g","contentUrl":"https:\/\/secure.gravatar.com\/avatar\/31b4e5789076195b7ac5f73e9b612d5cf2dbf52e6948c7b8269e7830d983413c?s=96&d=mm&r=g","caption":"demetrio"},"url":"https:\/\/1075fm.com.br\/site\/author\/demetrio\/"}]}},"_links":{"self":[{"href":"https:\/\/1075fm.com.br\/site\/wp-json\/wp\/v2\/posts\/3669","targetHints":{"allow":["GET"]}}],"collection":[{"href":"https:\/\/1075fm.com.br\/site\/wp-json\/wp\/v2\/posts"}],"about":[{"href":"https:\/\/1075fm.com.br\/site\/wp-json\/wp\/v2\/types\/post"}],"author":[{"embeddable":true,"href":"https:\/\/1075fm.com.br\/site\/wp-json\/wp\/v2\/users\/2"}],"replies":[{"embeddable":true,"href":"https:\/\/1075fm.com.br\/site\/wp-json\/wp\/v2\/comments?post=3669"}],"version-history":[{"count":1,"href":"https:\/\/1075fm.com.br\/site\/wp-json\/wp\/v2\/posts\/3669\/revisions"}],"predecessor-version":[{"id":3671,"href":"https:\/\/1075fm.com.br\/site\/wp-json\/wp\/v2\/posts\/3669\/revisions\/3671"}],"wp:featuredmedia":[{"embeddable":true,"href":"https:\/\/1075fm.com.br\/site\/wp-json\/wp\/v2\/media\/3670"}],"wp:attachment":[{"href":"https:\/\/1075fm.com.br\/site\/wp-json\/wp\/v2\/media?parent=3669"}],"wp:term":[{"taxonomy":"category","embeddable":true,"href":"https:\/\/1075fm.com.br\/site\/wp-json\/wp\/v2\/categories?post=3669"},{"taxonomy":"post_tag","embeddable":true,"href":"https:\/\/1075fm.com.br\/site\/wp-json\/wp\/v2\/tags?post=3669"}],"curies":[{"name":"wp","href":"https:\/\/api.w.org\/{rel}","templated":true}]}}