{"id":3684,"date":"2025-12-31T17:40:14","date_gmt":"2025-12-31T20:40:14","guid":{"rendered":"https:\/\/1075fm.com.br\/site\/?p=3684"},"modified":"2025-12-31T17:40:14","modified_gmt":"2025-12-31T20:40:14","slug":"radio-1075-fm-comemora-20-anos-de-evangelizacao-e-servico-ao-norte-catarinense","status":"publish","type":"post","link":"https:\/\/1075fm.com.br\/site\/radio-1075-fm-comemora-20-anos-de-evangelizacao-e-servico-ao-norte-catarinense\/","title":{"rendered":"R\u00e1dio 107,5 FM comemora 20 anos de evangeliza\u00e7\u00e3o e servi\u00e7o ao norte catarinense"},"content":{"rendered":"<p>H\u00e1 20 anos, a <strong>R\u00e1dio 107,5 FM<\/strong> nasceu com a proposta de ser uma emissora diferente. E ao longo dessas duas d\u00e9cadas, consolidou-se como um ve\u00edculo de comunica\u00e7\u00e3o que valoriza a boa m\u00fasica crist\u00e3, promove conte\u00fados que edificam a fam\u00edlia e compartilha mensagens que alcan\u00e7am n\u00e3o apenas os ouvidos, mas sobretudo o cora\u00e7\u00e3o de seus ouvintes.<\/p>\n<p>&nbsp;<\/p>\n<p><img fetchpriority=\"high\" decoding=\"async\" class=\"alignnone size-large wp-image-3686\" src=\"https:\/\/1075fm.com.br\/site\/wp-content\/uploads\/2025\/12\/WhatsApp-Image-2025-12-31-at-16.08.50-1-819x1024.jpeg\" alt=\"\" width=\"800\" height=\"1000\" srcset=\"https:\/\/1075fm.com.br\/site\/wp-content\/uploads\/2025\/12\/WhatsApp-Image-2025-12-31-at-16.08.50-1-819x1024.jpeg 819w, https:\/\/1075fm.com.br\/site\/wp-content\/uploads\/2025\/12\/WhatsApp-Image-2025-12-31-at-16.08.50-1-240x300.jpeg 240w, https:\/\/1075fm.com.br\/site\/wp-content\/uploads\/2025\/12\/WhatsApp-Image-2025-12-31-at-16.08.50-1-768x960.jpeg 768w, https:\/\/1075fm.com.br\/site\/wp-content\/uploads\/2025\/12\/WhatsApp-Image-2025-12-31-at-16.08.50-1.jpeg 1080w\" sizes=\"(max-width: 800px) 100vw, 800px\" \/><\/p>\n<p>&nbsp;<\/p>\n<p>O diferencial da <strong>107,5 FM<\/strong> est\u00e1 na responsabilidade com que prepara cada programa que vai ao ar. Sua grade, cuidadosamente estruturada, destaca temas relevantes para todas as faixas et\u00e1rias, contemplando comportamento, educa\u00e7\u00e3o, meio ambiente, sa\u00fade, seguran\u00e7a, tecnologia, tr\u00e2nsito e espiritualidade, com \u00eanfase no discipulado e na evangeliza\u00e7\u00e3o. Tudo isso \u00e9 realizado com o compromisso de viver, diariamente, o seu slogan: <strong>\u201cSimplesmente Diferente.\u201d<\/strong><\/p>\n<p>&nbsp;<\/p>\n<p><img decoding=\"async\" class=\"alignnone size-large wp-image-3687\" src=\"https:\/\/1075fm.com.br\/site\/wp-content\/uploads\/2025\/12\/WhatsApp-Image-2025-12-31-at-16.08.50-6-819x1024.jpeg\" alt=\"\" width=\"800\" height=\"1000\" srcset=\"https:\/\/1075fm.com.br\/site\/wp-content\/uploads\/2025\/12\/WhatsApp-Image-2025-12-31-at-16.08.50-6-819x1024.jpeg 819w, https:\/\/1075fm.com.br\/site\/wp-content\/uploads\/2025\/12\/WhatsApp-Image-2025-12-31-at-16.08.50-6-240x300.jpeg 240w, https:\/\/1075fm.com.br\/site\/wp-content\/uploads\/2025\/12\/WhatsApp-Image-2025-12-31-at-16.08.50-6-768x960.jpeg 768w, https:\/\/1075fm.com.br\/site\/wp-content\/uploads\/2025\/12\/WhatsApp-Image-2025-12-31-at-16.08.50-6.jpeg 1080w\" sizes=\"(max-width: 800px) 100vw, 800px\" \/><\/p>\n<p>&nbsp;<\/p>\n<p>Esse conceito se confirma por meio de milhares de ouvintes que, ao longo dos anos, tiveram suas vidas transformadas e impactadas pelas mensagens transmitidas 24 horas por dia. A emissora continua sendo um espa\u00e7o acolhedor para quem busca informa\u00e7\u00e3o, orienta\u00e7\u00e3o, edifica\u00e7\u00e3o e companhia.<\/p>\n<p>&nbsp;<\/p>\n<p><img decoding=\"async\" class=\"alignnone size-large wp-image-3688\" src=\"https:\/\/1075fm.com.br\/site\/wp-content\/uploads\/2025\/12\/WhatsApp-Image-2025-12-31-at-16.08.50-2-819x1024.jpeg\" alt=\"\" width=\"800\" height=\"1000\" srcset=\"https:\/\/1075fm.com.br\/site\/wp-content\/uploads\/2025\/12\/WhatsApp-Image-2025-12-31-at-16.08.50-2-819x1024.jpeg 819w, https:\/\/1075fm.com.br\/site\/wp-content\/uploads\/2025\/12\/WhatsApp-Image-2025-12-31-at-16.08.50-2-240x300.jpeg 240w, https:\/\/1075fm.com.br\/site\/wp-content\/uploads\/2025\/12\/WhatsApp-Image-2025-12-31-at-16.08.50-2-768x960.jpeg 768w, https:\/\/1075fm.com.br\/site\/wp-content\/uploads\/2025\/12\/WhatsApp-Image-2025-12-31-at-16.08.50-2.jpeg 1080w\" sizes=\"(max-width: 800px) 100vw, 800px\" \/><\/p>\n<p>&nbsp;<\/p>\n<p>Mantida pela Funda\u00e7\u00e3o Assistencial e de Difus\u00e3o Educativa e Cultural de Joinville (FUNADEJ), a r\u00e1dio tem como presidente do Conselho Curador o <a href=\"https:\/\/www.facebook.com\/pastorsergiomelfior\">pastor S\u00e9rgio Melfior<\/a>, que tamb\u00e9m preside a <a href=\"https:\/\/www.facebook.com\/ieadjo\">Igreja Evang\u00e9lica Assembleia de Deus Joinville (IEADJO)<\/a>. Desde o in\u00edcio, o prop\u00f3sito foi claro: oferecer \u00e0 cidade uma emissora capaz de unir conte\u00fado atual, m\u00fasica de qualidade e mensagens crist\u00e3s que edificam a vida e fortalecem valores.<\/p>\n<p>&nbsp;<\/p>\n<p><img loading=\"lazy\" decoding=\"async\" class=\"alignnone size-large wp-image-3689\" src=\"https:\/\/1075fm.com.br\/site\/wp-content\/uploads\/2025\/12\/WhatsApp-Image-2025-12-31-at-16.08.50-3-819x1024.jpeg\" alt=\"\" width=\"800\" height=\"1000\" srcset=\"https:\/\/1075fm.com.br\/site\/wp-content\/uploads\/2025\/12\/WhatsApp-Image-2025-12-31-at-16.08.50-3-819x1024.jpeg 819w, https:\/\/1075fm.com.br\/site\/wp-content\/uploads\/2025\/12\/WhatsApp-Image-2025-12-31-at-16.08.50-3-240x300.jpeg 240w, https:\/\/1075fm.com.br\/site\/wp-content\/uploads\/2025\/12\/WhatsApp-Image-2025-12-31-at-16.08.50-3-768x960.jpeg 768w, https:\/\/1075fm.com.br\/site\/wp-content\/uploads\/2025\/12\/WhatsApp-Image-2025-12-31-at-16.08.50-3.jpeg 1080w\" sizes=\"(max-width: 800px) 100vw, 800px\" \/><\/p>\n<p>&nbsp;<\/p>\n<p>Segundo o pastor S\u00e9rgio Melfior, esse sempre foi o foco da emissora: <strong>\u201cUma comunica\u00e7\u00e3o sadia, de qualidade, para crian\u00e7as, adolescentes, jovens, adultos e idosos. Na R\u00e1dio 107,5 FM, tudo o que \u00e9 veiculado tem o prop\u00f3sito de aben\u00e7oar cada ouvinte. Este \u00e9 o caminho, a linguagem e a din\u00e2mica da nossa emissora.\u201d<\/strong><\/p>\n<p>&nbsp;<\/p>\n<p><img loading=\"lazy\" decoding=\"async\" class=\"alignnone size-large wp-image-3690\" src=\"https:\/\/1075fm.com.br\/site\/wp-content\/uploads\/2025\/12\/WhatsApp-Image-2025-12-31-at-16.08.50-4-819x1024.jpeg\" alt=\"\" width=\"800\" height=\"1000\" srcset=\"https:\/\/1075fm.com.br\/site\/wp-content\/uploads\/2025\/12\/WhatsApp-Image-2025-12-31-at-16.08.50-4-819x1024.jpeg 819w, https:\/\/1075fm.com.br\/site\/wp-content\/uploads\/2025\/12\/WhatsApp-Image-2025-12-31-at-16.08.50-4-240x300.jpeg 240w, https:\/\/1075fm.com.br\/site\/wp-content\/uploads\/2025\/12\/WhatsApp-Image-2025-12-31-at-16.08.50-4-768x960.jpeg 768w, https:\/\/1075fm.com.br\/site\/wp-content\/uploads\/2025\/12\/WhatsApp-Image-2025-12-31-at-16.08.50-4.jpeg 1080w\" sizes=\"(max-width: 800px) 100vw, 800px\" \/><\/p>\n<p>&nbsp;<\/p>\n<p>O jornalismo di\u00e1rio tamb\u00e9m tem presen\u00e7a marcante na programa\u00e7\u00e3o matutina, trazendo informa\u00e7\u00e3o com credibilidade e responsabilidade. Al\u00e9m disso, a r\u00e1dio mant\u00e9m forte envolvimento social, participando de campanhas solid\u00e1rias, a\u00e7\u00f5es externas e eventos comemorativos da cidade.<\/p>\n<p>&nbsp;<\/p>\n<p><img loading=\"lazy\" decoding=\"async\" class=\"alignnone size-large wp-image-3691\" src=\"https:\/\/1075fm.com.br\/site\/wp-content\/uploads\/2025\/12\/WhatsApp-Image-2025-12-31-at-16.08.50-5-819x1024.jpeg\" alt=\"\" width=\"800\" height=\"1000\" srcset=\"https:\/\/1075fm.com.br\/site\/wp-content\/uploads\/2025\/12\/WhatsApp-Image-2025-12-31-at-16.08.50-5-819x1024.jpeg 819w, https:\/\/1075fm.com.br\/site\/wp-content\/uploads\/2025\/12\/WhatsApp-Image-2025-12-31-at-16.08.50-5-240x300.jpeg 240w, https:\/\/1075fm.com.br\/site\/wp-content\/uploads\/2025\/12\/WhatsApp-Image-2025-12-31-at-16.08.50-5-768x960.jpeg 768w, https:\/\/1075fm.com.br\/site\/wp-content\/uploads\/2025\/12\/WhatsApp-Image-2025-12-31-at-16.08.50-5.jpeg 1080w\" sizes=\"(max-width: 800px) 100vw, 800px\" \/><\/p>\n<p>&nbsp;<\/p>\n<p>Outro destaque s\u00e3o os comunicadores da 107,5 FM \u2014 profissionais que v\u00e3o al\u00e9m do microfone. S\u00e3o conselheiros, intercessores e amigos do ouvinte, que compartilham alegrias, oram pelas necessidades apresentadas e demonstram empatia em cada intera\u00e7\u00e3o. Essa proximidade fortalece ainda mais o v\u00ednculo da r\u00e1dio com seu p\u00fablico. Uma emissora <strong>\u201cSimplesmente Diferente\u201d<\/strong> tamb\u00e9m forma ouvintes singulares. Sua comunica\u00e7\u00e3o alcan\u00e7a toda a fam\u00edlia. Nas madrugadas, a r\u00e1dio segue presente, acompanhando motoristas de aplicativo, vigilantes, motoristas de \u00f4nibus e at\u00e9 aqueles que se encontram no pres\u00eddio e na penitenci\u00e1ria de Joinville. Pela internet, rompe fronteiras e chega a qualquer lugar onde haja algu\u00e9m precisando de uma palavra de esperan\u00e7a.<\/p>\n<p>&nbsp;<\/p>\n<p><img loading=\"lazy\" decoding=\"async\" class=\"alignnone size-large wp-image-3692\" src=\"https:\/\/1075fm.com.br\/site\/wp-content\/uploads\/2025\/12\/WhatsApp-Image-2025-12-31-at-16.08.51-819x1024.jpeg\" alt=\"\" width=\"800\" height=\"1000\" srcset=\"https:\/\/1075fm.com.br\/site\/wp-content\/uploads\/2025\/12\/WhatsApp-Image-2025-12-31-at-16.08.51-819x1024.jpeg 819w, https:\/\/1075fm.com.br\/site\/wp-content\/uploads\/2025\/12\/WhatsApp-Image-2025-12-31-at-16.08.51-240x300.jpeg 240w, https:\/\/1075fm.com.br\/site\/wp-content\/uploads\/2025\/12\/WhatsApp-Image-2025-12-31-at-16.08.51-768x960.jpeg 768w, https:\/\/1075fm.com.br\/site\/wp-content\/uploads\/2025\/12\/WhatsApp-Image-2025-12-31-at-16.08.51.jpeg 1080w\" sizes=\"(max-width: 800px) 100vw, 800px\" \/><\/p>\n<p>&nbsp;<\/p>\n<p>Nas palavras do <a href=\"https:\/\/www.facebook.com\/pastoreliseumelfior\">pastor Eliseu Melfior<\/a>, presidente da Diretoria Executiva da FUNADEJ, <strong>&#8220;a R\u00e1dio 107,5 FM mant\u00e9m firme o compromisso com a informa\u00e7\u00e3o e a evangeliza\u00e7\u00e3o. Espa\u00e7os dedicados a testemunhos e depoimentos s\u00e3o parte do cotidiano da emissora, onde ouvintes relatam curas, livramentos e transforma\u00e7\u00f5es espirituais alcan\u00e7adas por meio das ora\u00e7\u00f5es feitas diariamente.&#8221;<\/strong><\/p>\n<p>&nbsp;<\/p>\n<p><img loading=\"lazy\" decoding=\"async\" class=\"alignnone size-large wp-image-3693\" src=\"https:\/\/1075fm.com.br\/site\/wp-content\/uploads\/2025\/12\/WhatsApp-Image-2025-12-31-at-16.08.51-1-819x1024.jpeg\" alt=\"\" width=\"800\" height=\"1000\" srcset=\"https:\/\/1075fm.com.br\/site\/wp-content\/uploads\/2025\/12\/WhatsApp-Image-2025-12-31-at-16.08.51-1-819x1024.jpeg 819w, https:\/\/1075fm.com.br\/site\/wp-content\/uploads\/2025\/12\/WhatsApp-Image-2025-12-31-at-16.08.51-1-240x300.jpeg 240w, https:\/\/1075fm.com.br\/site\/wp-content\/uploads\/2025\/12\/WhatsApp-Image-2025-12-31-at-16.08.51-1-768x960.jpeg 768w, https:\/\/1075fm.com.br\/site\/wp-content\/uploads\/2025\/12\/WhatsApp-Image-2025-12-31-at-16.08.51-1.jpeg 1080w\" sizes=\"(max-width: 800px) 100vw, 800px\" \/><\/p>\n<p>&nbsp;<\/p>\n<p>Assim, celebrando 20 anos de atua\u00e7\u00e3o, a 107,5 FM segue valorizando a cultura, a arte, a m\u00fasica e a mensagem que edifica vidas \u2014 permanecendo fiel ao prop\u00f3sito que a acompanha desde o princ\u00edpio.<\/p>\n<p>&nbsp;<\/p>\n<p><strong>107,5 FM \u2013 20 anos, fazendo parte da sua vida.<\/strong><\/p>\n<p>&nbsp;<\/p>\n<p><strong>Acompanhe tamb\u00e9m as novidades em <a href=\"https:\/\/www.instagram.com\/radio1075fm?igsh=OXc4Y2RzeXg2Nm5z\">@radio1075fm<\/a> e baixe nosso <a href=\"https:\/\/play.google.com\/store\/apps\/details?id=com.mobifull.radio1075fm\">app<\/a>.<\/strong><\/p>\n","protected":false},"excerpt":{"rendered":"<p>H\u00e1 20 anos, a R\u00e1dio 107,5 FM nasceu com a proposta de ser uma emissora diferente. E ao longo dessas duas d\u00e9cadas, consolidou-se como um ve\u00edculo de comunica\u00e7\u00e3o que valoriza a boa m\u00fasica crist\u00e3, promove conte\u00fados que edificam a fam\u00edlia e compartilha mensagens que alcan\u00e7am n\u00e3o apenas os ouvidos, mas sobretudo o cora\u00e7\u00e3o de seus [&hellip;]<\/p>\n","protected":false},"author":2,"featured_media":3685,"comment_status":"open","ping_status":"open","sticky":false,"template":"","format":"standard","meta":{"_acf_changed":false,"h5ap_radio_sources":[],"footnotes":""},"categories":[1],"tags":[],"class_list":["post-3684","post","type-post","status-publish","format-standard","has-post-thumbnail","hentry","category-sem-categoria"],"acf":[],"yoast_head":"<!-- This site is optimized with the Yoast SEO plugin v24.4 - https:\/\/yoast.com\/wordpress\/plugins\/seo\/ -->\n<title>R\u00e1dio 107,5 FM comemora 20 anos de evangeliza\u00e7\u00e3o e servi\u00e7o ao norte catarinense - R\u00e1dio 107,5 FM Simplesmente Diferente<\/title>\n<meta name=\"robots\" content=\"index, follow, max-snippet:-1, max-image-preview:large, max-video-preview:-1\" \/>\n<link rel=\"canonical\" href=\"https:\/\/1075fm.com.br\/site\/radio-1075-fm-comemora-20-anos-de-evangelizacao-e-servico-ao-norte-catarinense\/\" \/>\n<meta property=\"og:locale\" content=\"pt_BR\" \/>\n<meta property=\"og:type\" content=\"article\" \/>\n<meta property=\"og:title\" content=\"R\u00e1dio 107,5 FM comemora 20 anos de evangeliza\u00e7\u00e3o e servi\u00e7o ao norte catarinense - R\u00e1dio 107,5 FM Simplesmente Diferente\" \/>\n<meta property=\"og:description\" content=\"H\u00e1 20 anos, a R\u00e1dio 107,5 FM nasceu com a proposta de ser uma emissora diferente. E ao longo dessas duas d\u00e9cadas, consolidou-se como um ve\u00edculo de comunica\u00e7\u00e3o que valoriza a boa m\u00fasica crist\u00e3, promove conte\u00fados que edificam a fam\u00edlia e compartilha mensagens que alcan\u00e7am n\u00e3o apenas os ouvidos, mas sobretudo o cora\u00e7\u00e3o de seus [&hellip;]\" \/>\n<meta property=\"og:url\" content=\"https:\/\/1075fm.com.br\/site\/radio-1075-fm-comemora-20-anos-de-evangelizacao-e-servico-ao-norte-catarinense\/\" \/>\n<meta property=\"og:site_name\" content=\"R\u00e1dio 107,5 FM Simplesmente Diferente\" \/>\n<meta property=\"article:published_time\" content=\"2025-12-31T20:40:14+00:00\" \/>\n<meta property=\"og:image\" content=\"https:\/\/1075fm.com.br\/site\/wp-content\/uploads\/2025\/12\/WhatsApp-Image-2025-12-31-at-16.08.50.jpeg\" \/>\n\t<meta property=\"og:image:width\" content=\"1080\" \/>\n\t<meta property=\"og:image:height\" content=\"1350\" \/>\n\t<meta property=\"og:image:type\" content=\"image\/jpeg\" \/>\n<meta name=\"author\" content=\"demetrio\" \/>\n<meta name=\"twitter:card\" content=\"summary_large_image\" \/>\n<meta name=\"twitter:label1\" content=\"Escrito por\" \/>\n\t<meta name=\"twitter:data1\" content=\"demetrio\" \/>\n\t<meta name=\"twitter:label2\" content=\"Est. tempo de leitura\" \/>\n\t<meta name=\"twitter:data2\" content=\"5 minutos\" \/>\n<script type=\"application\/ld+json\" class=\"yoast-schema-graph\">{\"@context\":\"https:\/\/schema.org\",\"@graph\":[{\"@type\":\"WebPage\",\"@id\":\"https:\/\/1075fm.com.br\/site\/radio-1075-fm-comemora-20-anos-de-evangelizacao-e-servico-ao-norte-catarinense\/\",\"url\":\"https:\/\/1075fm.com.br\/site\/radio-1075-fm-comemora-20-anos-de-evangelizacao-e-servico-ao-norte-catarinense\/\",\"name\":\"R\u00e1dio 107,5 FM comemora 20 anos de evangeliza\u00e7\u00e3o e servi\u00e7o ao norte catarinense - R\u00e1dio 107,5 FM Simplesmente Diferente\",\"isPartOf\":{\"@id\":\"https:\/\/1075fm.com.br\/site\/#website\"},\"primaryImageOfPage\":{\"@id\":\"https:\/\/1075fm.com.br\/site\/radio-1075-fm-comemora-20-anos-de-evangelizacao-e-servico-ao-norte-catarinense\/#primaryimage\"},\"image\":{\"@id\":\"https:\/\/1075fm.com.br\/site\/radio-1075-fm-comemora-20-anos-de-evangelizacao-e-servico-ao-norte-catarinense\/#primaryimage\"},\"thumbnailUrl\":\"https:\/\/1075fm.com.br\/site\/wp-content\/uploads\/2025\/12\/WhatsApp-Image-2025-12-31-at-16.08.50.jpeg\",\"datePublished\":\"2025-12-31T20:40:14+00:00\",\"author\":{\"@id\":\"https:\/\/1075fm.com.br\/site\/#\/schema\/person\/592f97625e8fc4a064502324aa4a3a26\"},\"breadcrumb\":{\"@id\":\"https:\/\/1075fm.com.br\/site\/radio-1075-fm-comemora-20-anos-de-evangelizacao-e-servico-ao-norte-catarinense\/#breadcrumb\"},\"inLanguage\":\"pt-BR\",\"potentialAction\":[{\"@type\":\"ReadAction\",\"target\":[\"https:\/\/1075fm.com.br\/site\/radio-1075-fm-comemora-20-anos-de-evangelizacao-e-servico-ao-norte-catarinense\/\"]}]},{\"@type\":\"ImageObject\",\"inLanguage\":\"pt-BR\",\"@id\":\"https:\/\/1075fm.com.br\/site\/radio-1075-fm-comemora-20-anos-de-evangelizacao-e-servico-ao-norte-catarinense\/#primaryimage\",\"url\":\"https:\/\/1075fm.com.br\/site\/wp-content\/uploads\/2025\/12\/WhatsApp-Image-2025-12-31-at-16.08.50.jpeg\",\"contentUrl\":\"https:\/\/1075fm.com.br\/site\/wp-content\/uploads\/2025\/12\/WhatsApp-Image-2025-12-31-at-16.08.50.jpeg\",\"width\":1080,\"height\":1350},{\"@type\":\"BreadcrumbList\",\"@id\":\"https:\/\/1075fm.com.br\/site\/radio-1075-fm-comemora-20-anos-de-evangelizacao-e-servico-ao-norte-catarinense\/#breadcrumb\",\"itemListElement\":[{\"@type\":\"ListItem\",\"position\":1,\"name\":\"In\u00edcio\",\"item\":\"https:\/\/1075fm.com.br\/site\/\"},{\"@type\":\"ListItem\",\"position\":2,\"name\":\"R\u00e1dio 107,5 FM comemora 20 anos de evangeliza\u00e7\u00e3o e servi\u00e7o ao norte catarinense\"}]},{\"@type\":\"WebSite\",\"@id\":\"https:\/\/1075fm.com.br\/site\/#website\",\"url\":\"https:\/\/1075fm.com.br\/site\/\",\"name\":\"R\u00e1dio 107,5 FM Simplesmente Diferente\",\"description\":\"\",\"potentialAction\":[{\"@type\":\"SearchAction\",\"target\":{\"@type\":\"EntryPoint\",\"urlTemplate\":\"https:\/\/1075fm.com.br\/site\/?s={search_term_string}\"},\"query-input\":{\"@type\":\"PropertyValueSpecification\",\"valueRequired\":true,\"valueName\":\"search_term_string\"}}],\"inLanguage\":\"pt-BR\"},{\"@type\":\"Person\",\"@id\":\"https:\/\/1075fm.com.br\/site\/#\/schema\/person\/592f97625e8fc4a064502324aa4a3a26\",\"name\":\"demetrio\",\"image\":{\"@type\":\"ImageObject\",\"inLanguage\":\"pt-BR\",\"@id\":\"https:\/\/1075fm.com.br\/site\/#\/schema\/person\/image\/\",\"url\":\"https:\/\/secure.gravatar.com\/avatar\/31b4e5789076195b7ac5f73e9b612d5cf2dbf52e6948c7b8269e7830d983413c?s=96&d=mm&r=g\",\"contentUrl\":\"https:\/\/secure.gravatar.com\/avatar\/31b4e5789076195b7ac5f73e9b612d5cf2dbf52e6948c7b8269e7830d983413c?s=96&d=mm&r=g\",\"caption\":\"demetrio\"},\"url\":\"https:\/\/1075fm.com.br\/site\/author\/demetrio\/\"}]}<\/script>\n<!-- \/ Yoast SEO plugin. -->","yoast_head_json":{"title":"R\u00e1dio 107,5 FM comemora 20 anos de evangeliza\u00e7\u00e3o e servi\u00e7o ao norte catarinense - R\u00e1dio 107,5 FM Simplesmente Diferente","robots":{"index":"index","follow":"follow","max-snippet":"max-snippet:-1","max-image-preview":"max-image-preview:large","max-video-preview":"max-video-preview:-1"},"canonical":"https:\/\/1075fm.com.br\/site\/radio-1075-fm-comemora-20-anos-de-evangelizacao-e-servico-ao-norte-catarinense\/","og_locale":"pt_BR","og_type":"article","og_title":"R\u00e1dio 107,5 FM comemora 20 anos de evangeliza\u00e7\u00e3o e servi\u00e7o ao norte catarinense - R\u00e1dio 107,5 FM Simplesmente Diferente","og_description":"H\u00e1 20 anos, a R\u00e1dio 107,5 FM nasceu com a proposta de ser uma emissora diferente. E ao longo dessas duas d\u00e9cadas, consolidou-se como um ve\u00edculo de comunica\u00e7\u00e3o que valoriza a boa m\u00fasica crist\u00e3, promove conte\u00fados que edificam a fam\u00edlia e compartilha mensagens que alcan\u00e7am n\u00e3o apenas os ouvidos, mas sobretudo o cora\u00e7\u00e3o de seus [&hellip;]","og_url":"https:\/\/1075fm.com.br\/site\/radio-1075-fm-comemora-20-anos-de-evangelizacao-e-servico-ao-norte-catarinense\/","og_site_name":"R\u00e1dio 107,5 FM Simplesmente Diferente","article_published_time":"2025-12-31T20:40:14+00:00","og_image":[{"width":1080,"height":1350,"url":"https:\/\/1075fm.com.br\/site\/wp-content\/uploads\/2025\/12\/WhatsApp-Image-2025-12-31-at-16.08.50.jpeg","type":"image\/jpeg"}],"author":"demetrio","twitter_card":"summary_large_image","twitter_misc":{"Escrito por":"demetrio","Est. tempo de leitura":"5 minutos"},"schema":{"@context":"https:\/\/schema.org","@graph":[{"@type":"WebPage","@id":"https:\/\/1075fm.com.br\/site\/radio-1075-fm-comemora-20-anos-de-evangelizacao-e-servico-ao-norte-catarinense\/","url":"https:\/\/1075fm.com.br\/site\/radio-1075-fm-comemora-20-anos-de-evangelizacao-e-servico-ao-norte-catarinense\/","name":"R\u00e1dio 107,5 FM comemora 20 anos de evangeliza\u00e7\u00e3o e servi\u00e7o ao norte catarinense - R\u00e1dio 107,5 FM Simplesmente Diferente","isPartOf":{"@id":"https:\/\/1075fm.com.br\/site\/#website"},"primaryImageOfPage":{"@id":"https:\/\/1075fm.com.br\/site\/radio-1075-fm-comemora-20-anos-de-evangelizacao-e-servico-ao-norte-catarinense\/#primaryimage"},"image":{"@id":"https:\/\/1075fm.com.br\/site\/radio-1075-fm-comemora-20-anos-de-evangelizacao-e-servico-ao-norte-catarinense\/#primaryimage"},"thumbnailUrl":"https:\/\/1075fm.com.br\/site\/wp-content\/uploads\/2025\/12\/WhatsApp-Image-2025-12-31-at-16.08.50.jpeg","datePublished":"2025-12-31T20:40:14+00:00","author":{"@id":"https:\/\/1075fm.com.br\/site\/#\/schema\/person\/592f97625e8fc4a064502324aa4a3a26"},"breadcrumb":{"@id":"https:\/\/1075fm.com.br\/site\/radio-1075-fm-comemora-20-anos-de-evangelizacao-e-servico-ao-norte-catarinense\/#breadcrumb"},"inLanguage":"pt-BR","potentialAction":[{"@type":"ReadAction","target":["https:\/\/1075fm.com.br\/site\/radio-1075-fm-comemora-20-anos-de-evangelizacao-e-servico-ao-norte-catarinense\/"]}]},{"@type":"ImageObject","inLanguage":"pt-BR","@id":"https:\/\/1075fm.com.br\/site\/radio-1075-fm-comemora-20-anos-de-evangelizacao-e-servico-ao-norte-catarinense\/#primaryimage","url":"https:\/\/1075fm.com.br\/site\/wp-content\/uploads\/2025\/12\/WhatsApp-Image-2025-12-31-at-16.08.50.jpeg","contentUrl":"https:\/\/1075fm.com.br\/site\/wp-content\/uploads\/2025\/12\/WhatsApp-Image-2025-12-31-at-16.08.50.jpeg","width":1080,"height":1350},{"@type":"BreadcrumbList","@id":"https:\/\/1075fm.com.br\/site\/radio-1075-fm-comemora-20-anos-de-evangelizacao-e-servico-ao-norte-catarinense\/#breadcrumb","itemListElement":[{"@type":"ListItem","position":1,"name":"In\u00edcio","item":"https:\/\/1075fm.com.br\/site\/"},{"@type":"ListItem","position":2,"name":"R\u00e1dio 107,5 FM comemora 20 anos de evangeliza\u00e7\u00e3o e servi\u00e7o ao norte catarinense"}]},{"@type":"WebSite","@id":"https:\/\/1075fm.com.br\/site\/#website","url":"https:\/\/1075fm.com.br\/site\/","name":"R\u00e1dio 107,5 FM Simplesmente Diferente","description":"","potentialAction":[{"@type":"SearchAction","target":{"@type":"EntryPoint","urlTemplate":"https:\/\/1075fm.com.br\/site\/?s={search_term_string}"},"query-input":{"@type":"PropertyValueSpecification","valueRequired":true,"valueName":"search_term_string"}}],"inLanguage":"pt-BR"},{"@type":"Person","@id":"https:\/\/1075fm.com.br\/site\/#\/schema\/person\/592f97625e8fc4a064502324aa4a3a26","name":"demetrio","image":{"@type":"ImageObject","inLanguage":"pt-BR","@id":"https:\/\/1075fm.com.br\/site\/#\/schema\/person\/image\/","url":"https:\/\/secure.gravatar.com\/avatar\/31b4e5789076195b7ac5f73e9b612d5cf2dbf52e6948c7b8269e7830d983413c?s=96&d=mm&r=g","contentUrl":"https:\/\/secure.gravatar.com\/avatar\/31b4e5789076195b7ac5f73e9b612d5cf2dbf52e6948c7b8269e7830d983413c?s=96&d=mm&r=g","caption":"demetrio"},"url":"https:\/\/1075fm.com.br\/site\/author\/demetrio\/"}]}},"_links":{"self":[{"href":"https:\/\/1075fm.com.br\/site\/wp-json\/wp\/v2\/posts\/3684","targetHints":{"allow":["GET"]}}],"collection":[{"href":"https:\/\/1075fm.com.br\/site\/wp-json\/wp\/v2\/posts"}],"about":[{"href":"https:\/\/1075fm.com.br\/site\/wp-json\/wp\/v2\/types\/post"}],"author":[{"embeddable":true,"href":"https:\/\/1075fm.com.br\/site\/wp-json\/wp\/v2\/users\/2"}],"replies":[{"embeddable":true,"href":"https:\/\/1075fm.com.br\/site\/wp-json\/wp\/v2\/comments?post=3684"}],"version-history":[{"count":1,"href":"https:\/\/1075fm.com.br\/site\/wp-json\/wp\/v2\/posts\/3684\/revisions"}],"predecessor-version":[{"id":3694,"href":"https:\/\/1075fm.com.br\/site\/wp-json\/wp\/v2\/posts\/3684\/revisions\/3694"}],"wp:featuredmedia":[{"embeddable":true,"href":"https:\/\/1075fm.com.br\/site\/wp-json\/wp\/v2\/media\/3685"}],"wp:attachment":[{"href":"https:\/\/1075fm.com.br\/site\/wp-json\/wp\/v2\/media?parent=3684"}],"wp:term":[{"taxonomy":"category","embeddable":true,"href":"https:\/\/1075fm.com.br\/site\/wp-json\/wp\/v2\/categories?post=3684"},{"taxonomy":"post_tag","embeddable":true,"href":"https:\/\/1075fm.com.br\/site\/wp-json\/wp\/v2\/tags?post=3684"}],"curies":[{"name":"wp","href":"https:\/\/api.w.org\/{rel}","templated":true}]}}