{"id":3748,"date":"2026-02-19T20:54:14","date_gmt":"2026-02-19T23:54:14","guid":{"rendered":"https:\/\/1075fm.com.br\/site\/?p=3748"},"modified":"2026-02-19T21:05:05","modified_gmt":"2026-02-20T00:05:05","slug":"brasileira-que-criou-tratamento-para-tetraplegicos-ganha-campanha-pelo-nobel-de-medicina","status":"publish","type":"post","link":"https:\/\/1075fm.com.br\/site\/brasileira-que-criou-tratamento-para-tetraplegicos-ganha-campanha-pelo-nobel-de-medicina\/","title":{"rendered":"Brasileira que criou tratamento para tetrapl\u00e9gicos ganha campanha pelo Nobel de Medicina"},"content":{"rendered":"<p>Nobel de Medicina para a Dra. Tatiana Sampaio! Est\u00e1 aberta a campanha para que o nome da bi\u00f3loga brasileira \u2013 que desenvolveu a polilaminina e est\u00e1 devolvendo sensibilidade e movimento para tetrapl\u00e9gicos e parapl\u00e9gicos \u2013 chegue at\u00e9 os acad\u00eamicos que indicam o Nobel.<\/p>\n<p>Como o sucesso do tratamento experimental que ela desenvolveu na UFRJ ainda n\u00e3o chegou \u00e0s grandes ag\u00eancias de not\u00edcia do mundo, vamos subir nas redes sociais a hashtag #NobelParaTatiana para que apare\u00e7a internacionalmente.<\/p>\n<p>A indica\u00e7\u00e3o ao Pr\u00eamio Nobel\u00a0\u00e9 um processo restrito e acad\u00eamico. Apenas laureados e membros de academias nacionais, como professores, podem fazer as indica\u00e7\u00f5es. No caso do Nobel de Medicina, as indica\u00e7\u00f5es s\u00e3o feitas apenas por convite direto do Comit\u00ea Nobel a especialistas selecionados. E \u00e9 a eles que a campanha quer chegar.<\/p>\n<p>&nbsp;<\/p>\n<p><strong>Resultados j\u00e1 na primeira fase<\/strong><\/p>\n<p>Os resultados obtidos at\u00e9 agora com a polilaminina, mesmo sendo ainda um tratamento experimental na fase 1 de testes da Anvisa, s\u00e3o revolucion\u00e1rios e hist\u00f3ricos, um marco na medicina mundial, porque ningu\u00e9m jamais conseguiu devolver a sensibilidade e movimentos no corpo de tantas pessoas com apenas um rem\u00e9dio.<\/p>\n<p>23 brasileiros j\u00e1 receberam o tratamento nos hospitais onde est\u00e3o: 5 (ES), 4 (PR), 4 (RJ), 3 (MG), 2 (SP), 1 (RN), 1 (MS), 1 (GO), 1 BA e 1 (MA).<\/p>\n<p>Seis deles tiveram acesso \u00e0 prote\u00edna durante os estudos cl\u00ednicos acad\u00eamicos e os 17 restantes conseguiram o direito na justi\u00e7a, o chamado uso compassivo.<\/p>\n<p>&nbsp;<\/p>\n<p><strong>Policial voltou a sentir o corpo<\/strong><\/p>\n<p>O caso mais recente \u00e9 o de um policial que teve uma les\u00e3o na medula por arma de fogo em janeiro, no Maranh\u00e3o, e ficou tetrapl\u00e9gico. O policial Romildo Leobino recebeu a inje\u00e7\u00e3o no \u00faltimo fim de semana, e 4 dias depois o filho dele postou um v\u00eddeo do pai contando que j\u00e1 est\u00e1 conseguindo mexer as m\u00e3os, o ombro, e a respirar melhor.<\/p>\n<p>E o mais incr\u00edvel \u00e9 que esse tratamento \u00e9 feito com apenas uma inje\u00e7\u00e3o da polilaminina na regi\u00e3o afetada pela les\u00e3o.<\/p>\n<p>Ela tem potencial para reverter les\u00f5es na medula espinhal e restaurar movimentos das pessoas e esses resultados est\u00e3o a\u00ed, pra todo mundo ver.<\/p>\n<p>&nbsp;<\/p>\n<p><strong>Primeiro parapl\u00e9gico que voltou a andar<\/strong><\/p>\n<p>O caso mais impressionante e emblem\u00e1tico \u00e9 do banc\u00e1rio paulista Bruno Drummond de Freitas, de 31 anos. Ele simplesmente voltou a andar e recuperou boa parte dos movimentos dos bra\u00e7os e pernas, depois do acidente que sofreu em abril de 2018, quando ficou tetrapl\u00e9gico. Esta semana ele surpreendeu de novo.<\/p>\n<p>Bruno postou um v\u00eddeo levantando 20kg na academia. Ele recebeu o tratamento 24h ap\u00f3s a les\u00e3o, justamente no prazo indicado.<\/p>\n<p>A aplica\u00e7\u00e3o da polilaminina \u00e9 mais eficaz se for realizada de 24 a 72 horas ap\u00f3s o trauma. Mas a chamada janela terap\u00eautica ideal \u00e9 de at\u00e9 90 dias ap\u00f3s a les\u00e3o.<\/p>\n<p>&nbsp;<\/p>\n<p><strong>Dinheiro do pr\u00f3prio bolso<\/strong><\/p>\n<p>A Dra. Tatiana Sampaio, essa brasileira incans\u00e1vel, trabalhou calada durante 25 anos na pesquisa na UFRJ, uma faculdade p\u00fablica, e chegou a por dinheiro do pr\u00f3prio bolso para n\u00e3o perder a patente nacional, depois que governos anteriores fizeram cortes nos investimentos.<\/p>\n<p>Ela come\u00e7ou testando a laminina, uma prote\u00edna da placenta humana, e descobriu que v\u00e1rias lamininas juntas \u2013 da\u00ed o nome polilaminina \u2013 fazem os neur\u00f4nios se conectarem de novo e regenerar les\u00f5es na medula espinhal. A evolu\u00e7\u00e3o dos pacientes \u00e9 emocionante.<\/p>\n<p>O tratamento est\u00e1 sendo desenvolvido em parceria com o Laborat\u00f3rio Crist\u00e1lia, o \u00fanico fabricante do rem\u00e9dio revolucion\u00e1rio.<\/p>\n<p>&nbsp;<\/p>\n<p><strong>La\u00eds foi conhecer a doutora Tatiana<\/strong><\/p>\n<p>Logo que a gente soube desse tratamento experimental revolucion\u00e1rio brasileiro, a primeira pessoa que veio \u00e0 cabe\u00e7a foi a La\u00eds Souza, a nossa ginasta campe\u00e3. A La\u00eds Souza ficou tetrapl\u00e9gica em 2014, quando esquiava nos Estados Unidos. Ela fraturou a v\u00e9rtebra C3 e perdeu os movimentos do corpo.<\/p>\n<p>Este m\u00eas, a ex-atleta foi at\u00e9 o Rio de Janeiro para conhecer pessoalmente a doutora Tatiana Sampaio apenas para agradecer \u00e0 bi\u00f3loga pela esperan\u00e7a que est\u00e1 levando \u00e0s pessoas tetrapl\u00e9gicas.<\/p>\n<p>No post a La\u00eds n\u00e3o diz se ela vai tentar o tratamento e se daria certo ap\u00f3s 12 anos da les\u00e3o dela, mas a gente, claro t\u00e1 na torcida. Na visita, La\u00eds Souza tamb\u00e9m conheceu o Bruno, o primeiro tetrapl\u00e9gico brasileiro que voltou a andar ap\u00f3s o tratamento com a polilaminina.<\/p>\n<p>&nbsp;<\/p>\n<p><strong>Por <a href=\"https:\/\/www.sonoticiaboa.com.br\/2026\/02\/19\/premio-nobel-medicina-dra-tatiana-sampaio-polilaminina-campanha-aberta\">Rinaldo de Oliveira\/Portal S\u00f3 Not\u00edcia Boa<\/a><\/strong><\/p>\n<p><strong>Foto: Divulga\u00e7\u00e3o<\/strong><\/p>\n","protected":false},"excerpt":{"rendered":"<p>Nobel de Medicina para a Dra. Tatiana Sampaio! Est\u00e1 aberta a campanha para que o nome da bi\u00f3loga brasileira \u2013 que desenvolveu a polilaminina e est\u00e1 devolvendo sensibilidade e movimento para tetrapl\u00e9gicos e parapl\u00e9gicos \u2013 chegue at\u00e9 os acad\u00eamicos que indicam o Nobel. Como o sucesso do tratamento experimental que ela desenvolveu na UFRJ ainda [&hellip;]<\/p>\n","protected":false},"author":2,"featured_media":3749,"comment_status":"open","ping_status":"open","sticky":false,"template":"","format":"standard","meta":{"_acf_changed":false,"h5ap_radio_sources":[],"footnotes":""},"categories":[1],"tags":[],"class_list":["post-3748","post","type-post","status-publish","format-standard","has-post-thumbnail","hentry","category-sem-categoria"],"acf":[],"yoast_head":"<!-- This site is optimized with the Yoast SEO plugin v24.4 - https:\/\/yoast.com\/wordpress\/plugins\/seo\/ -->\n<title>Brasileira que criou tratamento para tetrapl\u00e9gicos ganha campanha pelo Nobel de Medicina - R\u00e1dio 107,5 FM Simplesmente Diferente<\/title>\n<meta name=\"robots\" content=\"index, follow, max-snippet:-1, max-image-preview:large, max-video-preview:-1\" \/>\n<link rel=\"canonical\" href=\"https:\/\/1075fm.com.br\/site\/brasileira-que-criou-tratamento-para-tetraplegicos-ganha-campanha-pelo-nobel-de-medicina\/\" \/>\n<meta property=\"og:locale\" content=\"pt_BR\" \/>\n<meta property=\"og:type\" content=\"article\" \/>\n<meta property=\"og:title\" content=\"Brasileira que criou tratamento para tetrapl\u00e9gicos ganha campanha pelo Nobel de Medicina - R\u00e1dio 107,5 FM Simplesmente Diferente\" \/>\n<meta property=\"og:description\" content=\"Nobel de Medicina para a Dra. Tatiana Sampaio! Est\u00e1 aberta a campanha para que o nome da bi\u00f3loga brasileira \u2013 que desenvolveu a polilaminina e est\u00e1 devolvendo sensibilidade e movimento para tetrapl\u00e9gicos e parapl\u00e9gicos \u2013 chegue at\u00e9 os acad\u00eamicos que indicam o Nobel. Como o sucesso do tratamento experimental que ela desenvolveu na UFRJ ainda [&hellip;]\" \/>\n<meta property=\"og:url\" content=\"https:\/\/1075fm.com.br\/site\/brasileira-que-criou-tratamento-para-tetraplegicos-ganha-campanha-pelo-nobel-de-medicina\/\" \/>\n<meta property=\"og:site_name\" content=\"R\u00e1dio 107,5 FM Simplesmente Diferente\" \/>\n<meta property=\"article:published_time\" content=\"2026-02-19T23:54:14+00:00\" \/>\n<meta property=\"article:modified_time\" content=\"2026-02-20T00:05:05+00:00\" \/>\n<meta property=\"og:image\" content=\"https:\/\/1075fm.com.br\/site\/wp-content\/uploads\/2026\/02\/elke-2026-02-19T104452.566.jpg\" \/>\n\t<meta property=\"og:image:width\" content=\"800\" \/>\n\t<meta property=\"og:image:height\" content=\"560\" \/>\n\t<meta property=\"og:image:type\" content=\"image\/jpeg\" \/>\n<meta name=\"author\" content=\"demetrio\" \/>\n<meta name=\"twitter:card\" content=\"summary_large_image\" \/>\n<meta name=\"twitter:label1\" content=\"Escrito por\" \/>\n\t<meta name=\"twitter:data1\" content=\"demetrio\" \/>\n\t<meta name=\"twitter:label2\" content=\"Est. tempo de leitura\" \/>\n\t<meta name=\"twitter:data2\" content=\"5 minutos\" \/>\n<script type=\"application\/ld+json\" class=\"yoast-schema-graph\">{\"@context\":\"https:\/\/schema.org\",\"@graph\":[{\"@type\":\"WebPage\",\"@id\":\"https:\/\/1075fm.com.br\/site\/brasileira-que-criou-tratamento-para-tetraplegicos-ganha-campanha-pelo-nobel-de-medicina\/\",\"url\":\"https:\/\/1075fm.com.br\/site\/brasileira-que-criou-tratamento-para-tetraplegicos-ganha-campanha-pelo-nobel-de-medicina\/\",\"name\":\"Brasileira que criou tratamento para tetrapl\u00e9gicos ganha campanha pelo Nobel de Medicina - R\u00e1dio 107,5 FM Simplesmente Diferente\",\"isPartOf\":{\"@id\":\"https:\/\/1075fm.com.br\/site\/#website\"},\"primaryImageOfPage\":{\"@id\":\"https:\/\/1075fm.com.br\/site\/brasileira-que-criou-tratamento-para-tetraplegicos-ganha-campanha-pelo-nobel-de-medicina\/#primaryimage\"},\"image\":{\"@id\":\"https:\/\/1075fm.com.br\/site\/brasileira-que-criou-tratamento-para-tetraplegicos-ganha-campanha-pelo-nobel-de-medicina\/#primaryimage\"},\"thumbnailUrl\":\"https:\/\/1075fm.com.br\/site\/wp-content\/uploads\/2026\/02\/elke-2026-02-19T104452.566.jpg\",\"datePublished\":\"2026-02-19T23:54:14+00:00\",\"dateModified\":\"2026-02-20T00:05:05+00:00\",\"author\":{\"@id\":\"https:\/\/1075fm.com.br\/site\/#\/schema\/person\/592f97625e8fc4a064502324aa4a3a26\"},\"breadcrumb\":{\"@id\":\"https:\/\/1075fm.com.br\/site\/brasileira-que-criou-tratamento-para-tetraplegicos-ganha-campanha-pelo-nobel-de-medicina\/#breadcrumb\"},\"inLanguage\":\"pt-BR\",\"potentialAction\":[{\"@type\":\"ReadAction\",\"target\":[\"https:\/\/1075fm.com.br\/site\/brasileira-que-criou-tratamento-para-tetraplegicos-ganha-campanha-pelo-nobel-de-medicina\/\"]}]},{\"@type\":\"ImageObject\",\"inLanguage\":\"pt-BR\",\"@id\":\"https:\/\/1075fm.com.br\/site\/brasileira-que-criou-tratamento-para-tetraplegicos-ganha-campanha-pelo-nobel-de-medicina\/#primaryimage\",\"url\":\"https:\/\/1075fm.com.br\/site\/wp-content\/uploads\/2026\/02\/elke-2026-02-19T104452.566.jpg\",\"contentUrl\":\"https:\/\/1075fm.com.br\/site\/wp-content\/uploads\/2026\/02\/elke-2026-02-19T104452.566.jpg\",\"width\":800,\"height\":560},{\"@type\":\"BreadcrumbList\",\"@id\":\"https:\/\/1075fm.com.br\/site\/brasileira-que-criou-tratamento-para-tetraplegicos-ganha-campanha-pelo-nobel-de-medicina\/#breadcrumb\",\"itemListElement\":[{\"@type\":\"ListItem\",\"position\":1,\"name\":\"In\u00edcio\",\"item\":\"https:\/\/1075fm.com.br\/site\/\"},{\"@type\":\"ListItem\",\"position\":2,\"name\":\"Brasileira que criou tratamento para tetrapl\u00e9gicos ganha campanha pelo Nobel de Medicina\"}]},{\"@type\":\"WebSite\",\"@id\":\"https:\/\/1075fm.com.br\/site\/#website\",\"url\":\"https:\/\/1075fm.com.br\/site\/\",\"name\":\"R\u00e1dio 107,5 FM Simplesmente Diferente\",\"description\":\"\",\"potentialAction\":[{\"@type\":\"SearchAction\",\"target\":{\"@type\":\"EntryPoint\",\"urlTemplate\":\"https:\/\/1075fm.com.br\/site\/?s={search_term_string}\"},\"query-input\":{\"@type\":\"PropertyValueSpecification\",\"valueRequired\":true,\"valueName\":\"search_term_string\"}}],\"inLanguage\":\"pt-BR\"},{\"@type\":\"Person\",\"@id\":\"https:\/\/1075fm.com.br\/site\/#\/schema\/person\/592f97625e8fc4a064502324aa4a3a26\",\"name\":\"demetrio\",\"image\":{\"@type\":\"ImageObject\",\"inLanguage\":\"pt-BR\",\"@id\":\"https:\/\/1075fm.com.br\/site\/#\/schema\/person\/image\/\",\"url\":\"https:\/\/secure.gravatar.com\/avatar\/31b4e5789076195b7ac5f73e9b612d5cf2dbf52e6948c7b8269e7830d983413c?s=96&d=mm&r=g\",\"contentUrl\":\"https:\/\/secure.gravatar.com\/avatar\/31b4e5789076195b7ac5f73e9b612d5cf2dbf52e6948c7b8269e7830d983413c?s=96&d=mm&r=g\",\"caption\":\"demetrio\"},\"url\":\"https:\/\/1075fm.com.br\/site\/author\/demetrio\/\"}]}<\/script>\n<!-- \/ Yoast SEO plugin. -->","yoast_head_json":{"title":"Brasileira que criou tratamento para tetrapl\u00e9gicos ganha campanha pelo Nobel de Medicina - R\u00e1dio 107,5 FM Simplesmente Diferente","robots":{"index":"index","follow":"follow","max-snippet":"max-snippet:-1","max-image-preview":"max-image-preview:large","max-video-preview":"max-video-preview:-1"},"canonical":"https:\/\/1075fm.com.br\/site\/brasileira-que-criou-tratamento-para-tetraplegicos-ganha-campanha-pelo-nobel-de-medicina\/","og_locale":"pt_BR","og_type":"article","og_title":"Brasileira que criou tratamento para tetrapl\u00e9gicos ganha campanha pelo Nobel de Medicina - R\u00e1dio 107,5 FM Simplesmente Diferente","og_description":"Nobel de Medicina para a Dra. Tatiana Sampaio! Est\u00e1 aberta a campanha para que o nome da bi\u00f3loga brasileira \u2013 que desenvolveu a polilaminina e est\u00e1 devolvendo sensibilidade e movimento para tetrapl\u00e9gicos e parapl\u00e9gicos \u2013 chegue at\u00e9 os acad\u00eamicos que indicam o Nobel. Como o sucesso do tratamento experimental que ela desenvolveu na UFRJ ainda [&hellip;]","og_url":"https:\/\/1075fm.com.br\/site\/brasileira-que-criou-tratamento-para-tetraplegicos-ganha-campanha-pelo-nobel-de-medicina\/","og_site_name":"R\u00e1dio 107,5 FM Simplesmente Diferente","article_published_time":"2026-02-19T23:54:14+00:00","article_modified_time":"2026-02-20T00:05:05+00:00","og_image":[{"width":800,"height":560,"url":"https:\/\/1075fm.com.br\/site\/wp-content\/uploads\/2026\/02\/elke-2026-02-19T104452.566.jpg","type":"image\/jpeg"}],"author":"demetrio","twitter_card":"summary_large_image","twitter_misc":{"Escrito por":"demetrio","Est. tempo de leitura":"5 minutos"},"schema":{"@context":"https:\/\/schema.org","@graph":[{"@type":"WebPage","@id":"https:\/\/1075fm.com.br\/site\/brasileira-que-criou-tratamento-para-tetraplegicos-ganha-campanha-pelo-nobel-de-medicina\/","url":"https:\/\/1075fm.com.br\/site\/brasileira-que-criou-tratamento-para-tetraplegicos-ganha-campanha-pelo-nobel-de-medicina\/","name":"Brasileira que criou tratamento para tetrapl\u00e9gicos ganha campanha pelo Nobel de Medicina - R\u00e1dio 107,5 FM Simplesmente Diferente","isPartOf":{"@id":"https:\/\/1075fm.com.br\/site\/#website"},"primaryImageOfPage":{"@id":"https:\/\/1075fm.com.br\/site\/brasileira-que-criou-tratamento-para-tetraplegicos-ganha-campanha-pelo-nobel-de-medicina\/#primaryimage"},"image":{"@id":"https:\/\/1075fm.com.br\/site\/brasileira-que-criou-tratamento-para-tetraplegicos-ganha-campanha-pelo-nobel-de-medicina\/#primaryimage"},"thumbnailUrl":"https:\/\/1075fm.com.br\/site\/wp-content\/uploads\/2026\/02\/elke-2026-02-19T104452.566.jpg","datePublished":"2026-02-19T23:54:14+00:00","dateModified":"2026-02-20T00:05:05+00:00","author":{"@id":"https:\/\/1075fm.com.br\/site\/#\/schema\/person\/592f97625e8fc4a064502324aa4a3a26"},"breadcrumb":{"@id":"https:\/\/1075fm.com.br\/site\/brasileira-que-criou-tratamento-para-tetraplegicos-ganha-campanha-pelo-nobel-de-medicina\/#breadcrumb"},"inLanguage":"pt-BR","potentialAction":[{"@type":"ReadAction","target":["https:\/\/1075fm.com.br\/site\/brasileira-que-criou-tratamento-para-tetraplegicos-ganha-campanha-pelo-nobel-de-medicina\/"]}]},{"@type":"ImageObject","inLanguage":"pt-BR","@id":"https:\/\/1075fm.com.br\/site\/brasileira-que-criou-tratamento-para-tetraplegicos-ganha-campanha-pelo-nobel-de-medicina\/#primaryimage","url":"https:\/\/1075fm.com.br\/site\/wp-content\/uploads\/2026\/02\/elke-2026-02-19T104452.566.jpg","contentUrl":"https:\/\/1075fm.com.br\/site\/wp-content\/uploads\/2026\/02\/elke-2026-02-19T104452.566.jpg","width":800,"height":560},{"@type":"BreadcrumbList","@id":"https:\/\/1075fm.com.br\/site\/brasileira-que-criou-tratamento-para-tetraplegicos-ganha-campanha-pelo-nobel-de-medicina\/#breadcrumb","itemListElement":[{"@type":"ListItem","position":1,"name":"In\u00edcio","item":"https:\/\/1075fm.com.br\/site\/"},{"@type":"ListItem","position":2,"name":"Brasileira que criou tratamento para tetrapl\u00e9gicos ganha campanha pelo Nobel de Medicina"}]},{"@type":"WebSite","@id":"https:\/\/1075fm.com.br\/site\/#website","url":"https:\/\/1075fm.com.br\/site\/","name":"R\u00e1dio 107,5 FM Simplesmente Diferente","description":"","potentialAction":[{"@type":"SearchAction","target":{"@type":"EntryPoint","urlTemplate":"https:\/\/1075fm.com.br\/site\/?s={search_term_string}"},"query-input":{"@type":"PropertyValueSpecification","valueRequired":true,"valueName":"search_term_string"}}],"inLanguage":"pt-BR"},{"@type":"Person","@id":"https:\/\/1075fm.com.br\/site\/#\/schema\/person\/592f97625e8fc4a064502324aa4a3a26","name":"demetrio","image":{"@type":"ImageObject","inLanguage":"pt-BR","@id":"https:\/\/1075fm.com.br\/site\/#\/schema\/person\/image\/","url":"https:\/\/secure.gravatar.com\/avatar\/31b4e5789076195b7ac5f73e9b612d5cf2dbf52e6948c7b8269e7830d983413c?s=96&d=mm&r=g","contentUrl":"https:\/\/secure.gravatar.com\/avatar\/31b4e5789076195b7ac5f73e9b612d5cf2dbf52e6948c7b8269e7830d983413c?s=96&d=mm&r=g","caption":"demetrio"},"url":"https:\/\/1075fm.com.br\/site\/author\/demetrio\/"}]}},"_links":{"self":[{"href":"https:\/\/1075fm.com.br\/site\/wp-json\/wp\/v2\/posts\/3748","targetHints":{"allow":["GET"]}}],"collection":[{"href":"https:\/\/1075fm.com.br\/site\/wp-json\/wp\/v2\/posts"}],"about":[{"href":"https:\/\/1075fm.com.br\/site\/wp-json\/wp\/v2\/types\/post"}],"author":[{"embeddable":true,"href":"https:\/\/1075fm.com.br\/site\/wp-json\/wp\/v2\/users\/2"}],"replies":[{"embeddable":true,"href":"https:\/\/1075fm.com.br\/site\/wp-json\/wp\/v2\/comments?post=3748"}],"version-history":[{"count":2,"href":"https:\/\/1075fm.com.br\/site\/wp-json\/wp\/v2\/posts\/3748\/revisions"}],"predecessor-version":[{"id":3751,"href":"https:\/\/1075fm.com.br\/site\/wp-json\/wp\/v2\/posts\/3748\/revisions\/3751"}],"wp:featuredmedia":[{"embeddable":true,"href":"https:\/\/1075fm.com.br\/site\/wp-json\/wp\/v2\/media\/3749"}],"wp:attachment":[{"href":"https:\/\/1075fm.com.br\/site\/wp-json\/wp\/v2\/media?parent=3748"}],"wp:term":[{"taxonomy":"category","embeddable":true,"href":"https:\/\/1075fm.com.br\/site\/wp-json\/wp\/v2\/categories?post=3748"},{"taxonomy":"post_tag","embeddable":true,"href":"https:\/\/1075fm.com.br\/site\/wp-json\/wp\/v2\/tags?post=3748"}],"curies":[{"name":"wp","href":"https:\/\/api.w.org\/{rel}","templated":true}]}}