{"id":4286,"date":"2026-04-29T08:37:54","date_gmt":"2026-04-29T11:37:54","guid":{"rendered":"https:\/\/1075fm.com.br\/site\/?p=4286"},"modified":"2026-04-29T08:37:54","modified_gmt":"2026-04-29T11:37:54","slug":"prefeitura-de-joinville-intensifica-acoes-de-seguranca-e-monitora-operacao-do-restaurante-popular","status":"publish","type":"post","link":"https:\/\/1075fm.com.br\/site\/prefeitura-de-joinville-intensifica-acoes-de-seguranca-e-monitora-operacao-do-restaurante-popular\/","title":{"rendered":"Prefeitura de Joinville intensifica a\u00e7\u00f5es de seguran\u00e7a e monitora opera\u00e7\u00e3o do Restaurante Popular"},"content":{"rendered":"<p>Na tarde desta ter\u00e7a-feira (28\/4), foram realizadas reuni\u00f5es t\u00e9cnicas e operacionais na Prefeitura de Joinville para tratar do atendimento e do monitoramento das atividades relacionadas \u00e0s pessoas em situa\u00e7\u00e3o de rua no munic\u00edpio.<\/p>\n<p><strong>A prefeita Rejane Gambin determinou o refor\u00e7o imediato nas a\u00e7\u00f5es de seguran\u00e7a p\u00fablica e solicitou um levantamento detalhado sobre a abrang\u00eancia dos servi\u00e7os do Restaurante Popular.<\/strong><\/p>\n<h2>Seguran\u00e7a P\u00fablica<\/h2>\n<p>Em reuni\u00e3o com o Grupo de A\u00e7\u00e3o de Ordem P\u00fablica (GAOP), que re\u00fane as For\u00e7as de Seguran\u00e7a, ficou definida a intensifica\u00e7\u00e3o das rondas e o refor\u00e7o da <strong>\u201cOpera\u00e7\u00e3o Presen\u00e7a\u201d<\/strong> em pontos estrat\u00e9gicos e \u00e1reas com hist\u00f3rico de ocorr\u00eancias. O objetivo \u00e9 garantir o cumprimento da ordem e da seguran\u00e7a de moradores e comerciantes.<\/p>\n<p><strong>\u201cN\u00f3s n\u00e3o abriremos m\u00e3o da ordem p\u00fablica, porque Joinville tem regras e vamos continuar garantindo que o espa\u00e7o das nossas fam\u00edlias seja respeitado\u201d<\/strong>, afirma a prefeita.<\/p>\n<h2>Restaurante Popular<\/h2>\n<p>Tamb\u00e9m foi realizada uma reuni\u00e3o de trabalho para avaliar a opera\u00e7\u00e3o das unidades do Restaurante Popular no Bucarein e no Adhemar Garcia. Dados do primeiro trimestre deste ano apontam que foram servidas 135 mil refei\u00e7\u00f5es. Do total, 76%, o que corresponde a mais de 100 mil atendimentos, foram destinados a idosos, crian\u00e7as e fam\u00edlias em situa\u00e7\u00e3o de vulnerabilidade, enquanto 24% das refei\u00e7\u00f5es foram consumidas por pessoas em situa\u00e7\u00e3o de rua.<\/p>\n<p>Nos pr\u00f3ximos dias, a Secretaria de Assist\u00eancia Social iniciar\u00e1 uma pesquisa detalhada com os usu\u00e1rios do servi\u00e7o. O objetivo \u00e9 coletar dados sobre perfil e h\u00e1bitos, assegurando a seguran\u00e7a alimentar da popula\u00e7\u00e3o atendida sem comprometer a ordem e a seguran\u00e7a das regi\u00f5es onde as unidades est\u00e3o instaladas.<\/p>\n<h2>Legisla\u00e7\u00e3o Federal<\/h2>\n<p>Na ocasi\u00e3o, a prefeita refor\u00e7ou que a cidade possui uma rede estruturada de assist\u00eancia social, sa\u00fade e seguran\u00e7a, mas enfrenta limita\u00e7\u00f5es impostas pela Legisla\u00e7\u00e3o Federal vigente, que muitas vezes restringe a\u00e7\u00f5es mais incisivas. Rejane fez um apelo aos deputados e senadores para que fomentem a revis\u00e3o das leis que regem o tema.<\/p>\n<p><strong>\u201cO Brasil precisa de leis que tragam solu\u00e7\u00f5es reais para a quest\u00e3o das pessoas em situa\u00e7\u00e3o de rua, que assola cidades em todo o nosso pa\u00eds. Em Joinville, eu garanto que n\u00f3s continuaremos cobrando e agindo com todo o rigor que a legisla\u00e7\u00e3o nos permite\u201d<\/strong>, refor\u00e7a a prefeita.<\/p>\n<p>&nbsp;<\/p>\n<p>Com informa\u00e7\u00f5es <a href=\"https:\/\/www.joinville.sc.gov.br\/noticias\/prefeitura-de-joinville-intensifica-acoes-de-seguranca-e-monitora-operacao-do-restaurante-popular\/\">Prefeitura de Joinville<\/a><\/p>\n<p>Foto: Divulga\u00e7\u00e3o\/Prefeitura de Joinville<\/p>\n","protected":false},"excerpt":{"rendered":"<p>Na tarde desta ter\u00e7a-feira (28\/4), foram realizadas reuni\u00f5es t\u00e9cnicas e operacionais na Prefeitura de Joinville para tratar do atendimento e do monitoramento das atividades relacionadas \u00e0s pessoas em situa\u00e7\u00e3o de rua no munic\u00edpio. A prefeita Rejane Gambin determinou o refor\u00e7o imediato nas a\u00e7\u00f5es de seguran\u00e7a p\u00fablica e solicitou um levantamento detalhado sobre a abrang\u00eancia dos [&hellip;]<\/p>\n","protected":false},"author":2,"featured_media":4287,"comment_status":"open","ping_status":"open","sticky":false,"template":"","format":"standard","meta":{"_acf_changed":false,"h5ap_radio_sources":[],"footnotes":""},"categories":[1],"tags":[],"class_list":["post-4286","post","type-post","status-publish","format-standard","has-post-thumbnail","hentry","category-sem-categoria"],"acf":[],"yoast_head":"<!-- This site is optimized with the Yoast SEO plugin v24.4 - https:\/\/yoast.com\/wordpress\/plugins\/seo\/ -->\n<title>Prefeitura de Joinville intensifica a\u00e7\u00f5es de seguran\u00e7a e monitora opera\u00e7\u00e3o do Restaurante Popular - R\u00e1dio 107,5 FM Simplesmente Diferente<\/title>\n<meta name=\"robots\" content=\"index, follow, max-snippet:-1, max-image-preview:large, max-video-preview:-1\" \/>\n<link rel=\"canonical\" href=\"https:\/\/1075fm.com.br\/site\/prefeitura-de-joinville-intensifica-acoes-de-seguranca-e-monitora-operacao-do-restaurante-popular\/\" \/>\n<meta property=\"og:locale\" content=\"pt_BR\" \/>\n<meta property=\"og:type\" content=\"article\" \/>\n<meta property=\"og:title\" content=\"Prefeitura de Joinville intensifica a\u00e7\u00f5es de seguran\u00e7a e monitora opera\u00e7\u00e3o do Restaurante Popular - R\u00e1dio 107,5 FM Simplesmente Diferente\" \/>\n<meta property=\"og:description\" content=\"Na tarde desta ter\u00e7a-feira (28\/4), foram realizadas reuni\u00f5es t\u00e9cnicas e operacionais na Prefeitura de Joinville para tratar do atendimento e do monitoramento das atividades relacionadas \u00e0s pessoas em situa\u00e7\u00e3o de rua no munic\u00edpio. A prefeita Rejane Gambin determinou o refor\u00e7o imediato nas a\u00e7\u00f5es de seguran\u00e7a p\u00fablica e solicitou um levantamento detalhado sobre a abrang\u00eancia dos [&hellip;]\" \/>\n<meta property=\"og:url\" content=\"https:\/\/1075fm.com.br\/site\/prefeitura-de-joinville-intensifica-acoes-de-seguranca-e-monitora-operacao-do-restaurante-popular\/\" \/>\n<meta property=\"og:site_name\" content=\"R\u00e1dio 107,5 FM Simplesmente Diferente\" \/>\n<meta property=\"article:published_time\" content=\"2026-04-29T11:37:54+00:00\" \/>\n<meta property=\"og:image\" content=\"https:\/\/1075fm.com.br\/site\/wp-content\/uploads\/2026\/04\/Restaurante-Popular.png\" \/>\n\t<meta property=\"og:image:width\" content=\"1435\" \/>\n\t<meta property=\"og:image:height\" content=\"728\" \/>\n\t<meta property=\"og:image:type\" content=\"image\/png\" \/>\n<meta name=\"author\" content=\"demetrio\" \/>\n<meta name=\"twitter:card\" content=\"summary_large_image\" \/>\n<meta name=\"twitter:label1\" content=\"Escrito por\" \/>\n\t<meta name=\"twitter:data1\" content=\"demetrio\" \/>\n\t<meta name=\"twitter:label2\" content=\"Est. tempo de leitura\" \/>\n\t<meta name=\"twitter:data2\" content=\"3 minutos\" \/>\n<script type=\"application\/ld+json\" class=\"yoast-schema-graph\">{\"@context\":\"https:\/\/schema.org\",\"@graph\":[{\"@type\":\"WebPage\",\"@id\":\"https:\/\/1075fm.com.br\/site\/prefeitura-de-joinville-intensifica-acoes-de-seguranca-e-monitora-operacao-do-restaurante-popular\/\",\"url\":\"https:\/\/1075fm.com.br\/site\/prefeitura-de-joinville-intensifica-acoes-de-seguranca-e-monitora-operacao-do-restaurante-popular\/\",\"name\":\"Prefeitura de Joinville intensifica a\u00e7\u00f5es de seguran\u00e7a e monitora opera\u00e7\u00e3o do Restaurante Popular - R\u00e1dio 107,5 FM Simplesmente Diferente\",\"isPartOf\":{\"@id\":\"https:\/\/1075fm.com.br\/site\/#website\"},\"primaryImageOfPage\":{\"@id\":\"https:\/\/1075fm.com.br\/site\/prefeitura-de-joinville-intensifica-acoes-de-seguranca-e-monitora-operacao-do-restaurante-popular\/#primaryimage\"},\"image\":{\"@id\":\"https:\/\/1075fm.com.br\/site\/prefeitura-de-joinville-intensifica-acoes-de-seguranca-e-monitora-operacao-do-restaurante-popular\/#primaryimage\"},\"thumbnailUrl\":\"https:\/\/1075fm.com.br\/site\/wp-content\/uploads\/2026\/04\/Restaurante-Popular.png\",\"datePublished\":\"2026-04-29T11:37:54+00:00\",\"author\":{\"@id\":\"https:\/\/1075fm.com.br\/site\/#\/schema\/person\/592f97625e8fc4a064502324aa4a3a26\"},\"breadcrumb\":{\"@id\":\"https:\/\/1075fm.com.br\/site\/prefeitura-de-joinville-intensifica-acoes-de-seguranca-e-monitora-operacao-do-restaurante-popular\/#breadcrumb\"},\"inLanguage\":\"pt-BR\",\"potentialAction\":[{\"@type\":\"ReadAction\",\"target\":[\"https:\/\/1075fm.com.br\/site\/prefeitura-de-joinville-intensifica-acoes-de-seguranca-e-monitora-operacao-do-restaurante-popular\/\"]}]},{\"@type\":\"ImageObject\",\"inLanguage\":\"pt-BR\",\"@id\":\"https:\/\/1075fm.com.br\/site\/prefeitura-de-joinville-intensifica-acoes-de-seguranca-e-monitora-operacao-do-restaurante-popular\/#primaryimage\",\"url\":\"https:\/\/1075fm.com.br\/site\/wp-content\/uploads\/2026\/04\/Restaurante-Popular.png\",\"contentUrl\":\"https:\/\/1075fm.com.br\/site\/wp-content\/uploads\/2026\/04\/Restaurante-Popular.png\",\"width\":1435,\"height\":728},{\"@type\":\"BreadcrumbList\",\"@id\":\"https:\/\/1075fm.com.br\/site\/prefeitura-de-joinville-intensifica-acoes-de-seguranca-e-monitora-operacao-do-restaurante-popular\/#breadcrumb\",\"itemListElement\":[{\"@type\":\"ListItem\",\"position\":1,\"name\":\"In\u00edcio\",\"item\":\"https:\/\/1075fm.com.br\/site\/\"},{\"@type\":\"ListItem\",\"position\":2,\"name\":\"Prefeitura de Joinville intensifica a\u00e7\u00f5es de seguran\u00e7a e monitora opera\u00e7\u00e3o do Restaurante Popular\"}]},{\"@type\":\"WebSite\",\"@id\":\"https:\/\/1075fm.com.br\/site\/#website\",\"url\":\"https:\/\/1075fm.com.br\/site\/\",\"name\":\"R\u00e1dio 107,5 FM Simplesmente Diferente\",\"description\":\"\",\"potentialAction\":[{\"@type\":\"SearchAction\",\"target\":{\"@type\":\"EntryPoint\",\"urlTemplate\":\"https:\/\/1075fm.com.br\/site\/?s={search_term_string}\"},\"query-input\":{\"@type\":\"PropertyValueSpecification\",\"valueRequired\":true,\"valueName\":\"search_term_string\"}}],\"inLanguage\":\"pt-BR\"},{\"@type\":\"Person\",\"@id\":\"https:\/\/1075fm.com.br\/site\/#\/schema\/person\/592f97625e8fc4a064502324aa4a3a26\",\"name\":\"demetrio\",\"image\":{\"@type\":\"ImageObject\",\"inLanguage\":\"pt-BR\",\"@id\":\"https:\/\/1075fm.com.br\/site\/#\/schema\/person\/image\/\",\"url\":\"https:\/\/secure.gravatar.com\/avatar\/31b4e5789076195b7ac5f73e9b612d5cf2dbf52e6948c7b8269e7830d983413c?s=96&d=mm&r=g\",\"contentUrl\":\"https:\/\/secure.gravatar.com\/avatar\/31b4e5789076195b7ac5f73e9b612d5cf2dbf52e6948c7b8269e7830d983413c?s=96&d=mm&r=g\",\"caption\":\"demetrio\"},\"url\":\"https:\/\/1075fm.com.br\/site\/author\/demetrio\/\"}]}<\/script>\n<!-- \/ Yoast SEO plugin. -->","yoast_head_json":{"title":"Prefeitura de Joinville intensifica a\u00e7\u00f5es de seguran\u00e7a e monitora opera\u00e7\u00e3o do Restaurante Popular - R\u00e1dio 107,5 FM Simplesmente Diferente","robots":{"index":"index","follow":"follow","max-snippet":"max-snippet:-1","max-image-preview":"max-image-preview:large","max-video-preview":"max-video-preview:-1"},"canonical":"https:\/\/1075fm.com.br\/site\/prefeitura-de-joinville-intensifica-acoes-de-seguranca-e-monitora-operacao-do-restaurante-popular\/","og_locale":"pt_BR","og_type":"article","og_title":"Prefeitura de Joinville intensifica a\u00e7\u00f5es de seguran\u00e7a e monitora opera\u00e7\u00e3o do Restaurante Popular - R\u00e1dio 107,5 FM Simplesmente Diferente","og_description":"Na tarde desta ter\u00e7a-feira (28\/4), foram realizadas reuni\u00f5es t\u00e9cnicas e operacionais na Prefeitura de Joinville para tratar do atendimento e do monitoramento das atividades relacionadas \u00e0s pessoas em situa\u00e7\u00e3o de rua no munic\u00edpio. A prefeita Rejane Gambin determinou o refor\u00e7o imediato nas a\u00e7\u00f5es de seguran\u00e7a p\u00fablica e solicitou um levantamento detalhado sobre a abrang\u00eancia dos [&hellip;]","og_url":"https:\/\/1075fm.com.br\/site\/prefeitura-de-joinville-intensifica-acoes-de-seguranca-e-monitora-operacao-do-restaurante-popular\/","og_site_name":"R\u00e1dio 107,5 FM Simplesmente Diferente","article_published_time":"2026-04-29T11:37:54+00:00","og_image":[{"width":1435,"height":728,"url":"https:\/\/1075fm.com.br\/site\/wp-content\/uploads\/2026\/04\/Restaurante-Popular.png","type":"image\/png"}],"author":"demetrio","twitter_card":"summary_large_image","twitter_misc":{"Escrito por":"demetrio","Est. tempo de leitura":"3 minutos"},"schema":{"@context":"https:\/\/schema.org","@graph":[{"@type":"WebPage","@id":"https:\/\/1075fm.com.br\/site\/prefeitura-de-joinville-intensifica-acoes-de-seguranca-e-monitora-operacao-do-restaurante-popular\/","url":"https:\/\/1075fm.com.br\/site\/prefeitura-de-joinville-intensifica-acoes-de-seguranca-e-monitora-operacao-do-restaurante-popular\/","name":"Prefeitura de Joinville intensifica a\u00e7\u00f5es de seguran\u00e7a e monitora opera\u00e7\u00e3o do Restaurante Popular - R\u00e1dio 107,5 FM Simplesmente Diferente","isPartOf":{"@id":"https:\/\/1075fm.com.br\/site\/#website"},"primaryImageOfPage":{"@id":"https:\/\/1075fm.com.br\/site\/prefeitura-de-joinville-intensifica-acoes-de-seguranca-e-monitora-operacao-do-restaurante-popular\/#primaryimage"},"image":{"@id":"https:\/\/1075fm.com.br\/site\/prefeitura-de-joinville-intensifica-acoes-de-seguranca-e-monitora-operacao-do-restaurante-popular\/#primaryimage"},"thumbnailUrl":"https:\/\/1075fm.com.br\/site\/wp-content\/uploads\/2026\/04\/Restaurante-Popular.png","datePublished":"2026-04-29T11:37:54+00:00","author":{"@id":"https:\/\/1075fm.com.br\/site\/#\/schema\/person\/592f97625e8fc4a064502324aa4a3a26"},"breadcrumb":{"@id":"https:\/\/1075fm.com.br\/site\/prefeitura-de-joinville-intensifica-acoes-de-seguranca-e-monitora-operacao-do-restaurante-popular\/#breadcrumb"},"inLanguage":"pt-BR","potentialAction":[{"@type":"ReadAction","target":["https:\/\/1075fm.com.br\/site\/prefeitura-de-joinville-intensifica-acoes-de-seguranca-e-monitora-operacao-do-restaurante-popular\/"]}]},{"@type":"ImageObject","inLanguage":"pt-BR","@id":"https:\/\/1075fm.com.br\/site\/prefeitura-de-joinville-intensifica-acoes-de-seguranca-e-monitora-operacao-do-restaurante-popular\/#primaryimage","url":"https:\/\/1075fm.com.br\/site\/wp-content\/uploads\/2026\/04\/Restaurante-Popular.png","contentUrl":"https:\/\/1075fm.com.br\/site\/wp-content\/uploads\/2026\/04\/Restaurante-Popular.png","width":1435,"height":728},{"@type":"BreadcrumbList","@id":"https:\/\/1075fm.com.br\/site\/prefeitura-de-joinville-intensifica-acoes-de-seguranca-e-monitora-operacao-do-restaurante-popular\/#breadcrumb","itemListElement":[{"@type":"ListItem","position":1,"name":"In\u00edcio","item":"https:\/\/1075fm.com.br\/site\/"},{"@type":"ListItem","position":2,"name":"Prefeitura de Joinville intensifica a\u00e7\u00f5es de seguran\u00e7a e monitora opera\u00e7\u00e3o do Restaurante Popular"}]},{"@type":"WebSite","@id":"https:\/\/1075fm.com.br\/site\/#website","url":"https:\/\/1075fm.com.br\/site\/","name":"R\u00e1dio 107,5 FM Simplesmente Diferente","description":"","potentialAction":[{"@type":"SearchAction","target":{"@type":"EntryPoint","urlTemplate":"https:\/\/1075fm.com.br\/site\/?s={search_term_string}"},"query-input":{"@type":"PropertyValueSpecification","valueRequired":true,"valueName":"search_term_string"}}],"inLanguage":"pt-BR"},{"@type":"Person","@id":"https:\/\/1075fm.com.br\/site\/#\/schema\/person\/592f97625e8fc4a064502324aa4a3a26","name":"demetrio","image":{"@type":"ImageObject","inLanguage":"pt-BR","@id":"https:\/\/1075fm.com.br\/site\/#\/schema\/person\/image\/","url":"https:\/\/secure.gravatar.com\/avatar\/31b4e5789076195b7ac5f73e9b612d5cf2dbf52e6948c7b8269e7830d983413c?s=96&d=mm&r=g","contentUrl":"https:\/\/secure.gravatar.com\/avatar\/31b4e5789076195b7ac5f73e9b612d5cf2dbf52e6948c7b8269e7830d983413c?s=96&d=mm&r=g","caption":"demetrio"},"url":"https:\/\/1075fm.com.br\/site\/author\/demetrio\/"}]}},"_links":{"self":[{"href":"https:\/\/1075fm.com.br\/site\/wp-json\/wp\/v2\/posts\/4286","targetHints":{"allow":["GET"]}}],"collection":[{"href":"https:\/\/1075fm.com.br\/site\/wp-json\/wp\/v2\/posts"}],"about":[{"href":"https:\/\/1075fm.com.br\/site\/wp-json\/wp\/v2\/types\/post"}],"author":[{"embeddable":true,"href":"https:\/\/1075fm.com.br\/site\/wp-json\/wp\/v2\/users\/2"}],"replies":[{"embeddable":true,"href":"https:\/\/1075fm.com.br\/site\/wp-json\/wp\/v2\/comments?post=4286"}],"version-history":[{"count":1,"href":"https:\/\/1075fm.com.br\/site\/wp-json\/wp\/v2\/posts\/4286\/revisions"}],"predecessor-version":[{"id":4288,"href":"https:\/\/1075fm.com.br\/site\/wp-json\/wp\/v2\/posts\/4286\/revisions\/4288"}],"wp:featuredmedia":[{"embeddable":true,"href":"https:\/\/1075fm.com.br\/site\/wp-json\/wp\/v2\/media\/4287"}],"wp:attachment":[{"href":"https:\/\/1075fm.com.br\/site\/wp-json\/wp\/v2\/media?parent=4286"}],"wp:term":[{"taxonomy":"category","embeddable":true,"href":"https:\/\/1075fm.com.br\/site\/wp-json\/wp\/v2\/categories?post=4286"},{"taxonomy":"post_tag","embeddable":true,"href":"https:\/\/1075fm.com.br\/site\/wp-json\/wp\/v2\/tags?post=4286"}],"curies":[{"name":"wp","href":"https:\/\/api.w.org\/{rel}","templated":true}]}}