{"id":4289,"date":"2026-04-29T08:52:39","date_gmt":"2026-04-29T11:52:39","guid":{"rendered":"https:\/\/1075fm.com.br\/site\/?p=4289"},"modified":"2026-04-29T08:52:39","modified_gmt":"2026-04-29T11:52:39","slug":"justica-eleitoral-entra-na-reta-final-para-fechamento-do-cadastro-com-mutirao-de-atendimento-ate-6-de-maio","status":"publish","type":"post","link":"https:\/\/1075fm.com.br\/site\/justica-eleitoral-entra-na-reta-final-para-fechamento-do-cadastro-com-mutirao-de-atendimento-ate-6-de-maio\/","title":{"rendered":"Justi\u00e7a Eleitoral entra na reta final para fechamento do cadastro com mutir\u00e3o de atendimento at\u00e9 6 de maio"},"content":{"rendered":"<h3>TRE catarinense amplia hor\u00e1rio nos cart\u00f3rios para servi\u00e7os como primeiro t\u00edtulo e transfer\u00eancia, com expectativa de aumento de at\u00e9 20% no eleitorado de SC<\/h3>\n<p>&nbsp;<\/p>\n<h5><div\n    id=\"h5ap-player-1\"\n    data-id=\"h5ap-player-1\"\n    data-attributes=\"{&quot;uniqueId&quot;:&quot;player4291&quot;,&quot;clientId&quot;:&quot;&quot;,&quot;align&quot;:&quot;&quot;,&quot;alignment&quot;:&quot;center&quot;,&quot;source&quot;:&quot;https:\\\/\\\/1075fm.com.br\\\/site\\\/wp-content\\\/uploads\\\/2026\\\/04\\\/justica-eleitoral-entra-na-reta-final-para-fechamento-do-cadastro-com-mutirao-de-atendimento-ate-6-de-maio.mp3&quot;,&quot;poster&quot;:&quot;&quot;,&quot;title&quot;:&quot;Audio Title&quot;,&quot;artist&quot;:&quot;Author Name&quot;,&quot;color&quot;:&quot;#fff&quot;,&quot;textColor&quot;:&quot;#fff&quot;,&quot;primaryColor&quot;:&quot;#195FF5&quot;,&quot;hoverColor&quot;:&quot;#00B3FF&quot;,&quot;skin&quot;:&quot;Default&quot;,&quot;repeat&quot;:false,&quot;autoplay&quot;:false,&quot;isSticky&quot;:false,&quot;muted&quot;:false,&quot;loader&quot;:true,&quot;saveState&quot;:false,&quot;disablePause&quot;:false,&quot;seekTime&quot;:10,&quot;startTime&quot;:0,&quot;download&quot;:false,&quot;width&quot;:&quot;100%&quot;,&quot;radius&quot;:&quot;10px&quot;,&quot;controls&quot;:{&quot;play&quot;:true,&quot;progress&quot;:true,&quot;duration&quot;:true,&quot;mute&quot;:true,&quot;volume&quot;:true,&quot;settings&quot;:true},&quot;CSS&quot;:&quot;&quot;,&quot;i18n&quot;:{&quot;restart&quot;:&quot;Restart&quot;,&quot;rewind&quot;:&quot;Rewind {seektime}s&quot;,&quot;play&quot;:&quot;Play&quot;,&quot;pause&quot;:&quot;Pause&quot;,&quot;fastForward:&quot;:&quot;Forward {seektime}s&quot;,&quot;seek&quot;:&quot;Seek&quot;,&quot;seekLabel&quot;:&quot;{currentTime} of {duration}&quot;,&quot;played&quot;:&quot;Played&quot;,&quot;buffered&quot;:&quot;Buffered&quot;,&quot;currentTime:&quot;:&quot;Current time&quot;,&quot;duration&quot;:&quot;Duration&quot;,&quot;volume&quot;:&quot;Volume&quot;,&quot;mute&quot;:&quot;Mute&quot;,&quot;unmute&quot;:&quot;Unmute&quot;,&quot;enableCaptions&quot;:&quot;Enable captions&quot;,&quot;disableCaptions&quot;:&quot;Disable captions&quot;,&quot;download&quot;:&quot;Download&quot;,&quot;enterFullscreen&quot;:&quot;Enter fullscreen&quot;,&quot;exitFullscreen&quot;:&quot;Exit fullscreen&quot;,&quot;frameTitle&quot;:&quot;Player for {title}&quot;,&quot;captions&quot;:&quot;Captions&quot;,&quot;settings&quot;:&quot;Settings&quot;,&quot;pip&quot;:&quot;PIP&quot;,&quot;menuBack&quot;:&quot;Go back to previous menu&quot;,&quot;speed&quot;:&quot;Speed&quot;,&quot;normal&quot;:&quot;Normal&quot;,&quot;quality&quot;:&quot;Quality&quot;,&quot;loop&quot;:&quot;Loop&quot;,&quot;start&quot;:&quot;Start&quot;,&quot;end&quot;:&quot;End&quot;,&quot;all&quot;:&quot;All&quot;,&quot;reset&quot;:&quot;Reset&quot;,&quot;disabled&quot;:&quot;Disabled&quot;,&quot;enabled&quot;:&quot;Enabled&quot;,&quot;advertisement&quot;:&quot;Ad&quot;,&quot;qualityBadge&quot;:{&quot;2160&quot;:&quot;4K&quot;,&quot;1440&quot;:&quot;HD&quot;,&quot;1080&quot;:&quot;HD&quot;,&quot;720&quot;:&quot;HD&quot;,&quot;576&quot;:&quot;SD&quot;,&quot;480&quot;:&quot;SD&quot;}},&quot;controlColor&quot;:&quot;#4a5464&quot;,&quot;preload&quot;:&quot;metadata&quot;,&quot;speed&quot;:{&quot;selected&quot;:1,&quot;speed&quot;:[&quot;0.5&quot;,&quot; 0.75&quot;,&quot; 1&quot;,&quot; 1.25&quot;,&quot; 1.5&quot;,&quot; 1.75&quot;,&quot; 2&quot;,&quot; 4&quot;,&quot; 8&quot;]},&quot;multiple_audio&quot;:false,&quot;defaultValue&quot;:{&quot;Default&quot;:{&quot;primaryColor&quot;:&quot;#4A5464&quot;,&quot;controlColor&quot;:&quot;#4A5464&quot;,&quot;bgColor&quot;:&quot;#F5F5F5&quot;},&quot;Fusion&quot;:{&quot;primaryColor&quot;:&quot;#fff&quot;,&quot;bgColor&quot;:&quot;#161616&quot;,&quot;controlColor&quot;:&quot;#fff&quot;},&quot;Stamp&quot;:{&quot;controlColor&quot;:&quot;#fff&quot;,&quot;bgColor&quot;:&quot;#161616&quot;},&quot;Wave&quot;:{&quot;primaryColor&quot;:&quot;#fff&quot;,&quot;controlColor&quot;:&quot;#fff&quot;,&quot;bgColor&quot;:&quot;#161616&quot;,&quot;textColor&quot;:&quot;#fff&quot;},&quot;Card-1&quot;:{&quot;primaryColor&quot;:&quot;#fff&quot;,&quot;controlColor&quot;:&quot;#161616&quot;,&quot;bgColor&quot;:&quot;#161616&quot;,&quot;textColor&quot;:&quot;#fff&quot;},&quot;Card-2&quot;:{&quot;primaryColor&quot;:&quot;#00FBF3&quot;,&quot;controlColor&quot;:&quot;#fff&quot;,&quot;bgColor&quot;:&quot;#161616&quot;,&quot;textColor&quot;:&quot;#fff&quot;},&quot;Simple-1&quot;:{&quot;primaryColor&quot;:&quot;#00dcff&quot;,&quot;controlColor&quot;:&quot;#fff&quot;,&quot;bgColor&quot;:&quot;#161616&quot;,&quot;textColor&quot;:&quot;#00dcff&quot;},&quot;Simple-2&quot;:{&quot;primaryColor&quot;:&quot;#06F7FF00&quot;,&quot;controlColor&quot;:&quot;#fff&quot;,&quot;bgColor&quot;:&quot;#161616&quot;},&quot;Player9&quot;:{&quot;primaryColor&quot;:&quot;#195FF6&quot;,&quot;controlColor&quot;:&quot;#fff&quot;,&quot;bgColor&quot;:&quot;#161616&quot;,&quot;textColor&quot;:&quot;#EDEFF2&quot;},&quot;Player10&quot;:{&quot;primaryColor&quot;:&quot;#195FF6&quot;,&quot;controlColor&quot;:&quot;#fff&quot;,&quot;bgColor&quot;:&quot;#161616&quot;,&quot;textColor&quot;:&quot;#EDEFF2&quot;},&quot;Player11&quot;:{&quot;primaryColor&quot;:&quot;#195FF6&quot;,&quot;controlColor&quot;:&quot;#fff&quot;,&quot;bgColor&quot;:&quot;#161616&quot;,&quot;textColor&quot;:&quot;#fff&quot;}}}\"\n    class=\"wp-block-h5ap-tailwind wp-block-h5ap-audioplayer\">\n            <div class='h5ap_lp'>\n            <div class='bar bar-1'><\/div>\n            <div class='bar bar-1'><\/div>\n        <\/div>\n    <\/div><\/h5>\n<p>&nbsp;<\/p>\n<h5><b>Entrevistada:<\/p>\n<p><\/b>Secret\u00e1ria da Corregedoria Regional Eleitoral do TRE-SC &#8211; Renata Beatriz de F\u00e1vere<\/h5>\n<p class=\"mt-4\">Rep\u00f3rter: Carol Denardi &#8211; <a href=\"https:\/\/www.acaert.com.br\/noticia\/61825\/justica-eleitoral-entra-na-reta-final-para-fechamento-do-cadastro-com-mutirao-de-atendimento-ate-6-de-maio\">RNA\/Florian\u00f3polis<\/a><\/p>\n<p>Foto: Divulga\u00e7\u00e3o\/Acaert<\/p>\n","protected":false},"excerpt":{"rendered":"<p>TRE catarinense amplia hor\u00e1rio nos cart\u00f3rios para servi\u00e7os como primeiro t\u00edtulo e transfer\u00eancia, com expectativa de aumento de at\u00e9 20% no eleitorado de SC &nbsp; &nbsp; Entrevistada: Secret\u00e1ria da Corregedoria Regional Eleitoral do TRE-SC &#8211; Renata Beatriz de F\u00e1vere Rep\u00f3rter: Carol Denardi &#8211; RNA\/Florian\u00f3polis Foto: Divulga\u00e7\u00e3o\/Acaert<\/p>\n","protected":false},"author":2,"featured_media":4290,"comment_status":"open","ping_status":"open","sticky":false,"template":"","format":"standard","meta":{"_acf_changed":false,"h5ap_radio_sources":[],"footnotes":""},"categories":[1],"tags":[],"class_list":["post-4289","post","type-post","status-publish","format-standard","has-post-thumbnail","hentry","category-sem-categoria"],"acf":[],"yoast_head":"<!-- This site is optimized with the Yoast SEO plugin v24.4 - https:\/\/yoast.com\/wordpress\/plugins\/seo\/ -->\n<title>Justi\u00e7a Eleitoral entra na reta final para fechamento do cadastro com mutir\u00e3o de atendimento at\u00e9 6 de maio - R\u00e1dio 107,5 FM Simplesmente Diferente<\/title>\n<meta name=\"robots\" content=\"index, follow, max-snippet:-1, max-image-preview:large, max-video-preview:-1\" \/>\n<link rel=\"canonical\" href=\"https:\/\/1075fm.com.br\/site\/justica-eleitoral-entra-na-reta-final-para-fechamento-do-cadastro-com-mutirao-de-atendimento-ate-6-de-maio\/\" \/>\n<meta property=\"og:locale\" content=\"pt_BR\" \/>\n<meta property=\"og:type\" content=\"article\" \/>\n<meta property=\"og:title\" content=\"Justi\u00e7a Eleitoral entra na reta final para fechamento do cadastro com mutir\u00e3o de atendimento at\u00e9 6 de maio - R\u00e1dio 107,5 FM Simplesmente Diferente\" \/>\n<meta property=\"og:description\" content=\"TRE catarinense amplia hor\u00e1rio nos cart\u00f3rios para servi\u00e7os como primeiro t\u00edtulo e transfer\u00eancia, com expectativa de aumento de at\u00e9 20% no eleitorado de SC &nbsp; &nbsp; Entrevistada: Secret\u00e1ria da Corregedoria Regional Eleitoral do TRE-SC &#8211; Renata Beatriz de F\u00e1vere Rep\u00f3rter: Carol Denardi &#8211; RNA\/Florian\u00f3polis Foto: Divulga\u00e7\u00e3o\/Acaert\" \/>\n<meta property=\"og:url\" content=\"https:\/\/1075fm.com.br\/site\/justica-eleitoral-entra-na-reta-final-para-fechamento-do-cadastro-com-mutirao-de-atendimento-ate-6-de-maio\/\" \/>\n<meta property=\"og:site_name\" content=\"R\u00e1dio 107,5 FM Simplesmente Diferente\" \/>\n<meta property=\"article:published_time\" content=\"2026-04-29T11:52:39+00:00\" \/>\n<meta property=\"og:image\" content=\"https:\/\/1075fm.com.br\/site\/wp-content\/uploads\/2026\/04\/69f0e7cca4d20-scaled.jpg\" \/>\n\t<meta property=\"og:image:width\" content=\"2560\" \/>\n\t<meta property=\"og:image:height\" content=\"1707\" \/>\n\t<meta property=\"og:image:type\" content=\"image\/jpeg\" \/>\n<meta name=\"author\" content=\"demetrio\" \/>\n<meta name=\"twitter:card\" content=\"summary_large_image\" \/>\n<meta name=\"twitter:label1\" content=\"Escrito por\" \/>\n\t<meta name=\"twitter:data1\" content=\"demetrio\" \/>\n\t<meta name=\"twitter:label2\" content=\"Est. tempo de leitura\" \/>\n\t<meta name=\"twitter:data2\" content=\"1 minuto\" \/>\n<script type=\"application\/ld+json\" class=\"yoast-schema-graph\">{\"@context\":\"https:\/\/schema.org\",\"@graph\":[{\"@type\":\"WebPage\",\"@id\":\"https:\/\/1075fm.com.br\/site\/justica-eleitoral-entra-na-reta-final-para-fechamento-do-cadastro-com-mutirao-de-atendimento-ate-6-de-maio\/\",\"url\":\"https:\/\/1075fm.com.br\/site\/justica-eleitoral-entra-na-reta-final-para-fechamento-do-cadastro-com-mutirao-de-atendimento-ate-6-de-maio\/\",\"name\":\"Justi\u00e7a Eleitoral entra na reta final para fechamento do cadastro com mutir\u00e3o de atendimento at\u00e9 6 de maio - R\u00e1dio 107,5 FM Simplesmente Diferente\",\"isPartOf\":{\"@id\":\"https:\/\/1075fm.com.br\/site\/#website\"},\"primaryImageOfPage\":{\"@id\":\"https:\/\/1075fm.com.br\/site\/justica-eleitoral-entra-na-reta-final-para-fechamento-do-cadastro-com-mutirao-de-atendimento-ate-6-de-maio\/#primaryimage\"},\"image\":{\"@id\":\"https:\/\/1075fm.com.br\/site\/justica-eleitoral-entra-na-reta-final-para-fechamento-do-cadastro-com-mutirao-de-atendimento-ate-6-de-maio\/#primaryimage\"},\"thumbnailUrl\":\"https:\/\/1075fm.com.br\/site\/wp-content\/uploads\/2026\/04\/69f0e7cca4d20-scaled.jpg\",\"datePublished\":\"2026-04-29T11:52:39+00:00\",\"author\":{\"@id\":\"https:\/\/1075fm.com.br\/site\/#\/schema\/person\/592f97625e8fc4a064502324aa4a3a26\"},\"breadcrumb\":{\"@id\":\"https:\/\/1075fm.com.br\/site\/justica-eleitoral-entra-na-reta-final-para-fechamento-do-cadastro-com-mutirao-de-atendimento-ate-6-de-maio\/#breadcrumb\"},\"inLanguage\":\"pt-BR\",\"potentialAction\":[{\"@type\":\"ReadAction\",\"target\":[\"https:\/\/1075fm.com.br\/site\/justica-eleitoral-entra-na-reta-final-para-fechamento-do-cadastro-com-mutirao-de-atendimento-ate-6-de-maio\/\"]}]},{\"@type\":\"ImageObject\",\"inLanguage\":\"pt-BR\",\"@id\":\"https:\/\/1075fm.com.br\/site\/justica-eleitoral-entra-na-reta-final-para-fechamento-do-cadastro-com-mutirao-de-atendimento-ate-6-de-maio\/#primaryimage\",\"url\":\"https:\/\/1075fm.com.br\/site\/wp-content\/uploads\/2026\/04\/69f0e7cca4d20-scaled.jpg\",\"contentUrl\":\"https:\/\/1075fm.com.br\/site\/wp-content\/uploads\/2026\/04\/69f0e7cca4d20-scaled.jpg\",\"width\":2560,\"height\":1707,\"caption\":\"Brazilian electoral title and ballot papers. collective focus\"},{\"@type\":\"BreadcrumbList\",\"@id\":\"https:\/\/1075fm.com.br\/site\/justica-eleitoral-entra-na-reta-final-para-fechamento-do-cadastro-com-mutirao-de-atendimento-ate-6-de-maio\/#breadcrumb\",\"itemListElement\":[{\"@type\":\"ListItem\",\"position\":1,\"name\":\"In\u00edcio\",\"item\":\"https:\/\/1075fm.com.br\/site\/\"},{\"@type\":\"ListItem\",\"position\":2,\"name\":\"Justi\u00e7a Eleitoral entra na reta final para fechamento do cadastro com mutir\u00e3o de atendimento at\u00e9 6 de maio\"}]},{\"@type\":\"WebSite\",\"@id\":\"https:\/\/1075fm.com.br\/site\/#website\",\"url\":\"https:\/\/1075fm.com.br\/site\/\",\"name\":\"R\u00e1dio 107,5 FM Simplesmente Diferente\",\"description\":\"\",\"potentialAction\":[{\"@type\":\"SearchAction\",\"target\":{\"@type\":\"EntryPoint\",\"urlTemplate\":\"https:\/\/1075fm.com.br\/site\/?s={search_term_string}\"},\"query-input\":{\"@type\":\"PropertyValueSpecification\",\"valueRequired\":true,\"valueName\":\"search_term_string\"}}],\"inLanguage\":\"pt-BR\"},{\"@type\":\"Person\",\"@id\":\"https:\/\/1075fm.com.br\/site\/#\/schema\/person\/592f97625e8fc4a064502324aa4a3a26\",\"name\":\"demetrio\",\"image\":{\"@type\":\"ImageObject\",\"inLanguage\":\"pt-BR\",\"@id\":\"https:\/\/1075fm.com.br\/site\/#\/schema\/person\/image\/\",\"url\":\"https:\/\/secure.gravatar.com\/avatar\/31b4e5789076195b7ac5f73e9b612d5cf2dbf52e6948c7b8269e7830d983413c?s=96&d=mm&r=g\",\"contentUrl\":\"https:\/\/secure.gravatar.com\/avatar\/31b4e5789076195b7ac5f73e9b612d5cf2dbf52e6948c7b8269e7830d983413c?s=96&d=mm&r=g\",\"caption\":\"demetrio\"},\"url\":\"https:\/\/1075fm.com.br\/site\/author\/demetrio\/\"}]}<\/script>\n<!-- \/ Yoast SEO plugin. -->","yoast_head_json":{"title":"Justi\u00e7a Eleitoral entra na reta final para fechamento do cadastro com mutir\u00e3o de atendimento at\u00e9 6 de maio - R\u00e1dio 107,5 FM Simplesmente Diferente","robots":{"index":"index","follow":"follow","max-snippet":"max-snippet:-1","max-image-preview":"max-image-preview:large","max-video-preview":"max-video-preview:-1"},"canonical":"https:\/\/1075fm.com.br\/site\/justica-eleitoral-entra-na-reta-final-para-fechamento-do-cadastro-com-mutirao-de-atendimento-ate-6-de-maio\/","og_locale":"pt_BR","og_type":"article","og_title":"Justi\u00e7a Eleitoral entra na reta final para fechamento do cadastro com mutir\u00e3o de atendimento at\u00e9 6 de maio - R\u00e1dio 107,5 FM Simplesmente Diferente","og_description":"TRE catarinense amplia hor\u00e1rio nos cart\u00f3rios para servi\u00e7os como primeiro t\u00edtulo e transfer\u00eancia, com expectativa de aumento de at\u00e9 20% no eleitorado de SC &nbsp; &nbsp; Entrevistada: Secret\u00e1ria da Corregedoria Regional Eleitoral do TRE-SC &#8211; Renata Beatriz de F\u00e1vere Rep\u00f3rter: Carol Denardi &#8211; RNA\/Florian\u00f3polis Foto: Divulga\u00e7\u00e3o\/Acaert","og_url":"https:\/\/1075fm.com.br\/site\/justica-eleitoral-entra-na-reta-final-para-fechamento-do-cadastro-com-mutirao-de-atendimento-ate-6-de-maio\/","og_site_name":"R\u00e1dio 107,5 FM Simplesmente Diferente","article_published_time":"2026-04-29T11:52:39+00:00","og_image":[{"width":2560,"height":1707,"url":"https:\/\/1075fm.com.br\/site\/wp-content\/uploads\/2026\/04\/69f0e7cca4d20-scaled.jpg","type":"image\/jpeg"}],"author":"demetrio","twitter_card":"summary_large_image","twitter_misc":{"Escrito por":"demetrio","Est. tempo de leitura":"1 minuto"},"schema":{"@context":"https:\/\/schema.org","@graph":[{"@type":"WebPage","@id":"https:\/\/1075fm.com.br\/site\/justica-eleitoral-entra-na-reta-final-para-fechamento-do-cadastro-com-mutirao-de-atendimento-ate-6-de-maio\/","url":"https:\/\/1075fm.com.br\/site\/justica-eleitoral-entra-na-reta-final-para-fechamento-do-cadastro-com-mutirao-de-atendimento-ate-6-de-maio\/","name":"Justi\u00e7a Eleitoral entra na reta final para fechamento do cadastro com mutir\u00e3o de atendimento at\u00e9 6 de maio - R\u00e1dio 107,5 FM Simplesmente Diferente","isPartOf":{"@id":"https:\/\/1075fm.com.br\/site\/#website"},"primaryImageOfPage":{"@id":"https:\/\/1075fm.com.br\/site\/justica-eleitoral-entra-na-reta-final-para-fechamento-do-cadastro-com-mutirao-de-atendimento-ate-6-de-maio\/#primaryimage"},"image":{"@id":"https:\/\/1075fm.com.br\/site\/justica-eleitoral-entra-na-reta-final-para-fechamento-do-cadastro-com-mutirao-de-atendimento-ate-6-de-maio\/#primaryimage"},"thumbnailUrl":"https:\/\/1075fm.com.br\/site\/wp-content\/uploads\/2026\/04\/69f0e7cca4d20-scaled.jpg","datePublished":"2026-04-29T11:52:39+00:00","author":{"@id":"https:\/\/1075fm.com.br\/site\/#\/schema\/person\/592f97625e8fc4a064502324aa4a3a26"},"breadcrumb":{"@id":"https:\/\/1075fm.com.br\/site\/justica-eleitoral-entra-na-reta-final-para-fechamento-do-cadastro-com-mutirao-de-atendimento-ate-6-de-maio\/#breadcrumb"},"inLanguage":"pt-BR","potentialAction":[{"@type":"ReadAction","target":["https:\/\/1075fm.com.br\/site\/justica-eleitoral-entra-na-reta-final-para-fechamento-do-cadastro-com-mutirao-de-atendimento-ate-6-de-maio\/"]}]},{"@type":"ImageObject","inLanguage":"pt-BR","@id":"https:\/\/1075fm.com.br\/site\/justica-eleitoral-entra-na-reta-final-para-fechamento-do-cadastro-com-mutirao-de-atendimento-ate-6-de-maio\/#primaryimage","url":"https:\/\/1075fm.com.br\/site\/wp-content\/uploads\/2026\/04\/69f0e7cca4d20-scaled.jpg","contentUrl":"https:\/\/1075fm.com.br\/site\/wp-content\/uploads\/2026\/04\/69f0e7cca4d20-scaled.jpg","width":2560,"height":1707,"caption":"Brazilian electoral title and ballot papers. collective focus"},{"@type":"BreadcrumbList","@id":"https:\/\/1075fm.com.br\/site\/justica-eleitoral-entra-na-reta-final-para-fechamento-do-cadastro-com-mutirao-de-atendimento-ate-6-de-maio\/#breadcrumb","itemListElement":[{"@type":"ListItem","position":1,"name":"In\u00edcio","item":"https:\/\/1075fm.com.br\/site\/"},{"@type":"ListItem","position":2,"name":"Justi\u00e7a Eleitoral entra na reta final para fechamento do cadastro com mutir\u00e3o de atendimento at\u00e9 6 de maio"}]},{"@type":"WebSite","@id":"https:\/\/1075fm.com.br\/site\/#website","url":"https:\/\/1075fm.com.br\/site\/","name":"R\u00e1dio 107,5 FM Simplesmente Diferente","description":"","potentialAction":[{"@type":"SearchAction","target":{"@type":"EntryPoint","urlTemplate":"https:\/\/1075fm.com.br\/site\/?s={search_term_string}"},"query-input":{"@type":"PropertyValueSpecification","valueRequired":true,"valueName":"search_term_string"}}],"inLanguage":"pt-BR"},{"@type":"Person","@id":"https:\/\/1075fm.com.br\/site\/#\/schema\/person\/592f97625e8fc4a064502324aa4a3a26","name":"demetrio","image":{"@type":"ImageObject","inLanguage":"pt-BR","@id":"https:\/\/1075fm.com.br\/site\/#\/schema\/person\/image\/","url":"https:\/\/secure.gravatar.com\/avatar\/31b4e5789076195b7ac5f73e9b612d5cf2dbf52e6948c7b8269e7830d983413c?s=96&d=mm&r=g","contentUrl":"https:\/\/secure.gravatar.com\/avatar\/31b4e5789076195b7ac5f73e9b612d5cf2dbf52e6948c7b8269e7830d983413c?s=96&d=mm&r=g","caption":"demetrio"},"url":"https:\/\/1075fm.com.br\/site\/author\/demetrio\/"}]}},"_links":{"self":[{"href":"https:\/\/1075fm.com.br\/site\/wp-json\/wp\/v2\/posts\/4289","targetHints":{"allow":["GET"]}}],"collection":[{"href":"https:\/\/1075fm.com.br\/site\/wp-json\/wp\/v2\/posts"}],"about":[{"href":"https:\/\/1075fm.com.br\/site\/wp-json\/wp\/v2\/types\/post"}],"author":[{"embeddable":true,"href":"https:\/\/1075fm.com.br\/site\/wp-json\/wp\/v2\/users\/2"}],"replies":[{"embeddable":true,"href":"https:\/\/1075fm.com.br\/site\/wp-json\/wp\/v2\/comments?post=4289"}],"version-history":[{"count":1,"href":"https:\/\/1075fm.com.br\/site\/wp-json\/wp\/v2\/posts\/4289\/revisions"}],"predecessor-version":[{"id":4293,"href":"https:\/\/1075fm.com.br\/site\/wp-json\/wp\/v2\/posts\/4289\/revisions\/4293"}],"wp:featuredmedia":[{"embeddable":true,"href":"https:\/\/1075fm.com.br\/site\/wp-json\/wp\/v2\/media\/4290"}],"wp:attachment":[{"href":"https:\/\/1075fm.com.br\/site\/wp-json\/wp\/v2\/media?parent=4289"}],"wp:term":[{"taxonomy":"category","embeddable":true,"href":"https:\/\/1075fm.com.br\/site\/wp-json\/wp\/v2\/categories?post=4289"},{"taxonomy":"post_tag","embeddable":true,"href":"https:\/\/1075fm.com.br\/site\/wp-json\/wp\/v2\/tags?post=4289"}],"curies":[{"name":"wp","href":"https:\/\/api.w.org\/{rel}","templated":true}]}}