{"id":4294,"date":"2026-04-29T11:24:53","date_gmt":"2026-04-29T14:24:53","guid":{"rendered":"https:\/\/1075fm.com.br\/site\/?p=4294"},"modified":"2026-04-29T11:47:24","modified_gmt":"2026-04-29T14:47:24","slug":"palavra-do-dia-a-singularidade-e-a-dignidade-de-cada-pessoa","status":"publish","type":"post","link":"https:\/\/1075fm.com.br\/site\/palavra-do-dia-a-singularidade-e-a-dignidade-de-cada-pessoa\/","title":{"rendered":"Palavra do Dia: A Singularidade e a Dignidade de cada Pessoa"},"content":{"rendered":"<p>Voc\u00ea j\u00e1 parou para pensar que, em meio a tantas perdas e ganhos da vida, existe algo em voc\u00ea que ningu\u00e9m pode tirar? Esse <strong>&#8220;algo&#8221;<\/strong> \u00e9 a sua dignidade. Em um artigo sens\u00edvel para a Gazeta do Povo, a jornalista Lorena Lafraia nos convida a refletir sobre como ensinar aos filhos que toda pessoa \u00e9 \u00fanica e digna de respeito.<\/p>\n<p>&nbsp;<\/p>\n<p><strong>Confira o artigo em \u00e1udio:<\/strong><\/p>\n<div\n    id=\"h5ap-player-1\"\n    data-id=\"h5ap-player-1\"\n    data-attributes=\"{&quot;uniqueId&quot;:&quot;player4295&quot;,&quot;clientId&quot;:&quot;&quot;,&quot;align&quot;:&quot;&quot;,&quot;alignment&quot;:&quot;center&quot;,&quot;source&quot;:&quot;https:\\\/\\\/1075fm.com.br\\\/site\\\/wp-content\\\/uploads\\\/2026\\\/04\\\/29-04-26-DIGNIDADE.mp3&quot;,&quot;poster&quot;:&quot;&quot;,&quot;title&quot;:&quot;Audio Title&quot;,&quot;artist&quot;:&quot;Author Name&quot;,&quot;color&quot;:&quot;#fff&quot;,&quot;textColor&quot;:&quot;#fff&quot;,&quot;primaryColor&quot;:&quot;#195FF5&quot;,&quot;hoverColor&quot;:&quot;#00B3FF&quot;,&quot;skin&quot;:&quot;Default&quot;,&quot;repeat&quot;:false,&quot;autoplay&quot;:false,&quot;isSticky&quot;:false,&quot;muted&quot;:false,&quot;loader&quot;:true,&quot;saveState&quot;:false,&quot;disablePause&quot;:false,&quot;seekTime&quot;:10,&quot;startTime&quot;:0,&quot;download&quot;:false,&quot;width&quot;:&quot;100%&quot;,&quot;radius&quot;:&quot;10px&quot;,&quot;controls&quot;:{&quot;play&quot;:true,&quot;progress&quot;:true,&quot;duration&quot;:true,&quot;mute&quot;:true,&quot;volume&quot;:true,&quot;settings&quot;:true},&quot;CSS&quot;:&quot;&quot;,&quot;i18n&quot;:{&quot;restart&quot;:&quot;Restart&quot;,&quot;rewind&quot;:&quot;Rewind {seektime}s&quot;,&quot;play&quot;:&quot;Play&quot;,&quot;pause&quot;:&quot;Pause&quot;,&quot;fastForward:&quot;:&quot;Forward {seektime}s&quot;,&quot;seek&quot;:&quot;Seek&quot;,&quot;seekLabel&quot;:&quot;{currentTime} of {duration}&quot;,&quot;played&quot;:&quot;Played&quot;,&quot;buffered&quot;:&quot;Buffered&quot;,&quot;currentTime:&quot;:&quot;Current time&quot;,&quot;duration&quot;:&quot;Duration&quot;,&quot;volume&quot;:&quot;Volume&quot;,&quot;mute&quot;:&quot;Mute&quot;,&quot;unmute&quot;:&quot;Unmute&quot;,&quot;enableCaptions&quot;:&quot;Enable captions&quot;,&quot;disableCaptions&quot;:&quot;Disable captions&quot;,&quot;download&quot;:&quot;Download&quot;,&quot;enterFullscreen&quot;:&quot;Enter fullscreen&quot;,&quot;exitFullscreen&quot;:&quot;Exit fullscreen&quot;,&quot;frameTitle&quot;:&quot;Player for {title}&quot;,&quot;captions&quot;:&quot;Captions&quot;,&quot;settings&quot;:&quot;Settings&quot;,&quot;pip&quot;:&quot;PIP&quot;,&quot;menuBack&quot;:&quot;Go back to previous menu&quot;,&quot;speed&quot;:&quot;Speed&quot;,&quot;normal&quot;:&quot;Normal&quot;,&quot;quality&quot;:&quot;Quality&quot;,&quot;loop&quot;:&quot;Loop&quot;,&quot;start&quot;:&quot;Start&quot;,&quot;end&quot;:&quot;End&quot;,&quot;all&quot;:&quot;All&quot;,&quot;reset&quot;:&quot;Reset&quot;,&quot;disabled&quot;:&quot;Disabled&quot;,&quot;enabled&quot;:&quot;Enabled&quot;,&quot;advertisement&quot;:&quot;Ad&quot;,&quot;qualityBadge&quot;:{&quot;2160&quot;:&quot;4K&quot;,&quot;1440&quot;:&quot;HD&quot;,&quot;1080&quot;:&quot;HD&quot;,&quot;720&quot;:&quot;HD&quot;,&quot;576&quot;:&quot;SD&quot;,&quot;480&quot;:&quot;SD&quot;}},&quot;controlColor&quot;:&quot;#4a5464&quot;,&quot;preload&quot;:&quot;metadata&quot;,&quot;speed&quot;:{&quot;selected&quot;:1,&quot;speed&quot;:[&quot;0.5&quot;,&quot; 0.75&quot;,&quot; 1&quot;,&quot; 1.25&quot;,&quot; 1.5&quot;,&quot; 1.75&quot;,&quot; 2&quot;,&quot; 4&quot;,&quot; 8&quot;]},&quot;multiple_audio&quot;:false,&quot;defaultValue&quot;:{&quot;Default&quot;:{&quot;primaryColor&quot;:&quot;#4A5464&quot;,&quot;controlColor&quot;:&quot;#4A5464&quot;,&quot;bgColor&quot;:&quot;#F5F5F5&quot;},&quot;Fusion&quot;:{&quot;primaryColor&quot;:&quot;#fff&quot;,&quot;bgColor&quot;:&quot;#161616&quot;,&quot;controlColor&quot;:&quot;#fff&quot;},&quot;Stamp&quot;:{&quot;controlColor&quot;:&quot;#fff&quot;,&quot;bgColor&quot;:&quot;#161616&quot;},&quot;Wave&quot;:{&quot;primaryColor&quot;:&quot;#fff&quot;,&quot;controlColor&quot;:&quot;#fff&quot;,&quot;bgColor&quot;:&quot;#161616&quot;,&quot;textColor&quot;:&quot;#fff&quot;},&quot;Card-1&quot;:{&quot;primaryColor&quot;:&quot;#fff&quot;,&quot;controlColor&quot;:&quot;#161616&quot;,&quot;bgColor&quot;:&quot;#161616&quot;,&quot;textColor&quot;:&quot;#fff&quot;},&quot;Card-2&quot;:{&quot;primaryColor&quot;:&quot;#00FBF3&quot;,&quot;controlColor&quot;:&quot;#fff&quot;,&quot;bgColor&quot;:&quot;#161616&quot;,&quot;textColor&quot;:&quot;#fff&quot;},&quot;Simple-1&quot;:{&quot;primaryColor&quot;:&quot;#00dcff&quot;,&quot;controlColor&quot;:&quot;#fff&quot;,&quot;bgColor&quot;:&quot;#161616&quot;,&quot;textColor&quot;:&quot;#00dcff&quot;},&quot;Simple-2&quot;:{&quot;primaryColor&quot;:&quot;#06F7FF00&quot;,&quot;controlColor&quot;:&quot;#fff&quot;,&quot;bgColor&quot;:&quot;#161616&quot;},&quot;Player9&quot;:{&quot;primaryColor&quot;:&quot;#195FF6&quot;,&quot;controlColor&quot;:&quot;#fff&quot;,&quot;bgColor&quot;:&quot;#161616&quot;,&quot;textColor&quot;:&quot;#EDEFF2&quot;},&quot;Player10&quot;:{&quot;primaryColor&quot;:&quot;#195FF6&quot;,&quot;controlColor&quot;:&quot;#fff&quot;,&quot;bgColor&quot;:&quot;#161616&quot;,&quot;textColor&quot;:&quot;#EDEFF2&quot;},&quot;Player11&quot;:{&quot;primaryColor&quot;:&quot;#195FF6&quot;,&quot;controlColor&quot;:&quot;#fff&quot;,&quot;bgColor&quot;:&quot;#161616&quot;,&quot;textColor&quot;:&quot;#fff&quot;}}}\"\n    class=\"wp-block-h5ap-tailwind wp-block-h5ap-audioplayer\">\n            <div class='h5ap_lp'>\n            <div class='bar bar-1'><\/div>\n            <div class='bar bar-1'><\/div>\n        <\/div>\n    <\/div>\n<p>&nbsp;<\/p>\n<p>A reportagem destaca que a dignidade humana est\u00e1 ligada \u00e0 nossa singularidade. N\u00e3o existe ningu\u00e9m igual a voc\u00ea; cada ser humano \u00e9 uma obra rara e irrepet\u00edvel. Segundo Ivone Patr\u00e3o, diretora educacional, os pais s\u00e3o os principais respons\u00e1veis por transmitir esse valor. Mas como fazer isso? O segredo est\u00e1 em criar um ambiente onde as virtudes sejam praticadas e onde a crian\u00e7a se sinta respeitada em seu pr\u00f3prio temperamento.<\/p>\n<p>A mat\u00e9ria ensina que o respeito come\u00e7a em detalhes simples, como nos h\u00e1bitos de higiene e organiza\u00e7\u00e3o. Quando a crian\u00e7a entende que cuidar de si \u00e9 um ato de dignidade, ela come\u00e7a a valorizar o pr\u00f3prio ser. Al\u00e9m disso, a reportagem sugere que os pais proporcionem aos filhos o contato com realidades diferentes, atrav\u00e9s de projetos sociais. Ver a dignidade em quem possui menos recursos ou enfrenta limita\u00e7\u00f5es f\u00edsicas ajuda a crian\u00e7a a entender que o valor de uma pessoa n\u00e3o vem do que ela tem, mas do que ela \u00e9. Como afirma Ivone Patr\u00e3o: cada indiv\u00edduo possui um valor infinito, simplesmente por ser pessoa.<\/p>\n<p>Que tema profundo e necess\u00e1rio! Sob a perspectiva crist\u00e3, essa mat\u00e9ria \u00e9 um lembrete do nosso valor como <strong>&#8220;Imagem e Semelhan\u00e7a de Deus&#8221;<\/strong>. O ponto altamente positivo \u00e9 o resgate da subjetividade: cada filho \u00e9 um projeto \u00fanico do Criador. Vivemos em uma sociedade que tenta <strong>&#8220;padronizar&#8221;<\/strong> as pessoas, e a reportagem acerta ao combater isso.<\/p>\n<p>Um ponto de aten\u00e7\u00e3o \u00e9 que, no mundo atual, o conceito de <strong>&#8220;individualidade&#8221;<\/strong> pode ser confundido com <strong>&#8220;ego\u00edsmo&#8221;<\/strong>. Por isso, a reflex\u00e3o espiritual \u00e9 essencial: somos \u00fanicos n\u00e3o para nos isolarmos, mas para servirmos ao pr\u00f3ximo com o dom espec\u00edfico que recebemos. A dignidade n\u00e3o \u00e9 um m\u00e9rito humano, \u00e9 um presente divino.<\/p>\n<h3>O que a B\u00edblia diz<\/h3>\n<p>A Palavra de Deus confirma essa singularidade de forma maravilhosa. No Salmo 139, vers\u00edculos 13 e 14, na vers\u00e3o NTLH, o salmista declara:<\/p>\n<p><strong>&#8220;Tu criaste cada parte do meu corpo; tu me formaste no ventre da minha m\u00e3e. Eu te louvo porque sou uma cria\u00e7\u00e3o maravilhosa. Tuas obras s\u00e3o admir\u00e1veis!&#8221;<\/strong><\/p>\n<p>Locutor: Isso significa que Deus planejou cada detalhe do seu jeito de ser. Al\u00e9m disso, em Mateus 22:39, Jesus nos ensina a amar o pr\u00f3ximo como a n\u00f3s mesmos. Se n\u00e3o reconhecemos a nossa pr\u00f3pria dignidade dada por Deus, teremos dificuldade em respeitar a dignidade do outro.<\/p>\n<p><strong>Orienta\u00e7\u00f5es Pr\u00e1ticas<\/strong><\/p>\n<p>Como aplicar esse ensino hoje?<\/p>\n<ol>\n<li>Como se prevenir: Evite compara\u00e7\u00f5es entre seus filhos ou entre colegas de trabalho. A compara\u00e7\u00e3o \u00e9 a inimiga da dignidade. Cada um tem o seu tempo e o seu talento.<\/li>\n<li>Como agir com sabedoria: Observe o temperamento do seu filho ou de quem convive com voc\u00ea. Em vez de exigir que a pessoa mude a ess\u00eancia dela, ajude-a a usar essa caracter\u00edstica para o bem.<\/li>\n<li>Como contribuir para o bem: Envolva sua fam\u00edlia em a\u00e7\u00f5es de caridade. Quando visitamos um asilo ou ajudamos uma fam\u00edlia carente, ensinamos aos nossos pequenos que o brilho de Deus est\u00e1 em todos os rostos, independentemente da condi\u00e7\u00e3o social.<\/li>\n<\/ol>\n<p>Meu irm\u00e3o, minha irm\u00e3, nunca se sinta <strong>&#8220;apenas mais um&#8221;<\/strong> na multid\u00e3o. Aos olhos do Pai, voc\u00ea \u00e9 insubstitu\u00edvel. Se hoje voc\u00ea se sente desvalorizado, lembre-se de que o seu valor foi pago com um pre\u00e7o alt\u00edssimo na cruz. Eduque seus filhos com essa certeza: eles s\u00e3o amados incondicionalmente por Deus. Esse amor \u00e9 o que nos d\u00e1 for\u00e7as para respeitar cada pessoa que cruzar o nosso caminho hoje.<\/p>\n<p>&nbsp;<\/p>\n<p><strong>Por Alo\u00edsio Lucas \u2013 Diretor Art\u00edstico da 107,5 FM.<\/strong><\/p>\n<p><strong>Imagem: IA<\/strong><\/p>\n<p>&nbsp;<\/p>\n<p><strong>Compartilhe!<\/strong><\/p>\n","protected":false},"excerpt":{"rendered":"<p>Voc\u00ea j\u00e1 parou para pensar que, em meio a tantas perdas e ganhos da vida, existe algo em voc\u00ea que ningu\u00e9m pode tirar? Esse &#8220;algo&#8221; \u00e9 a sua dignidade. Em um artigo sens\u00edvel para a Gazeta do Povo, a jornalista Lorena Lafraia nos convida a refletir sobre como ensinar aos filhos que toda pessoa \u00e9 [&hellip;]<\/p>\n","protected":false},"author":2,"featured_media":4302,"comment_status":"open","ping_status":"open","sticky":false,"template":"","format":"standard","meta":{"_acf_changed":false,"h5ap_radio_sources":[],"footnotes":""},"categories":[1],"tags":[],"class_list":["post-4294","post","type-post","status-publish","format-standard","has-post-thumbnail","hentry","category-sem-categoria"],"acf":[],"yoast_head":"<!-- This site is optimized with the Yoast SEO plugin v24.4 - https:\/\/yoast.com\/wordpress\/plugins\/seo\/ -->\n<title>Palavra do Dia: A Singularidade e a Dignidade de cada Pessoa - R\u00e1dio 107,5 FM Simplesmente Diferente<\/title>\n<meta name=\"robots\" content=\"index, follow, max-snippet:-1, max-image-preview:large, max-video-preview:-1\" \/>\n<link rel=\"canonical\" href=\"https:\/\/1075fm.com.br\/site\/palavra-do-dia-a-singularidade-e-a-dignidade-de-cada-pessoa\/\" \/>\n<meta property=\"og:locale\" content=\"pt_BR\" \/>\n<meta property=\"og:type\" content=\"article\" \/>\n<meta property=\"og:title\" content=\"Palavra do Dia: A Singularidade e a Dignidade de cada Pessoa - R\u00e1dio 107,5 FM Simplesmente Diferente\" \/>\n<meta property=\"og:description\" content=\"Voc\u00ea j\u00e1 parou para pensar que, em meio a tantas perdas e ganhos da vida, existe algo em voc\u00ea que ningu\u00e9m pode tirar? Esse &#8220;algo&#8221; \u00e9 a sua dignidade. Em um artigo sens\u00edvel para a Gazeta do Povo, a jornalista Lorena Lafraia nos convida a refletir sobre como ensinar aos filhos que toda pessoa \u00e9 [&hellip;]\" \/>\n<meta property=\"og:url\" content=\"https:\/\/1075fm.com.br\/site\/palavra-do-dia-a-singularidade-e-a-dignidade-de-cada-pessoa\/\" \/>\n<meta property=\"og:site_name\" content=\"R\u00e1dio 107,5 FM Simplesmente Diferente\" \/>\n<meta property=\"article:published_time\" content=\"2026-04-29T14:24:53+00:00\" \/>\n<meta property=\"article:modified_time\" content=\"2026-04-29T14:47:24+00:00\" \/>\n<meta property=\"og:image\" content=\"https:\/\/1075fm.com.br\/site\/wp-content\/uploads\/2026\/04\/WhatsApp-Image-2026-04-29-at-11.46.49.jpeg\" \/>\n\t<meta property=\"og:image:width\" content=\"1448\" \/>\n\t<meta property=\"og:image:height\" content=\"1086\" \/>\n\t<meta property=\"og:image:type\" content=\"image\/jpeg\" \/>\n<meta name=\"author\" content=\"demetrio\" \/>\n<meta name=\"twitter:card\" content=\"summary_large_image\" \/>\n<meta name=\"twitter:label1\" content=\"Escrito por\" \/>\n\t<meta name=\"twitter:data1\" content=\"demetrio\" \/>\n\t<meta name=\"twitter:label2\" content=\"Est. tempo de leitura\" \/>\n\t<meta name=\"twitter:data2\" content=\"4 minutos\" \/>\n<script type=\"application\/ld+json\" class=\"yoast-schema-graph\">{\"@context\":\"https:\/\/schema.org\",\"@graph\":[{\"@type\":\"WebPage\",\"@id\":\"https:\/\/1075fm.com.br\/site\/palavra-do-dia-a-singularidade-e-a-dignidade-de-cada-pessoa\/\",\"url\":\"https:\/\/1075fm.com.br\/site\/palavra-do-dia-a-singularidade-e-a-dignidade-de-cada-pessoa\/\",\"name\":\"Palavra do Dia: A Singularidade e a Dignidade de cada Pessoa - R\u00e1dio 107,5 FM Simplesmente Diferente\",\"isPartOf\":{\"@id\":\"https:\/\/1075fm.com.br\/site\/#website\"},\"primaryImageOfPage\":{\"@id\":\"https:\/\/1075fm.com.br\/site\/palavra-do-dia-a-singularidade-e-a-dignidade-de-cada-pessoa\/#primaryimage\"},\"image\":{\"@id\":\"https:\/\/1075fm.com.br\/site\/palavra-do-dia-a-singularidade-e-a-dignidade-de-cada-pessoa\/#primaryimage\"},\"thumbnailUrl\":\"https:\/\/1075fm.com.br\/site\/wp-content\/uploads\/2026\/04\/WhatsApp-Image-2026-04-29-at-11.46.49.jpeg\",\"datePublished\":\"2026-04-29T14:24:53+00:00\",\"dateModified\":\"2026-04-29T14:47:24+00:00\",\"author\":{\"@id\":\"https:\/\/1075fm.com.br\/site\/#\/schema\/person\/592f97625e8fc4a064502324aa4a3a26\"},\"breadcrumb\":{\"@id\":\"https:\/\/1075fm.com.br\/site\/palavra-do-dia-a-singularidade-e-a-dignidade-de-cada-pessoa\/#breadcrumb\"},\"inLanguage\":\"pt-BR\",\"potentialAction\":[{\"@type\":\"ReadAction\",\"target\":[\"https:\/\/1075fm.com.br\/site\/palavra-do-dia-a-singularidade-e-a-dignidade-de-cada-pessoa\/\"]}]},{\"@type\":\"ImageObject\",\"inLanguage\":\"pt-BR\",\"@id\":\"https:\/\/1075fm.com.br\/site\/palavra-do-dia-a-singularidade-e-a-dignidade-de-cada-pessoa\/#primaryimage\",\"url\":\"https:\/\/1075fm.com.br\/site\/wp-content\/uploads\/2026\/04\/WhatsApp-Image-2026-04-29-at-11.46.49.jpeg\",\"contentUrl\":\"https:\/\/1075fm.com.br\/site\/wp-content\/uploads\/2026\/04\/WhatsApp-Image-2026-04-29-at-11.46.49.jpeg\",\"width\":1448,\"height\":1086},{\"@type\":\"BreadcrumbList\",\"@id\":\"https:\/\/1075fm.com.br\/site\/palavra-do-dia-a-singularidade-e-a-dignidade-de-cada-pessoa\/#breadcrumb\",\"itemListElement\":[{\"@type\":\"ListItem\",\"position\":1,\"name\":\"In\u00edcio\",\"item\":\"https:\/\/1075fm.com.br\/site\/\"},{\"@type\":\"ListItem\",\"position\":2,\"name\":\"Palavra do Dia: A Singularidade e a Dignidade de cada Pessoa\"}]},{\"@type\":\"WebSite\",\"@id\":\"https:\/\/1075fm.com.br\/site\/#website\",\"url\":\"https:\/\/1075fm.com.br\/site\/\",\"name\":\"R\u00e1dio 107,5 FM Simplesmente Diferente\",\"description\":\"\",\"potentialAction\":[{\"@type\":\"SearchAction\",\"target\":{\"@type\":\"EntryPoint\",\"urlTemplate\":\"https:\/\/1075fm.com.br\/site\/?s={search_term_string}\"},\"query-input\":{\"@type\":\"PropertyValueSpecification\",\"valueRequired\":true,\"valueName\":\"search_term_string\"}}],\"inLanguage\":\"pt-BR\"},{\"@type\":\"Person\",\"@id\":\"https:\/\/1075fm.com.br\/site\/#\/schema\/person\/592f97625e8fc4a064502324aa4a3a26\",\"name\":\"demetrio\",\"image\":{\"@type\":\"ImageObject\",\"inLanguage\":\"pt-BR\",\"@id\":\"https:\/\/1075fm.com.br\/site\/#\/schema\/person\/image\/\",\"url\":\"https:\/\/secure.gravatar.com\/avatar\/31b4e5789076195b7ac5f73e9b612d5cf2dbf52e6948c7b8269e7830d983413c?s=96&d=mm&r=g\",\"contentUrl\":\"https:\/\/secure.gravatar.com\/avatar\/31b4e5789076195b7ac5f73e9b612d5cf2dbf52e6948c7b8269e7830d983413c?s=96&d=mm&r=g\",\"caption\":\"demetrio\"},\"url\":\"https:\/\/1075fm.com.br\/site\/author\/demetrio\/\"}]}<\/script>\n<!-- \/ Yoast SEO plugin. -->","yoast_head_json":{"title":"Palavra do Dia: A Singularidade e a Dignidade de cada Pessoa - R\u00e1dio 107,5 FM Simplesmente Diferente","robots":{"index":"index","follow":"follow","max-snippet":"max-snippet:-1","max-image-preview":"max-image-preview:large","max-video-preview":"max-video-preview:-1"},"canonical":"https:\/\/1075fm.com.br\/site\/palavra-do-dia-a-singularidade-e-a-dignidade-de-cada-pessoa\/","og_locale":"pt_BR","og_type":"article","og_title":"Palavra do Dia: A Singularidade e a Dignidade de cada Pessoa - R\u00e1dio 107,5 FM Simplesmente Diferente","og_description":"Voc\u00ea j\u00e1 parou para pensar que, em meio a tantas perdas e ganhos da vida, existe algo em voc\u00ea que ningu\u00e9m pode tirar? Esse &#8220;algo&#8221; \u00e9 a sua dignidade. Em um artigo sens\u00edvel para a Gazeta do Povo, a jornalista Lorena Lafraia nos convida a refletir sobre como ensinar aos filhos que toda pessoa \u00e9 [&hellip;]","og_url":"https:\/\/1075fm.com.br\/site\/palavra-do-dia-a-singularidade-e-a-dignidade-de-cada-pessoa\/","og_site_name":"R\u00e1dio 107,5 FM Simplesmente Diferente","article_published_time":"2026-04-29T14:24:53+00:00","article_modified_time":"2026-04-29T14:47:24+00:00","og_image":[{"width":1448,"height":1086,"url":"https:\/\/1075fm.com.br\/site\/wp-content\/uploads\/2026\/04\/WhatsApp-Image-2026-04-29-at-11.46.49.jpeg","type":"image\/jpeg"}],"author":"demetrio","twitter_card":"summary_large_image","twitter_misc":{"Escrito por":"demetrio","Est. tempo de leitura":"4 minutos"},"schema":{"@context":"https:\/\/schema.org","@graph":[{"@type":"WebPage","@id":"https:\/\/1075fm.com.br\/site\/palavra-do-dia-a-singularidade-e-a-dignidade-de-cada-pessoa\/","url":"https:\/\/1075fm.com.br\/site\/palavra-do-dia-a-singularidade-e-a-dignidade-de-cada-pessoa\/","name":"Palavra do Dia: A Singularidade e a Dignidade de cada Pessoa - R\u00e1dio 107,5 FM Simplesmente Diferente","isPartOf":{"@id":"https:\/\/1075fm.com.br\/site\/#website"},"primaryImageOfPage":{"@id":"https:\/\/1075fm.com.br\/site\/palavra-do-dia-a-singularidade-e-a-dignidade-de-cada-pessoa\/#primaryimage"},"image":{"@id":"https:\/\/1075fm.com.br\/site\/palavra-do-dia-a-singularidade-e-a-dignidade-de-cada-pessoa\/#primaryimage"},"thumbnailUrl":"https:\/\/1075fm.com.br\/site\/wp-content\/uploads\/2026\/04\/WhatsApp-Image-2026-04-29-at-11.46.49.jpeg","datePublished":"2026-04-29T14:24:53+00:00","dateModified":"2026-04-29T14:47:24+00:00","author":{"@id":"https:\/\/1075fm.com.br\/site\/#\/schema\/person\/592f97625e8fc4a064502324aa4a3a26"},"breadcrumb":{"@id":"https:\/\/1075fm.com.br\/site\/palavra-do-dia-a-singularidade-e-a-dignidade-de-cada-pessoa\/#breadcrumb"},"inLanguage":"pt-BR","potentialAction":[{"@type":"ReadAction","target":["https:\/\/1075fm.com.br\/site\/palavra-do-dia-a-singularidade-e-a-dignidade-de-cada-pessoa\/"]}]},{"@type":"ImageObject","inLanguage":"pt-BR","@id":"https:\/\/1075fm.com.br\/site\/palavra-do-dia-a-singularidade-e-a-dignidade-de-cada-pessoa\/#primaryimage","url":"https:\/\/1075fm.com.br\/site\/wp-content\/uploads\/2026\/04\/WhatsApp-Image-2026-04-29-at-11.46.49.jpeg","contentUrl":"https:\/\/1075fm.com.br\/site\/wp-content\/uploads\/2026\/04\/WhatsApp-Image-2026-04-29-at-11.46.49.jpeg","width":1448,"height":1086},{"@type":"BreadcrumbList","@id":"https:\/\/1075fm.com.br\/site\/palavra-do-dia-a-singularidade-e-a-dignidade-de-cada-pessoa\/#breadcrumb","itemListElement":[{"@type":"ListItem","position":1,"name":"In\u00edcio","item":"https:\/\/1075fm.com.br\/site\/"},{"@type":"ListItem","position":2,"name":"Palavra do Dia: A Singularidade e a Dignidade de cada Pessoa"}]},{"@type":"WebSite","@id":"https:\/\/1075fm.com.br\/site\/#website","url":"https:\/\/1075fm.com.br\/site\/","name":"R\u00e1dio 107,5 FM Simplesmente Diferente","description":"","potentialAction":[{"@type":"SearchAction","target":{"@type":"EntryPoint","urlTemplate":"https:\/\/1075fm.com.br\/site\/?s={search_term_string}"},"query-input":{"@type":"PropertyValueSpecification","valueRequired":true,"valueName":"search_term_string"}}],"inLanguage":"pt-BR"},{"@type":"Person","@id":"https:\/\/1075fm.com.br\/site\/#\/schema\/person\/592f97625e8fc4a064502324aa4a3a26","name":"demetrio","image":{"@type":"ImageObject","inLanguage":"pt-BR","@id":"https:\/\/1075fm.com.br\/site\/#\/schema\/person\/image\/","url":"https:\/\/secure.gravatar.com\/avatar\/31b4e5789076195b7ac5f73e9b612d5cf2dbf52e6948c7b8269e7830d983413c?s=96&d=mm&r=g","contentUrl":"https:\/\/secure.gravatar.com\/avatar\/31b4e5789076195b7ac5f73e9b612d5cf2dbf52e6948c7b8269e7830d983413c?s=96&d=mm&r=g","caption":"demetrio"},"url":"https:\/\/1075fm.com.br\/site\/author\/demetrio\/"}]}},"_links":{"self":[{"href":"https:\/\/1075fm.com.br\/site\/wp-json\/wp\/v2\/posts\/4294","targetHints":{"allow":["GET"]}}],"collection":[{"href":"https:\/\/1075fm.com.br\/site\/wp-json\/wp\/v2\/posts"}],"about":[{"href":"https:\/\/1075fm.com.br\/site\/wp-json\/wp\/v2\/types\/post"}],"author":[{"embeddable":true,"href":"https:\/\/1075fm.com.br\/site\/wp-json\/wp\/v2\/users\/2"}],"replies":[{"embeddable":true,"href":"https:\/\/1075fm.com.br\/site\/wp-json\/wp\/v2\/comments?post=4294"}],"version-history":[{"count":1,"href":"https:\/\/1075fm.com.br\/site\/wp-json\/wp\/v2\/posts\/4294\/revisions"}],"predecessor-version":[{"id":4299,"href":"https:\/\/1075fm.com.br\/site\/wp-json\/wp\/v2\/posts\/4294\/revisions\/4299"}],"wp:featuredmedia":[{"embeddable":true,"href":"https:\/\/1075fm.com.br\/site\/wp-json\/wp\/v2\/media\/4302"}],"wp:attachment":[{"href":"https:\/\/1075fm.com.br\/site\/wp-json\/wp\/v2\/media?parent=4294"}],"wp:term":[{"taxonomy":"category","embeddable":true,"href":"https:\/\/1075fm.com.br\/site\/wp-json\/wp\/v2\/categories?post=4294"},{"taxonomy":"post_tag","embeddable":true,"href":"https:\/\/1075fm.com.br\/site\/wp-json\/wp\/v2\/tags?post=4294"}],"curies":[{"name":"wp","href":"https:\/\/api.w.org\/{rel}","templated":true}]}}