{"id":4315,"date":"2026-04-30T08:55:49","date_gmt":"2026-04-30T11:55:49","guid":{"rendered":"https:\/\/1075fm.com.br\/site\/?p=4315"},"modified":"2026-04-30T08:55:49","modified_gmt":"2026-04-30T11:55:49","slug":"prefeitura-de-joinville-informa-horarios-de-atendimento-no-feriado-do-dia-do-trabalhador","status":"publish","type":"post","link":"https:\/\/1075fm.com.br\/site\/prefeitura-de-joinville-informa-horarios-de-atendimento-no-feriado-do-dia-do-trabalhador\/","title":{"rendered":"Prefeitura de Joinville informa hor\u00e1rios de atendimento no feriado do Dia do Trabalhador"},"content":{"rendered":"<p>Nesta sexta-feira (1\u00ba\/5) \u00e9 celebrado o feriado nacional do Dia do Trabalhador. Por isso, alguns servi\u00e7os municipais ter\u00e3o altera\u00e7\u00e3o no hor\u00e1rio de funcionamento nestas datas em Joinville.<\/p>\n<p><strong>SA\u00daDE<\/strong><br \/>\n\u2013 Hospital Municipal S\u00e3o Jos\u00e9: Urg\u00eancia e Emerg\u00eancia, setores de interna\u00e7\u00e3o e laborat\u00f3rio ter\u00e3o atendimento normal. Setores administrativos, ambulat\u00f3rio de oncologia e ambulat\u00f3rio de especialidades fechados<br \/>\n\u2013 UPA Leste, UPA Sul e PA Norte: atendimento normal<br \/>\n\u2013 SAMU: atendimento normal<br \/>\n\u2013 Unidades B\u00e1sicas de Sa\u00fade da Fam\u00edlia (UBSFs): fechadas<br \/>\n\u2013 Policl\u00ednica Boa Vista: fechada<br \/>\n\u2013 Cl\u00ednica Especializada em Sa\u00fade da Mulher: fechada<br \/>\n\u2013 Centrinho Prefeito Luiz Gomes: fechado<br \/>\n\u2013 N\u00facleo de Aten\u00e7\u00e3o Integral \u00e0 Pessoa com Defici\u00eancia Intelectual e Transtorno do Espectro do Autismo (NAIPE DI\/TEA): fechado<br \/>\n\u2013 Centro de Aten\u00e7\u00e3o Psicossocial 3: em car\u00e1ter de urg\u00eancia, atende a casos referenciados<br \/>\n\u2013 CAPS 2, CAPS IJ, SOIS e CAPS AD: fechados<br \/>\n\u2013 Laborat\u00f3rio Municipal: fechado<br \/>\n\u2013 Farm\u00e1cia Escola: fechada<br \/>\n\u2013 Servi\u00e7o Especializado em Reabilita\u00e7\u00e3o (SER): fechado<br \/>\n\u2013 Unidade de Atendimento Especializado (UAE): fechada<br \/>\n\u2013 Sala de Vacinas Central: fechada<\/p>\n<p><strong>EDUCA\u00c7\u00c3O<\/strong><br \/>\n\u2013 Escolas e CEIs: fechados<br \/>\n\u2013 Biblioteca P\u00fablica Municipal Prefeito Rolf Colin (Centro), Biblioteca P\u00fablica Municipal Professor Gustavo Ohde e Biblioteca CEU Aventureiro: fechadas<\/p>\n<p><strong>AUTOSSERVI\u00c7OS DA PREFEITURA DE JOINVILLE<\/strong><br \/>\n\u2013 Dispon\u00edveis para solicita\u00e7\u00e3o de servi\u00e7os eletr\u00f4nicos 24 horas, realizados por meio da op\u00e7\u00e3o de Autosservi\u00e7o, pelo site www.joinville.sc.gov.br. O atendimento presencial na Prefeitura de Joinville retorna na segunda-feira (4\/5)<\/p>\n<p><strong>COLETA DE LIXO<\/strong><br \/>\n\u2013 Funcionamento em hor\u00e1rio normal<\/p>\n<p><strong>TRANSPORTE COLETIVO<\/strong><br \/>\n\u2013 O transporte coletivo urbano de Joinville vai operar com hor\u00e1rios de domingo. As grades de hor\u00e1rios atualizadas podem ser consultadas no site onibus.info<\/p>\n<p><strong>COMPANHIA \u00c1GUAS DE JOINVILLE<\/strong><br \/>\n\u2013 N\u00e3o haver\u00e1 expediente nas unidades de atendimento presenciais da Companhia \u00c1guas de Joinville no dia 1\u00ba de maio. As atividades retornar\u00e3o na segunda-feira (4\/5). O atendimento para servi\u00e7os emergenciais, como religa\u00e7\u00e3o de \u00e1gua, falta de \u00e1gua e vazamentos ou solicita\u00e7\u00e3o da segunda via, continuar\u00e1 dispon\u00edvel pela central telef\u00f4nica nos n\u00fameros 115, 0800 723 0300 e tamb\u00e9m pelo WhatsApp (47) 99771-8115, ambos com atendimento 24 horas. Outros servi\u00e7os tamb\u00e9m est\u00e3o dispon\u00edveis no site aguasdejoinville.com.br por meio do menu Autoatendimento<\/p>\n<p><strong>CENTRO P\u00daBLICO DE ATENDIMENTO AOS TRABALHADORES (CEPAT)<\/strong><br \/>\n\u2013 Fechado<\/p>\n<p><strong>RESTAURANTES POPULARES<\/strong><br \/>\n\u2013 Restaurante Popular Bucarein: aberto todos os dias, inclusive feriados, pontos facultativos e fins de semana, das 7h \u00e0s 9h para caf\u00e9 da manh\u00e3, das 11h \u00e0s 14h para almo\u00e7o e das 17h \u00e0s 19h para jantar<br \/>\n\u2013 Restaurante Popular Adhemar Garcia: fechado<\/p>\n<p><strong>CENTROS DE REFER\u00caNCIA EM ASSIST\u00caNCIA SOCIAL (CRAS)<\/strong><br \/>\n\u2013 Fechados<\/p>\n<p><strong>CENTRO POP<\/strong><br \/>\n\u2013 Fechado<\/p>\n<p><strong>SERVI\u00c7O ESPECIALIZADO EM ABORDAGEM SOCIAL (SEAS)<\/strong><br \/>\n\u2013 O Servi\u00e7o Especializado em Abordagem Social (SEAS) funciona normalmente, 24h por dia, e pode ser acionado pelos telefones (47) 3433-3341, (47) 99141-3439 (liga\u00e7\u00e3o e WhatsApp) e (47) 3030-1232. O SEAS percorre diariamente as ruas da cidade e, conforme a demanda apresentada e a aceita\u00e7\u00e3o, encaminha a pessoa em situa\u00e7\u00e3o de rua para a rede de atendimento<\/p>\n<p><strong>CONSELHOS TUTELARES<\/strong><br \/>\n\u2013 Atendimento 24h, em esquema de plant\u00e3o, pelo telefone 98904-6971<\/p>\n<p><strong>POSTOS DO CADASTRO \u00daNICO<\/strong><br \/>\n\u2013 Fechados<\/p>\n<p><strong>PARQUES<\/strong><br \/>\n\u2013 Mirante do Morro da Boa Vista: subida no morro das 5h30 \u00e0s 22h e acesso \u00e0 torre das 5h30 \u00e0s 20h30<br \/>\n\u2013 Parques Zoobot\u00e2nico, Morro do Finder, Natural da Caieira, S\u00e3o Francisco, Porta do Mar e Parque da Cidade: abertos<\/p>\n<p><strong>DEFESA CIVIL<\/strong><br \/>\n\u2013 A Defesa Civil trabalha em regime de plant\u00e3o. Em caso de emerg\u00eancia, pode ser acionada pelo n\u00famero 199<\/p>\n<p><strong>GUARDA MUNICIPAL<\/strong><br \/>\n\u2013 A Guarda Municipal de Joinville trabalha normalmente. Em caso de emerg\u00eancia, pode ser acionada pelo 153<\/p>\n<p><strong>AGENTES DE TR\u00c2NSITO<\/strong><br \/>\n\u2013 Atendimento operacional em hor\u00e1rio normal, sem atendimento ao p\u00fablico na \u00e1rea administrativa. Em caso de emerg\u00eancia, podem ser acionados pelo 153<\/p>\n<p><strong>PROCON<\/strong><br \/>\n\u2013 Fechado<\/p>\n<p><strong>CULTURA<\/strong><br \/>\n\u2013 Museu Nacional de Imigra\u00e7\u00e3o e Coloniza\u00e7\u00e3o, Museu Arqueol\u00f3gico de Sambaqui, Memorial da Bicicleta, Museu de Arte de Joinville e Cemit\u00e9rio do Imigrante: abertos na sexta-feira, s\u00e1bado e domingo, das 10h \u00e0s 16h. O Museu Casa Fritz Alt est\u00e1 fechado para reforma<br \/>\n\u2013 Arquivo Hist\u00f3rico: fechado de sexta-feira a domingo<\/p>\n<p><strong>CENTRAIS DE ATENDIMENTO AO TURISTA \u2013 CATs<\/strong><br \/>\nP\u00f3rtico, Casa Kr\u00fcger e Morro da Boa Vista (Mirante): sexta-feira, s\u00e1bado e domingo, das 9h \u00e0s 15h<\/p>\n<p><strong>CENTRO COMERCIAL DA EXPOVILLE<\/strong><br \/>\nO Centro Comercial da Expoville abre todos os dias, inclusive feriados, das 9h \u00e0s 19h<\/p>\n<p><strong>MERCADO P\u00daBLICO MUNICIPAL<\/strong><br \/>\n\u2013 Peixaria e outros com\u00e9rcios: sexta-feira, das 7h \u00e0s 13h30<br \/>\n\u2013 Restaurantes e bares: sexta-feira, das 9h \u00e0s 15h<\/p>\n<p>&nbsp;<\/p>\n<p>Com informa\u00e7\u00f5es <a href=\"https:\/\/www.joinville.sc.gov.br\/noticias\/prefeitura-de-joinville-informa-horarios-de-atendimento-no-feriado-do-dia-do-trabalhador\/\">Prefeitura de Joinville<\/a><\/p>\n<p>Foto: Divulga\u00e7\u00e3o\/Prefeitura de Joinville<\/p>\n","protected":false},"excerpt":{"rendered":"<p>Nesta sexta-feira (1\u00ba\/5) \u00e9 celebrado o feriado nacional do Dia do Trabalhador. Por isso, alguns servi\u00e7os municipais ter\u00e3o altera\u00e7\u00e3o no hor\u00e1rio de funcionamento nestas datas em Joinville. SA\u00daDE \u2013 Hospital Municipal S\u00e3o Jos\u00e9: Urg\u00eancia e Emerg\u00eancia, setores de interna\u00e7\u00e3o e laborat\u00f3rio ter\u00e3o atendimento normal. Setores administrativos, ambulat\u00f3rio de oncologia e ambulat\u00f3rio de especialidades fechados \u2013 [&hellip;]<\/p>\n","protected":false},"author":2,"featured_media":4316,"comment_status":"open","ping_status":"open","sticky":false,"template":"","format":"standard","meta":{"_acf_changed":false,"h5ap_radio_sources":[],"footnotes":""},"categories":[1],"tags":[],"class_list":["post-4315","post","type-post","status-publish","format-standard","has-post-thumbnail","hentry","category-sem-categoria"],"acf":[],"yoast_head":"<!-- This site is optimized with the Yoast SEO plugin v24.4 - https:\/\/yoast.com\/wordpress\/plugins\/seo\/ -->\n<title>Prefeitura de Joinville informa hor\u00e1rios de atendimento no feriado do Dia do Trabalhador - R\u00e1dio 107,5 FM Simplesmente Diferente<\/title>\n<meta name=\"robots\" content=\"index, follow, max-snippet:-1, max-image-preview:large, max-video-preview:-1\" \/>\n<link rel=\"canonical\" href=\"https:\/\/1075fm.com.br\/site\/prefeitura-de-joinville-informa-horarios-de-atendimento-no-feriado-do-dia-do-trabalhador\/\" \/>\n<meta property=\"og:locale\" content=\"pt_BR\" \/>\n<meta property=\"og:type\" content=\"article\" \/>\n<meta property=\"og:title\" content=\"Prefeitura de Joinville informa hor\u00e1rios de atendimento no feriado do Dia do Trabalhador - R\u00e1dio 107,5 FM Simplesmente Diferente\" \/>\n<meta property=\"og:description\" content=\"Nesta sexta-feira (1\u00ba\/5) \u00e9 celebrado o feriado nacional do Dia do Trabalhador. Por isso, alguns servi\u00e7os municipais ter\u00e3o altera\u00e7\u00e3o no hor\u00e1rio de funcionamento nestas datas em Joinville. SA\u00daDE \u2013 Hospital Municipal S\u00e3o Jos\u00e9: Urg\u00eancia e Emerg\u00eancia, setores de interna\u00e7\u00e3o e laborat\u00f3rio ter\u00e3o atendimento normal. Setores administrativos, ambulat\u00f3rio de oncologia e ambulat\u00f3rio de especialidades fechados \u2013 [&hellip;]\" \/>\n<meta property=\"og:url\" content=\"https:\/\/1075fm.com.br\/site\/prefeitura-de-joinville-informa-horarios-de-atendimento-no-feriado-do-dia-do-trabalhador\/\" \/>\n<meta property=\"og:site_name\" content=\"R\u00e1dio 107,5 FM Simplesmente Diferente\" \/>\n<meta property=\"article:published_time\" content=\"2026-04-30T11:55:49+00:00\" \/>\n<meta property=\"og:image\" content=\"https:\/\/1075fm.com.br\/site\/wp-content\/uploads\/2026\/04\/Dia-do-Trabalhador-1024x506.png\" \/>\n\t<meta property=\"og:image:width\" content=\"1024\" \/>\n\t<meta property=\"og:image:height\" content=\"506\" \/>\n\t<meta property=\"og:image:type\" content=\"image\/png\" \/>\n<meta name=\"author\" content=\"demetrio\" \/>\n<meta name=\"twitter:card\" content=\"summary_large_image\" \/>\n<meta name=\"twitter:label1\" content=\"Escrito por\" \/>\n\t<meta name=\"twitter:data1\" content=\"demetrio\" \/>\n\t<meta name=\"twitter:label2\" content=\"Est. tempo de leitura\" \/>\n\t<meta name=\"twitter:data2\" content=\"4 minutos\" \/>\n<script type=\"application\/ld+json\" class=\"yoast-schema-graph\">{\"@context\":\"https:\/\/schema.org\",\"@graph\":[{\"@type\":\"WebPage\",\"@id\":\"https:\/\/1075fm.com.br\/site\/prefeitura-de-joinville-informa-horarios-de-atendimento-no-feriado-do-dia-do-trabalhador\/\",\"url\":\"https:\/\/1075fm.com.br\/site\/prefeitura-de-joinville-informa-horarios-de-atendimento-no-feriado-do-dia-do-trabalhador\/\",\"name\":\"Prefeitura de Joinville informa hor\u00e1rios de atendimento no feriado do Dia do Trabalhador - R\u00e1dio 107,5 FM Simplesmente Diferente\",\"isPartOf\":{\"@id\":\"https:\/\/1075fm.com.br\/site\/#website\"},\"primaryImageOfPage\":{\"@id\":\"https:\/\/1075fm.com.br\/site\/prefeitura-de-joinville-informa-horarios-de-atendimento-no-feriado-do-dia-do-trabalhador\/#primaryimage\"},\"image\":{\"@id\":\"https:\/\/1075fm.com.br\/site\/prefeitura-de-joinville-informa-horarios-de-atendimento-no-feriado-do-dia-do-trabalhador\/#primaryimage\"},\"thumbnailUrl\":\"https:\/\/1075fm.com.br\/site\/wp-content\/uploads\/2026\/04\/Dia-do-Trabalhador.png\",\"datePublished\":\"2026-04-30T11:55:49+00:00\",\"author\":{\"@id\":\"https:\/\/1075fm.com.br\/site\/#\/schema\/person\/592f97625e8fc4a064502324aa4a3a26\"},\"breadcrumb\":{\"@id\":\"https:\/\/1075fm.com.br\/site\/prefeitura-de-joinville-informa-horarios-de-atendimento-no-feriado-do-dia-do-trabalhador\/#breadcrumb\"},\"inLanguage\":\"pt-BR\",\"potentialAction\":[{\"@type\":\"ReadAction\",\"target\":[\"https:\/\/1075fm.com.br\/site\/prefeitura-de-joinville-informa-horarios-de-atendimento-no-feriado-do-dia-do-trabalhador\/\"]}]},{\"@type\":\"ImageObject\",\"inLanguage\":\"pt-BR\",\"@id\":\"https:\/\/1075fm.com.br\/site\/prefeitura-de-joinville-informa-horarios-de-atendimento-no-feriado-do-dia-do-trabalhador\/#primaryimage\",\"url\":\"https:\/\/1075fm.com.br\/site\/wp-content\/uploads\/2026\/04\/Dia-do-Trabalhador.png\",\"contentUrl\":\"https:\/\/1075fm.com.br\/site\/wp-content\/uploads\/2026\/04\/Dia-do-Trabalhador.png\",\"width\":1436,\"height\":709},{\"@type\":\"BreadcrumbList\",\"@id\":\"https:\/\/1075fm.com.br\/site\/prefeitura-de-joinville-informa-horarios-de-atendimento-no-feriado-do-dia-do-trabalhador\/#breadcrumb\",\"itemListElement\":[{\"@type\":\"ListItem\",\"position\":1,\"name\":\"In\u00edcio\",\"item\":\"https:\/\/1075fm.com.br\/site\/\"},{\"@type\":\"ListItem\",\"position\":2,\"name\":\"Prefeitura de Joinville informa hor\u00e1rios de atendimento no feriado do Dia do Trabalhador\"}]},{\"@type\":\"WebSite\",\"@id\":\"https:\/\/1075fm.com.br\/site\/#website\",\"url\":\"https:\/\/1075fm.com.br\/site\/\",\"name\":\"R\u00e1dio 107,5 FM Simplesmente Diferente\",\"description\":\"\",\"potentialAction\":[{\"@type\":\"SearchAction\",\"target\":{\"@type\":\"EntryPoint\",\"urlTemplate\":\"https:\/\/1075fm.com.br\/site\/?s={search_term_string}\"},\"query-input\":{\"@type\":\"PropertyValueSpecification\",\"valueRequired\":true,\"valueName\":\"search_term_string\"}}],\"inLanguage\":\"pt-BR\"},{\"@type\":\"Person\",\"@id\":\"https:\/\/1075fm.com.br\/site\/#\/schema\/person\/592f97625e8fc4a064502324aa4a3a26\",\"name\":\"demetrio\",\"image\":{\"@type\":\"ImageObject\",\"inLanguage\":\"pt-BR\",\"@id\":\"https:\/\/1075fm.com.br\/site\/#\/schema\/person\/image\/\",\"url\":\"https:\/\/secure.gravatar.com\/avatar\/31b4e5789076195b7ac5f73e9b612d5cf2dbf52e6948c7b8269e7830d983413c?s=96&d=mm&r=g\",\"contentUrl\":\"https:\/\/secure.gravatar.com\/avatar\/31b4e5789076195b7ac5f73e9b612d5cf2dbf52e6948c7b8269e7830d983413c?s=96&d=mm&r=g\",\"caption\":\"demetrio\"},\"url\":\"https:\/\/1075fm.com.br\/site\/author\/demetrio\/\"}]}<\/script>\n<!-- \/ Yoast SEO plugin. -->","yoast_head_json":{"title":"Prefeitura de Joinville informa hor\u00e1rios de atendimento no feriado do Dia do Trabalhador - R\u00e1dio 107,5 FM Simplesmente Diferente","robots":{"index":"index","follow":"follow","max-snippet":"max-snippet:-1","max-image-preview":"max-image-preview:large","max-video-preview":"max-video-preview:-1"},"canonical":"https:\/\/1075fm.com.br\/site\/prefeitura-de-joinville-informa-horarios-de-atendimento-no-feriado-do-dia-do-trabalhador\/","og_locale":"pt_BR","og_type":"article","og_title":"Prefeitura de Joinville informa hor\u00e1rios de atendimento no feriado do Dia do Trabalhador - R\u00e1dio 107,5 FM Simplesmente Diferente","og_description":"Nesta sexta-feira (1\u00ba\/5) \u00e9 celebrado o feriado nacional do Dia do Trabalhador. Por isso, alguns servi\u00e7os municipais ter\u00e3o altera\u00e7\u00e3o no hor\u00e1rio de funcionamento nestas datas em Joinville. SA\u00daDE \u2013 Hospital Municipal S\u00e3o Jos\u00e9: Urg\u00eancia e Emerg\u00eancia, setores de interna\u00e7\u00e3o e laborat\u00f3rio ter\u00e3o atendimento normal. Setores administrativos, ambulat\u00f3rio de oncologia e ambulat\u00f3rio de especialidades fechados \u2013 [&hellip;]","og_url":"https:\/\/1075fm.com.br\/site\/prefeitura-de-joinville-informa-horarios-de-atendimento-no-feriado-do-dia-do-trabalhador\/","og_site_name":"R\u00e1dio 107,5 FM Simplesmente Diferente","article_published_time":"2026-04-30T11:55:49+00:00","og_image":[{"width":1024,"height":506,"url":"https:\/\/1075fm.com.br\/site\/wp-content\/uploads\/2026\/04\/Dia-do-Trabalhador-1024x506.png","type":"image\/png"}],"author":"demetrio","twitter_card":"summary_large_image","twitter_misc":{"Escrito por":"demetrio","Est. tempo de leitura":"4 minutos"},"schema":{"@context":"https:\/\/schema.org","@graph":[{"@type":"WebPage","@id":"https:\/\/1075fm.com.br\/site\/prefeitura-de-joinville-informa-horarios-de-atendimento-no-feriado-do-dia-do-trabalhador\/","url":"https:\/\/1075fm.com.br\/site\/prefeitura-de-joinville-informa-horarios-de-atendimento-no-feriado-do-dia-do-trabalhador\/","name":"Prefeitura de Joinville informa hor\u00e1rios de atendimento no feriado do Dia do Trabalhador - R\u00e1dio 107,5 FM Simplesmente Diferente","isPartOf":{"@id":"https:\/\/1075fm.com.br\/site\/#website"},"primaryImageOfPage":{"@id":"https:\/\/1075fm.com.br\/site\/prefeitura-de-joinville-informa-horarios-de-atendimento-no-feriado-do-dia-do-trabalhador\/#primaryimage"},"image":{"@id":"https:\/\/1075fm.com.br\/site\/prefeitura-de-joinville-informa-horarios-de-atendimento-no-feriado-do-dia-do-trabalhador\/#primaryimage"},"thumbnailUrl":"https:\/\/1075fm.com.br\/site\/wp-content\/uploads\/2026\/04\/Dia-do-Trabalhador.png","datePublished":"2026-04-30T11:55:49+00:00","author":{"@id":"https:\/\/1075fm.com.br\/site\/#\/schema\/person\/592f97625e8fc4a064502324aa4a3a26"},"breadcrumb":{"@id":"https:\/\/1075fm.com.br\/site\/prefeitura-de-joinville-informa-horarios-de-atendimento-no-feriado-do-dia-do-trabalhador\/#breadcrumb"},"inLanguage":"pt-BR","potentialAction":[{"@type":"ReadAction","target":["https:\/\/1075fm.com.br\/site\/prefeitura-de-joinville-informa-horarios-de-atendimento-no-feriado-do-dia-do-trabalhador\/"]}]},{"@type":"ImageObject","inLanguage":"pt-BR","@id":"https:\/\/1075fm.com.br\/site\/prefeitura-de-joinville-informa-horarios-de-atendimento-no-feriado-do-dia-do-trabalhador\/#primaryimage","url":"https:\/\/1075fm.com.br\/site\/wp-content\/uploads\/2026\/04\/Dia-do-Trabalhador.png","contentUrl":"https:\/\/1075fm.com.br\/site\/wp-content\/uploads\/2026\/04\/Dia-do-Trabalhador.png","width":1436,"height":709},{"@type":"BreadcrumbList","@id":"https:\/\/1075fm.com.br\/site\/prefeitura-de-joinville-informa-horarios-de-atendimento-no-feriado-do-dia-do-trabalhador\/#breadcrumb","itemListElement":[{"@type":"ListItem","position":1,"name":"In\u00edcio","item":"https:\/\/1075fm.com.br\/site\/"},{"@type":"ListItem","position":2,"name":"Prefeitura de Joinville informa hor\u00e1rios de atendimento no feriado do Dia do Trabalhador"}]},{"@type":"WebSite","@id":"https:\/\/1075fm.com.br\/site\/#website","url":"https:\/\/1075fm.com.br\/site\/","name":"R\u00e1dio 107,5 FM Simplesmente Diferente","description":"","potentialAction":[{"@type":"SearchAction","target":{"@type":"EntryPoint","urlTemplate":"https:\/\/1075fm.com.br\/site\/?s={search_term_string}"},"query-input":{"@type":"PropertyValueSpecification","valueRequired":true,"valueName":"search_term_string"}}],"inLanguage":"pt-BR"},{"@type":"Person","@id":"https:\/\/1075fm.com.br\/site\/#\/schema\/person\/592f97625e8fc4a064502324aa4a3a26","name":"demetrio","image":{"@type":"ImageObject","inLanguage":"pt-BR","@id":"https:\/\/1075fm.com.br\/site\/#\/schema\/person\/image\/","url":"https:\/\/secure.gravatar.com\/avatar\/31b4e5789076195b7ac5f73e9b612d5cf2dbf52e6948c7b8269e7830d983413c?s=96&d=mm&r=g","contentUrl":"https:\/\/secure.gravatar.com\/avatar\/31b4e5789076195b7ac5f73e9b612d5cf2dbf52e6948c7b8269e7830d983413c?s=96&d=mm&r=g","caption":"demetrio"},"url":"https:\/\/1075fm.com.br\/site\/author\/demetrio\/"}]}},"_links":{"self":[{"href":"https:\/\/1075fm.com.br\/site\/wp-json\/wp\/v2\/posts\/4315","targetHints":{"allow":["GET"]}}],"collection":[{"href":"https:\/\/1075fm.com.br\/site\/wp-json\/wp\/v2\/posts"}],"about":[{"href":"https:\/\/1075fm.com.br\/site\/wp-json\/wp\/v2\/types\/post"}],"author":[{"embeddable":true,"href":"https:\/\/1075fm.com.br\/site\/wp-json\/wp\/v2\/users\/2"}],"replies":[{"embeddable":true,"href":"https:\/\/1075fm.com.br\/site\/wp-json\/wp\/v2\/comments?post=4315"}],"version-history":[{"count":1,"href":"https:\/\/1075fm.com.br\/site\/wp-json\/wp\/v2\/posts\/4315\/revisions"}],"predecessor-version":[{"id":4317,"href":"https:\/\/1075fm.com.br\/site\/wp-json\/wp\/v2\/posts\/4315\/revisions\/4317"}],"wp:featuredmedia":[{"embeddable":true,"href":"https:\/\/1075fm.com.br\/site\/wp-json\/wp\/v2\/media\/4316"}],"wp:attachment":[{"href":"https:\/\/1075fm.com.br\/site\/wp-json\/wp\/v2\/media?parent=4315"}],"wp:term":[{"taxonomy":"category","embeddable":true,"href":"https:\/\/1075fm.com.br\/site\/wp-json\/wp\/v2\/categories?post=4315"},{"taxonomy":"post_tag","embeddable":true,"href":"https:\/\/1075fm.com.br\/site\/wp-json\/wp\/v2\/tags?post=4315"}],"curies":[{"name":"wp","href":"https:\/\/api.w.org\/{rel}","templated":true}]}}