{"id":4318,"date":"2026-04-30T10:31:28","date_gmt":"2026-04-30T13:31:28","guid":{"rendered":"https:\/\/1075fm.com.br\/site\/?p=4318"},"modified":"2026-04-30T09:30:58","modified_gmt":"2026-04-30T12:30:58","slug":"palavra-do-dia-ansiedade-na-adolescencia","status":"publish","type":"post","link":"https:\/\/1075fm.com.br\/site\/palavra-do-dia-ansiedade-na-adolescencia\/","title":{"rendered":"Palavra do Dia: Ansiedade na Adolesc\u00eancia"},"content":{"rendered":"<p>Voc\u00ea j\u00e1 sentiu que o ritmo do mundo hoje \u00e9 mais veloz do que conseguimos acompanhar? Em um artigo corajoso publicado na Gazeta do Povo, a escritora Xila Damian faz um alerta urgente sobre algo que muitas vezes passa despercebido dentro de casa: a ansiedade na adolesc\u00eancia.<\/p>\n<p>&nbsp;<\/p>\n<p><strong>Confira o artigo em \u00e1udio:<\/strong><\/p>\n<div\n    id=\"h5ap-player-1\"\n    data-id=\"h5ap-player-1\"\n    data-attributes=\"{&quot;uniqueId&quot;:&quot;player4319&quot;,&quot;clientId&quot;:&quot;&quot;,&quot;align&quot;:&quot;&quot;,&quot;alignment&quot;:&quot;center&quot;,&quot;source&quot;:&quot;https:\\\/\\\/1075fm.com.br\\\/site\\\/wp-content\\\/uploads\\\/2026\\\/04\\\/30-04-26-Ansiedade-na-Adolescencia.mp3&quot;,&quot;poster&quot;:&quot;&quot;,&quot;title&quot;:&quot;Audio Title&quot;,&quot;artist&quot;:&quot;Author Name&quot;,&quot;color&quot;:&quot;#fff&quot;,&quot;textColor&quot;:&quot;#fff&quot;,&quot;primaryColor&quot;:&quot;#195FF5&quot;,&quot;hoverColor&quot;:&quot;#00B3FF&quot;,&quot;skin&quot;:&quot;Default&quot;,&quot;repeat&quot;:false,&quot;autoplay&quot;:false,&quot;isSticky&quot;:false,&quot;muted&quot;:false,&quot;loader&quot;:true,&quot;saveState&quot;:false,&quot;disablePause&quot;:false,&quot;seekTime&quot;:10,&quot;startTime&quot;:0,&quot;download&quot;:false,&quot;width&quot;:&quot;100%&quot;,&quot;radius&quot;:&quot;10px&quot;,&quot;controls&quot;:{&quot;play&quot;:true,&quot;progress&quot;:true,&quot;duration&quot;:true,&quot;mute&quot;:true,&quot;volume&quot;:true,&quot;settings&quot;:true},&quot;CSS&quot;:&quot;&quot;,&quot;i18n&quot;:{&quot;restart&quot;:&quot;Restart&quot;,&quot;rewind&quot;:&quot;Rewind {seektime}s&quot;,&quot;play&quot;:&quot;Play&quot;,&quot;pause&quot;:&quot;Pause&quot;,&quot;fastForward:&quot;:&quot;Forward {seektime}s&quot;,&quot;seek&quot;:&quot;Seek&quot;,&quot;seekLabel&quot;:&quot;{currentTime} of {duration}&quot;,&quot;played&quot;:&quot;Played&quot;,&quot;buffered&quot;:&quot;Buffered&quot;,&quot;currentTime:&quot;:&quot;Current time&quot;,&quot;duration&quot;:&quot;Duration&quot;,&quot;volume&quot;:&quot;Volume&quot;,&quot;mute&quot;:&quot;Mute&quot;,&quot;unmute&quot;:&quot;Unmute&quot;,&quot;enableCaptions&quot;:&quot;Enable captions&quot;,&quot;disableCaptions&quot;:&quot;Disable captions&quot;,&quot;download&quot;:&quot;Download&quot;,&quot;enterFullscreen&quot;:&quot;Enter fullscreen&quot;,&quot;exitFullscreen&quot;:&quot;Exit fullscreen&quot;,&quot;frameTitle&quot;:&quot;Player for {title}&quot;,&quot;captions&quot;:&quot;Captions&quot;,&quot;settings&quot;:&quot;Settings&quot;,&quot;pip&quot;:&quot;PIP&quot;,&quot;menuBack&quot;:&quot;Go back to previous menu&quot;,&quot;speed&quot;:&quot;Speed&quot;,&quot;normal&quot;:&quot;Normal&quot;,&quot;quality&quot;:&quot;Quality&quot;,&quot;loop&quot;:&quot;Loop&quot;,&quot;start&quot;:&quot;Start&quot;,&quot;end&quot;:&quot;End&quot;,&quot;all&quot;:&quot;All&quot;,&quot;reset&quot;:&quot;Reset&quot;,&quot;disabled&quot;:&quot;Disabled&quot;,&quot;enabled&quot;:&quot;Enabled&quot;,&quot;advertisement&quot;:&quot;Ad&quot;,&quot;qualityBadge&quot;:{&quot;2160&quot;:&quot;4K&quot;,&quot;1440&quot;:&quot;HD&quot;,&quot;1080&quot;:&quot;HD&quot;,&quot;720&quot;:&quot;HD&quot;,&quot;576&quot;:&quot;SD&quot;,&quot;480&quot;:&quot;SD&quot;}},&quot;controlColor&quot;:&quot;#4a5464&quot;,&quot;preload&quot;:&quot;metadata&quot;,&quot;speed&quot;:{&quot;selected&quot;:1,&quot;speed&quot;:[&quot;0.5&quot;,&quot; 0.75&quot;,&quot; 1&quot;,&quot; 1.25&quot;,&quot; 1.5&quot;,&quot; 1.75&quot;,&quot; 2&quot;,&quot; 4&quot;,&quot; 8&quot;]},&quot;multiple_audio&quot;:false,&quot;defaultValue&quot;:{&quot;Default&quot;:{&quot;primaryColor&quot;:&quot;#4A5464&quot;,&quot;controlColor&quot;:&quot;#4A5464&quot;,&quot;bgColor&quot;:&quot;#F5F5F5&quot;},&quot;Fusion&quot;:{&quot;primaryColor&quot;:&quot;#fff&quot;,&quot;bgColor&quot;:&quot;#161616&quot;,&quot;controlColor&quot;:&quot;#fff&quot;},&quot;Stamp&quot;:{&quot;controlColor&quot;:&quot;#fff&quot;,&quot;bgColor&quot;:&quot;#161616&quot;},&quot;Wave&quot;:{&quot;primaryColor&quot;:&quot;#fff&quot;,&quot;controlColor&quot;:&quot;#fff&quot;,&quot;bgColor&quot;:&quot;#161616&quot;,&quot;textColor&quot;:&quot;#fff&quot;},&quot;Card-1&quot;:{&quot;primaryColor&quot;:&quot;#fff&quot;,&quot;controlColor&quot;:&quot;#161616&quot;,&quot;bgColor&quot;:&quot;#161616&quot;,&quot;textColor&quot;:&quot;#fff&quot;},&quot;Card-2&quot;:{&quot;primaryColor&quot;:&quot;#00FBF3&quot;,&quot;controlColor&quot;:&quot;#fff&quot;,&quot;bgColor&quot;:&quot;#161616&quot;,&quot;textColor&quot;:&quot;#fff&quot;},&quot;Simple-1&quot;:{&quot;primaryColor&quot;:&quot;#00dcff&quot;,&quot;controlColor&quot;:&quot;#fff&quot;,&quot;bgColor&quot;:&quot;#161616&quot;,&quot;textColor&quot;:&quot;#00dcff&quot;},&quot;Simple-2&quot;:{&quot;primaryColor&quot;:&quot;#06F7FF00&quot;,&quot;controlColor&quot;:&quot;#fff&quot;,&quot;bgColor&quot;:&quot;#161616&quot;},&quot;Player9&quot;:{&quot;primaryColor&quot;:&quot;#195FF6&quot;,&quot;controlColor&quot;:&quot;#fff&quot;,&quot;bgColor&quot;:&quot;#161616&quot;,&quot;textColor&quot;:&quot;#EDEFF2&quot;},&quot;Player10&quot;:{&quot;primaryColor&quot;:&quot;#195FF6&quot;,&quot;controlColor&quot;:&quot;#fff&quot;,&quot;bgColor&quot;:&quot;#161616&quot;,&quot;textColor&quot;:&quot;#EDEFF2&quot;},&quot;Player11&quot;:{&quot;primaryColor&quot;:&quot;#195FF6&quot;,&quot;controlColor&quot;:&quot;#fff&quot;,&quot;bgColor&quot;:&quot;#161616&quot;,&quot;textColor&quot;:&quot;#fff&quot;}}}\"\n    class=\"wp-block-h5ap-tailwind wp-block-h5ap-audioplayer\">\n            <div class='h5ap_lp'>\n            <div class='bar bar-1'><\/div>\n            <div class='bar bar-1'><\/div>\n        <\/div>\n    <\/div>\n<p>&nbsp;<\/p>\n<p>A autora destaca que vivemos em uma era de <strong>&#8220;pais atormentados&#8221;<\/strong> por rotinas exaustivas. No meio desse estresse, a ansiedade dos filhos muitas vezes \u00e9 confundida com tra\u00e7os de personalidade. Sabe aquele filho de <strong>&#8220;temperamento forte&#8221;<\/strong> que se nega a seguir regras? Ou aquela filha &#8220;decidida&#8221; que n\u00e3o tolera uma nota abaixo de dez? Xila nos questiona: ser\u00e1 que isso \u00e9 personalidade ou um pedido de socorro disfar\u00e7ado?<\/p>\n<p>O texto mostra que o adolescente de hoje lida com a press\u00e3o das redes sociais, onde a vida do outro parece sempre perfeita, e com o medo paralisante do futuro. A autora compartilha sua pr\u00f3pria experi\u00eancia, contando como precisou mudar o olhar quando percebeu o filho se fechando para o mundo por medo de situa\u00e7\u00f5es simples, como ir a passear com os amigos ou voltar de t\u00e1xi. A mensagem central \u00e9 clara: o mundo continuar\u00e1 acelerado, mas nossos filhos continuam precisando de algo que a tecnologia n\u00e3o substitui: o nosso tempo, a nossa presen\u00e7a e a nossa disposi\u00e7\u00e3o para ouvi-los de verdade.<\/p>\n<p>Refletindo sobre esse texto, vemos um ponto muito positivo: o chamado \u00e0 responsabilidade dos pais como portos seguros. No entanto, o cen\u00e1rio atual \u00e9 preocupante. O ponto negativo que a sociedade enfrenta \u00e9 a <strong>&#8220;automatiza\u00e7\u00e3o das fam\u00edlias&#8221;<\/strong>. Estamos t\u00e3o focados em dar o <strong>&#8220;ter&#8221;<\/strong> para os filhos que esquecemos da import\u00e2ncia do <strong>&#8220;ser&#8221;<\/strong>. Espiritualmente, a ansiedade \u00e9 um sintoma de um cora\u00e7\u00e3o que busca seguran\u00e7a em coisas passageiras. Como igreja e fam\u00edlia, precisamos resgatar o ambiente de mesa, de conversa e de vulnerabilidade, onde o jovem sinta que n\u00e3o precisa ser perfeito para ser amado.<\/p>\n<p>O que a B\u00edblia diz<\/p>\n<p>A Palavra de Deus entende a alma ansiosa. Em Filipenses, cap\u00edtulo 4, vers\u00edculos 6 e 7, na vers\u00e3o NTLH, lemos:<\/p>\n<p><strong>&#8220;N\u00e3o se preocupem com nada, mas em todas as ora\u00e7\u00f5es pe\u00e7am a Deus o que voc\u00eas precisam e orem sempre com o cora\u00e7\u00e3o agradecido. E a paz de Deus, que ningu\u00e9m consegue entender, guardar\u00e1 o cora\u00e7\u00e3o e a mente de voc\u00eas.&#8221;<\/strong><\/p>\n<p>Ensinar nossos filhos a entregar suas preocupa\u00e7\u00f5es a Deus \u00e9 dar a eles um recurso eterno que o mundo n\u00e3o oferece.<\/p>\n<p>Orienta\u00e7\u00f5es Pr\u00e1ticas<\/p>\n<p>Como agir com sabedoria diante dessa realidade?<\/p>\n<ul>\n<li>Como se prevenir: Diminua o ritmo. Crie momentos de <strong>&#8220;desconex\u00e3o digital&#8221;<\/strong> em casa. Quando estiver com seu filho, esteja por inteiro. O olhar atento previne o isolamento.<\/li>\n<li>Como agir com sabedoria: Valide os sentimentos dele. Se ele disser que est\u00e1 com medo ou pressionado, n\u00e3o diga que \u00e9 <strong>&#8220;frescura&#8221;<\/strong>. Escute primeiro, acolha depois.<\/li>\n<li>Como contribuir para o bem: Estimule h\u00e1bitos saud\u00e1veis. O sono regular, a boa alimenta\u00e7\u00e3o e a ordem em casa ajudam a estabilizar as emo\u00e7\u00f5es do adolescente antes mesmo que a ansiedade se torne um problema maior.<\/li>\n<\/ul>\n<p>Pai, m\u00e3e&#8230; n\u00e3o se culpem pelo cansa\u00e7o, mas busquem renovo no Senhor. Voc\u00ea \u00e9 a ferramenta que Deus escolheu para guiar esse jovem. Que esta palavra renove sua paci\u00eancia hoje.<\/p>\n<p>&nbsp;<\/p>\n<p><strong>Por Alo\u00edsio Lucas \u2013 Diretor Art\u00edstico da 107,5 FM.<\/strong><\/p>\n<p><strong>Imagem: IA<\/strong><\/p>\n<p>&nbsp;<\/p>\n<p><strong>Compartilhe!<\/strong><\/p>\n","protected":false},"excerpt":{"rendered":"<p>Voc\u00ea j\u00e1 sentiu que o ritmo do mundo hoje \u00e9 mais veloz do que conseguimos acompanhar? Em um artigo corajoso publicado na Gazeta do Povo, a escritora Xila Damian faz um alerta urgente sobre algo que muitas vezes passa despercebido dentro de casa: a ansiedade na adolesc\u00eancia. &nbsp; Confira o artigo em \u00e1udio: &nbsp; A [&hellip;]<\/p>\n","protected":false},"author":2,"featured_media":4321,"comment_status":"open","ping_status":"open","sticky":false,"template":"","format":"standard","meta":{"_acf_changed":false,"h5ap_radio_sources":[],"footnotes":""},"categories":[1],"tags":[],"class_list":["post-4318","post","type-post","status-publish","format-standard","has-post-thumbnail","hentry","category-sem-categoria"],"acf":[],"yoast_head":"<!-- This site is optimized with the Yoast SEO plugin v24.4 - https:\/\/yoast.com\/wordpress\/plugins\/seo\/ -->\n<title>Palavra do Dia: Ansiedade na Adolesc\u00eancia - R\u00e1dio 107,5 FM Simplesmente Diferente<\/title>\n<meta name=\"robots\" content=\"index, follow, max-snippet:-1, max-image-preview:large, max-video-preview:-1\" \/>\n<link rel=\"canonical\" href=\"https:\/\/1075fm.com.br\/site\/palavra-do-dia-ansiedade-na-adolescencia\/\" \/>\n<meta property=\"og:locale\" content=\"pt_BR\" \/>\n<meta property=\"og:type\" content=\"article\" \/>\n<meta property=\"og:title\" content=\"Palavra do Dia: Ansiedade na Adolesc\u00eancia - R\u00e1dio 107,5 FM Simplesmente Diferente\" \/>\n<meta property=\"og:description\" content=\"Voc\u00ea j\u00e1 sentiu que o ritmo do mundo hoje \u00e9 mais veloz do que conseguimos acompanhar? Em um artigo corajoso publicado na Gazeta do Povo, a escritora Xila Damian faz um alerta urgente sobre algo que muitas vezes passa despercebido dentro de casa: a ansiedade na adolesc\u00eancia. &nbsp; Confira o artigo em \u00e1udio: &nbsp; A [&hellip;]\" \/>\n<meta property=\"og:url\" content=\"https:\/\/1075fm.com.br\/site\/palavra-do-dia-ansiedade-na-adolescencia\/\" \/>\n<meta property=\"og:site_name\" content=\"R\u00e1dio 107,5 FM Simplesmente Diferente\" \/>\n<meta property=\"article:published_time\" content=\"2026-04-30T13:31:28+00:00\" \/>\n<meta property=\"og:image\" content=\"https:\/\/1075fm.com.br\/site\/wp-content\/uploads\/2026\/04\/WhatsApp-Image-2026-04-30-at-09.30.03.jpeg\" \/>\n\t<meta property=\"og:image:width\" content=\"1448\" \/>\n\t<meta property=\"og:image:height\" content=\"1086\" \/>\n\t<meta property=\"og:image:type\" content=\"image\/jpeg\" \/>\n<meta name=\"author\" content=\"demetrio\" \/>\n<meta name=\"twitter:card\" content=\"summary_large_image\" \/>\n<meta name=\"twitter:label1\" content=\"Escrito por\" \/>\n\t<meta name=\"twitter:data1\" content=\"demetrio\" \/>\n\t<meta name=\"twitter:label2\" content=\"Est. tempo de leitura\" \/>\n\t<meta name=\"twitter:data2\" content=\"4 minutos\" \/>\n<script type=\"application\/ld+json\" class=\"yoast-schema-graph\">{\"@context\":\"https:\/\/schema.org\",\"@graph\":[{\"@type\":\"WebPage\",\"@id\":\"https:\/\/1075fm.com.br\/site\/palavra-do-dia-ansiedade-na-adolescencia\/\",\"url\":\"https:\/\/1075fm.com.br\/site\/palavra-do-dia-ansiedade-na-adolescencia\/\",\"name\":\"Palavra do Dia: Ansiedade na Adolesc\u00eancia - R\u00e1dio 107,5 FM Simplesmente Diferente\",\"isPartOf\":{\"@id\":\"https:\/\/1075fm.com.br\/site\/#website\"},\"primaryImageOfPage\":{\"@id\":\"https:\/\/1075fm.com.br\/site\/palavra-do-dia-ansiedade-na-adolescencia\/#primaryimage\"},\"image\":{\"@id\":\"https:\/\/1075fm.com.br\/site\/palavra-do-dia-ansiedade-na-adolescencia\/#primaryimage\"},\"thumbnailUrl\":\"https:\/\/1075fm.com.br\/site\/wp-content\/uploads\/2026\/04\/WhatsApp-Image-2026-04-30-at-09.30.03.jpeg\",\"datePublished\":\"2026-04-30T13:31:28+00:00\",\"author\":{\"@id\":\"https:\/\/1075fm.com.br\/site\/#\/schema\/person\/592f97625e8fc4a064502324aa4a3a26\"},\"breadcrumb\":{\"@id\":\"https:\/\/1075fm.com.br\/site\/palavra-do-dia-ansiedade-na-adolescencia\/#breadcrumb\"},\"inLanguage\":\"pt-BR\",\"potentialAction\":[{\"@type\":\"ReadAction\",\"target\":[\"https:\/\/1075fm.com.br\/site\/palavra-do-dia-ansiedade-na-adolescencia\/\"]}]},{\"@type\":\"ImageObject\",\"inLanguage\":\"pt-BR\",\"@id\":\"https:\/\/1075fm.com.br\/site\/palavra-do-dia-ansiedade-na-adolescencia\/#primaryimage\",\"url\":\"https:\/\/1075fm.com.br\/site\/wp-content\/uploads\/2026\/04\/WhatsApp-Image-2026-04-30-at-09.30.03.jpeg\",\"contentUrl\":\"https:\/\/1075fm.com.br\/site\/wp-content\/uploads\/2026\/04\/WhatsApp-Image-2026-04-30-at-09.30.03.jpeg\",\"width\":1448,\"height\":1086},{\"@type\":\"BreadcrumbList\",\"@id\":\"https:\/\/1075fm.com.br\/site\/palavra-do-dia-ansiedade-na-adolescencia\/#breadcrumb\",\"itemListElement\":[{\"@type\":\"ListItem\",\"position\":1,\"name\":\"In\u00edcio\",\"item\":\"https:\/\/1075fm.com.br\/site\/\"},{\"@type\":\"ListItem\",\"position\":2,\"name\":\"Palavra do Dia: Ansiedade na Adolesc\u00eancia\"}]},{\"@type\":\"WebSite\",\"@id\":\"https:\/\/1075fm.com.br\/site\/#website\",\"url\":\"https:\/\/1075fm.com.br\/site\/\",\"name\":\"R\u00e1dio 107,5 FM Simplesmente Diferente\",\"description\":\"\",\"potentialAction\":[{\"@type\":\"SearchAction\",\"target\":{\"@type\":\"EntryPoint\",\"urlTemplate\":\"https:\/\/1075fm.com.br\/site\/?s={search_term_string}\"},\"query-input\":{\"@type\":\"PropertyValueSpecification\",\"valueRequired\":true,\"valueName\":\"search_term_string\"}}],\"inLanguage\":\"pt-BR\"},{\"@type\":\"Person\",\"@id\":\"https:\/\/1075fm.com.br\/site\/#\/schema\/person\/592f97625e8fc4a064502324aa4a3a26\",\"name\":\"demetrio\",\"image\":{\"@type\":\"ImageObject\",\"inLanguage\":\"pt-BR\",\"@id\":\"https:\/\/1075fm.com.br\/site\/#\/schema\/person\/image\/\",\"url\":\"https:\/\/secure.gravatar.com\/avatar\/31b4e5789076195b7ac5f73e9b612d5cf2dbf52e6948c7b8269e7830d983413c?s=96&d=mm&r=g\",\"contentUrl\":\"https:\/\/secure.gravatar.com\/avatar\/31b4e5789076195b7ac5f73e9b612d5cf2dbf52e6948c7b8269e7830d983413c?s=96&d=mm&r=g\",\"caption\":\"demetrio\"},\"url\":\"https:\/\/1075fm.com.br\/site\/author\/demetrio\/\"}]}<\/script>\n<!-- \/ Yoast SEO plugin. -->","yoast_head_json":{"title":"Palavra do Dia: Ansiedade na Adolesc\u00eancia - R\u00e1dio 107,5 FM Simplesmente Diferente","robots":{"index":"index","follow":"follow","max-snippet":"max-snippet:-1","max-image-preview":"max-image-preview:large","max-video-preview":"max-video-preview:-1"},"canonical":"https:\/\/1075fm.com.br\/site\/palavra-do-dia-ansiedade-na-adolescencia\/","og_locale":"pt_BR","og_type":"article","og_title":"Palavra do Dia: Ansiedade na Adolesc\u00eancia - R\u00e1dio 107,5 FM Simplesmente Diferente","og_description":"Voc\u00ea j\u00e1 sentiu que o ritmo do mundo hoje \u00e9 mais veloz do que conseguimos acompanhar? Em um artigo corajoso publicado na Gazeta do Povo, a escritora Xila Damian faz um alerta urgente sobre algo que muitas vezes passa despercebido dentro de casa: a ansiedade na adolesc\u00eancia. &nbsp; Confira o artigo em \u00e1udio: &nbsp; A [&hellip;]","og_url":"https:\/\/1075fm.com.br\/site\/palavra-do-dia-ansiedade-na-adolescencia\/","og_site_name":"R\u00e1dio 107,5 FM Simplesmente Diferente","article_published_time":"2026-04-30T13:31:28+00:00","og_image":[{"width":1448,"height":1086,"url":"https:\/\/1075fm.com.br\/site\/wp-content\/uploads\/2026\/04\/WhatsApp-Image-2026-04-30-at-09.30.03.jpeg","type":"image\/jpeg"}],"author":"demetrio","twitter_card":"summary_large_image","twitter_misc":{"Escrito por":"demetrio","Est. tempo de leitura":"4 minutos"},"schema":{"@context":"https:\/\/schema.org","@graph":[{"@type":"WebPage","@id":"https:\/\/1075fm.com.br\/site\/palavra-do-dia-ansiedade-na-adolescencia\/","url":"https:\/\/1075fm.com.br\/site\/palavra-do-dia-ansiedade-na-adolescencia\/","name":"Palavra do Dia: Ansiedade na Adolesc\u00eancia - R\u00e1dio 107,5 FM Simplesmente Diferente","isPartOf":{"@id":"https:\/\/1075fm.com.br\/site\/#website"},"primaryImageOfPage":{"@id":"https:\/\/1075fm.com.br\/site\/palavra-do-dia-ansiedade-na-adolescencia\/#primaryimage"},"image":{"@id":"https:\/\/1075fm.com.br\/site\/palavra-do-dia-ansiedade-na-adolescencia\/#primaryimage"},"thumbnailUrl":"https:\/\/1075fm.com.br\/site\/wp-content\/uploads\/2026\/04\/WhatsApp-Image-2026-04-30-at-09.30.03.jpeg","datePublished":"2026-04-30T13:31:28+00:00","author":{"@id":"https:\/\/1075fm.com.br\/site\/#\/schema\/person\/592f97625e8fc4a064502324aa4a3a26"},"breadcrumb":{"@id":"https:\/\/1075fm.com.br\/site\/palavra-do-dia-ansiedade-na-adolescencia\/#breadcrumb"},"inLanguage":"pt-BR","potentialAction":[{"@type":"ReadAction","target":["https:\/\/1075fm.com.br\/site\/palavra-do-dia-ansiedade-na-adolescencia\/"]}]},{"@type":"ImageObject","inLanguage":"pt-BR","@id":"https:\/\/1075fm.com.br\/site\/palavra-do-dia-ansiedade-na-adolescencia\/#primaryimage","url":"https:\/\/1075fm.com.br\/site\/wp-content\/uploads\/2026\/04\/WhatsApp-Image-2026-04-30-at-09.30.03.jpeg","contentUrl":"https:\/\/1075fm.com.br\/site\/wp-content\/uploads\/2026\/04\/WhatsApp-Image-2026-04-30-at-09.30.03.jpeg","width":1448,"height":1086},{"@type":"BreadcrumbList","@id":"https:\/\/1075fm.com.br\/site\/palavra-do-dia-ansiedade-na-adolescencia\/#breadcrumb","itemListElement":[{"@type":"ListItem","position":1,"name":"In\u00edcio","item":"https:\/\/1075fm.com.br\/site\/"},{"@type":"ListItem","position":2,"name":"Palavra do Dia: Ansiedade na Adolesc\u00eancia"}]},{"@type":"WebSite","@id":"https:\/\/1075fm.com.br\/site\/#website","url":"https:\/\/1075fm.com.br\/site\/","name":"R\u00e1dio 107,5 FM Simplesmente Diferente","description":"","potentialAction":[{"@type":"SearchAction","target":{"@type":"EntryPoint","urlTemplate":"https:\/\/1075fm.com.br\/site\/?s={search_term_string}"},"query-input":{"@type":"PropertyValueSpecification","valueRequired":true,"valueName":"search_term_string"}}],"inLanguage":"pt-BR"},{"@type":"Person","@id":"https:\/\/1075fm.com.br\/site\/#\/schema\/person\/592f97625e8fc4a064502324aa4a3a26","name":"demetrio","image":{"@type":"ImageObject","inLanguage":"pt-BR","@id":"https:\/\/1075fm.com.br\/site\/#\/schema\/person\/image\/","url":"https:\/\/secure.gravatar.com\/avatar\/31b4e5789076195b7ac5f73e9b612d5cf2dbf52e6948c7b8269e7830d983413c?s=96&d=mm&r=g","contentUrl":"https:\/\/secure.gravatar.com\/avatar\/31b4e5789076195b7ac5f73e9b612d5cf2dbf52e6948c7b8269e7830d983413c?s=96&d=mm&r=g","caption":"demetrio"},"url":"https:\/\/1075fm.com.br\/site\/author\/demetrio\/"}]}},"_links":{"self":[{"href":"https:\/\/1075fm.com.br\/site\/wp-json\/wp\/v2\/posts\/4318","targetHints":{"allow":["GET"]}}],"collection":[{"href":"https:\/\/1075fm.com.br\/site\/wp-json\/wp\/v2\/posts"}],"about":[{"href":"https:\/\/1075fm.com.br\/site\/wp-json\/wp\/v2\/types\/post"}],"author":[{"embeddable":true,"href":"https:\/\/1075fm.com.br\/site\/wp-json\/wp\/v2\/users\/2"}],"replies":[{"embeddable":true,"href":"https:\/\/1075fm.com.br\/site\/wp-json\/wp\/v2\/comments?post=4318"}],"version-history":[{"count":2,"href":"https:\/\/1075fm.com.br\/site\/wp-json\/wp\/v2\/posts\/4318\/revisions"}],"predecessor-version":[{"id":4323,"href":"https:\/\/1075fm.com.br\/site\/wp-json\/wp\/v2\/posts\/4318\/revisions\/4323"}],"wp:featuredmedia":[{"embeddable":true,"href":"https:\/\/1075fm.com.br\/site\/wp-json\/wp\/v2\/media\/4321"}],"wp:attachment":[{"href":"https:\/\/1075fm.com.br\/site\/wp-json\/wp\/v2\/media?parent=4318"}],"wp:term":[{"taxonomy":"category","embeddable":true,"href":"https:\/\/1075fm.com.br\/site\/wp-json\/wp\/v2\/categories?post=4318"},{"taxonomy":"post_tag","embeddable":true,"href":"https:\/\/1075fm.com.br\/site\/wp-json\/wp\/v2\/tags?post=4318"}],"curies":[{"name":"wp","href":"https:\/\/api.w.org\/{rel}","templated":true}]}}