{"id":4328,"date":"2026-05-01T09:36:35","date_gmt":"2026-05-01T12:36:35","guid":{"rendered":"https:\/\/1075fm.com.br\/site\/?p=4328"},"modified":"2026-05-01T09:52:22","modified_gmt":"2026-05-01T12:52:22","slug":"prefeitura-de-joinville-abre-inscricoes-para-a-semana-municipal-de-conscientizacao-e-orientacao-sobre-a-saude-mental","status":"publish","type":"post","link":"https:\/\/1075fm.com.br\/site\/prefeitura-de-joinville-abre-inscricoes-para-a-semana-municipal-de-conscientizacao-e-orientacao-sobre-a-saude-mental\/","title":{"rendered":"Prefeitura de Joinville abre inscri\u00e7\u00f5es para a Semana Municipal de Conscientiza\u00e7\u00e3o e Orienta\u00e7\u00e3o sobre a Sa\u00fade Mental"},"content":{"rendered":"<p>Alinhada aos novos desafios e debates na abordagem da sa\u00fade mental, a Semana Municipal de Conscientiza\u00e7\u00e3o e Orienta\u00e7\u00e3o sobre a Sa\u00fade Mental, promovida pela Prefeitura de Joinville, est\u00e1 com inscri\u00e7\u00f5es abertas. O evento ocorre de 18 a 22 de maio, com programa\u00e7\u00e3o que abrange palestras, capacita\u00e7\u00f5es e oficinas.<\/p>\n<p>A semana \u00e9 direcionada a profissionais das \u00e1reas da sa\u00fade, assist\u00eancia social e educa\u00e7\u00e3o, al\u00e9m de acad\u00eamicos e p\u00fablico em geral interessado no debate, reflex\u00e3o e fortalecimento de a\u00e7\u00f5es de inclus\u00e3o e sensibiliza\u00e7\u00e3o sobre pessoas em sofrimento mental. As inscri\u00e7\u00f5es n\u00e3o t\u00eam custo e podem ser realizadas no\u00a0<a role=\"link\" href=\"https:\/\/www.joinville.sc.gov.br\/eventos\/semana-municipal-de-conscientizacao-e-orientacao-sobre-a-saude-mental-2026\/\">site da Prefeitura<\/a>, onde tamb\u00e9m \u00e9 poss\u00edvel conferir a programa\u00e7\u00e3o completa.<\/p>\n<p>A gerente de Sa\u00fade Mental da Secretaria da Sa\u00fade de Joinville, Priscila Tocachelis Battistella, destaca que a Semana Municipal de Conscientiza\u00e7\u00e3o e Orienta\u00e7\u00e3o sobre a Sa\u00fade Mental, institu\u00edda por lei, \u00e9 realizada no munic\u00edpio h\u00e1 18 anos e a cada edi\u00e7\u00e3o tem buscado temas atuais para o desenvolvimento das pol\u00edticas p\u00fablicas e amplia\u00e7\u00e3o do debate.<\/p>\n<p><strong>\u201cAproveitamos a semana para proporcionar aos profissionais, \u00e0 comunidade, aos familiares e aos usu\u00e1rios um momento de atualiza\u00e7\u00e3o, mas tamb\u00e9m de intera\u00e7\u00e3o para o desenvolvimento de uma sociedade mais acolhedora, inclusiva e respeitosa com as pessoas que convivem com o transtorno mental\u201d<\/strong>, ressalta.<\/p>\n<p>A abertura da semana ser\u00e1 no Dia Nacional da Luta Antimanicomial no Brasil, 18 de maio, \u00e0s 13h, no Teatro Juarez Machado. A mesa de abertura com o tema<strong> \u201cLiberdade que cuida, rede que SUStenta\u201d<\/strong> traz como convidados o psic\u00f3logo e consultor t\u00e9cnico do departamento de Sa\u00fade Mental do\u00a0<a role=\"link\" href=\"https:\/\/www.gov.br\/saude\/pt-br\">Minist\u00e9rio da Sa\u00fade<\/a>, Ian Jacques de Souza, e o psic\u00f3logo, doutor em sa\u00fade coletiva e coordenador t\u00e9cnico do N\u00facleo de Pesquisa Pop Rua e Sa\u00fade Mental na Aten\u00e7\u00e3o B\u00e1sica da Fiocruz Bras\u00edlia, Marcelo Pedra de Souza.<\/p>\n<p>Os especialistas v\u00e3o abordar o desenvolvimento de pol\u00edticas p\u00fablicas de sa\u00fade mental no Brasil e os desafios e perspectivas do atendimento da popula\u00e7\u00e3o em situa\u00e7\u00e3o de rua. No mesmo dia, \u00e0s 19h, na Censupeg, os convidados participam da palestra <strong>\u201cSa\u00fade, \u00e9tica e liberdade: a rede como SUStent\u00e1culo do cuidado\u201d.<\/strong><\/p>\n<h3>Capacita\u00e7\u00f5es abordam desafios atuais da sa\u00fade mental, como depend\u00eancia em jogos e uso abusivo de telas<\/h3>\n<p>As capacita\u00e7\u00f5es da programa\u00e7\u00e3o ser\u00e3o realizadas no dia 19 de maio, no per\u00edodo da manh\u00e3 e da tarde, na Univille. Ser\u00e3o 28 oficinas que abordam temas pertinentes aos novos desafios terap\u00eauticos dos profissionais.<\/p>\n<p>Entre os temas em evid\u00eancia, est\u00e1 a depend\u00eancia em jogos, que ter\u00e1 uma oficina ministrada por Ian Jacques de Souza, do Minist\u00e9rio da Sa\u00fade. Atualmente, o atendimento no SUS para pessoas com diagn\u00f3sticos relacionados a jogos \u00e9 realizado pela Rede de Aten\u00e7\u00e3o Psicossocial (RAPS), composta em Joinville pelas Unidades B\u00e1sicas de Sa\u00fade da Fam\u00edlia e os servi\u00e7os especializados dos Centros de Aten\u00e7\u00e3o Psicossocial (CAPS).<\/p>\n<p>Neste atendimento, \u00e9 realizado o acolhimento e a escuta qualificada para o devido encaminhamento \u00e0 rede, seguindo a linha de Cuidado para Pessoas com Problemas Relacionados a Jogos de Apostas, desenvolvida pelo Minist\u00e9rio da Sa\u00fade.<\/p>\n<p>As capacita\u00e7\u00f5es tamb\u00e9m contemplam temas como o impacto do uso de telas na inf\u00e2ncia, o uso racional de medicamentos, adolesc\u00eancia e sa\u00fade mental e transtornos alimentares.<\/p>\n<h3>Caminhada de conscientiza\u00e7\u00e3o<\/h3>\n<p>No dia 20 de maio, \u00e0s 9h, ser\u00e1 realizada uma caminhada de conscientiza\u00e7\u00e3o. A concentra\u00e7\u00e3o ser\u00e1 na Pra\u00e7a da Bandeira, com destino \u00e0 Cat\u00f3lica SC (rua Visconde de Taunay, 427), onde ser\u00e3o realizadas oficinas tem\u00e1ticas e apresenta\u00e7\u00f5es culturais at\u00e9 as 12h. A participa\u00e7\u00e3o \u00e9 aberta \u00e0 comunidade e sem necessidade de inscri\u00e7\u00e3o.<\/p>\n<p>A programa\u00e7\u00e3o tamb\u00e9m promove, no dia 21 de maio, a Festa da Amizade, exclusiva para pacientes, familiares e profissionais dos servi\u00e7os de sa\u00fade mental. O encontro celebrar\u00e1 os 20 anos do Centro de Aten\u00e7\u00e3o Psicossocial Infantojuvenil (CAPS IJ) Cuca Legal, que atende crian\u00e7as e adolescentes com transtornos mentais ou uso abusivo de subst\u00e2ncias psicoativas.<\/p>\n<p>A semana encerra no dia 22 de maio, com a atividade Cuidando do cuidador, para profissionais dos servi\u00e7os de sa\u00fade mental.<\/p>\n<p>A Semana Municipal de Conscientiza\u00e7\u00e3o e Orienta\u00e7\u00e3o sobre a Sa\u00fade Mental tem o apoio da Anhanguera, Casa do Capit\u00e3o, Cat\u00f3lica SC, Censupeg, Faculdade Guilherme Guimbala \u2013 ACE\/FGG, Ielusc, Inesa, Instituto \u00cdmpar, Lifeunic, Restaurante Fundinho, Unisociesc e Univille.<\/p>\n<p>&nbsp;<\/p>\n<p>Com informa\u00e7\u00f5es <a href=\"https:\/\/www.joinville.sc.gov.br\/noticias\/prefeitura-de-joinville-abre-inscricoes-para-a-semana-municipal-de-conscientizacao-e-orientacao-sobre-a-saude-mental\/\">Prefeitura de Joinville<\/a><\/p>\n<p>Foto: Divulga\u00e7\u00e3o\/Prefeitura de Joinville<\/p>\n","protected":false},"excerpt":{"rendered":"<p>Alinhada aos novos desafios e debates na abordagem da sa\u00fade mental, a Semana Municipal de Conscientiza\u00e7\u00e3o e Orienta\u00e7\u00e3o sobre a Sa\u00fade Mental, promovida pela Prefeitura de Joinville, est\u00e1 com inscri\u00e7\u00f5es abertas. O evento ocorre de 18 a 22 de maio, com programa\u00e7\u00e3o que abrange palestras, capacita\u00e7\u00f5es e oficinas. A semana \u00e9 direcionada a profissionais das [&hellip;]<\/p>\n","protected":false},"author":2,"featured_media":4329,"comment_status":"open","ping_status":"open","sticky":false,"template":"","format":"standard","meta":{"_acf_changed":false,"h5ap_radio_sources":[],"footnotes":""},"categories":[1],"tags":[],"class_list":["post-4328","post","type-post","status-publish","format-standard","has-post-thumbnail","hentry","category-sem-categoria"],"acf":[],"yoast_head":"<!-- This site is optimized with the Yoast SEO plugin v24.4 - https:\/\/yoast.com\/wordpress\/plugins\/seo\/ -->\n<title>Prefeitura de Joinville abre inscri\u00e7\u00f5es para a Semana Municipal de Conscientiza\u00e7\u00e3o e Orienta\u00e7\u00e3o sobre a Sa\u00fade Mental - R\u00e1dio 107,5 FM Simplesmente Diferente<\/title>\n<meta name=\"robots\" content=\"index, follow, max-snippet:-1, max-image-preview:large, max-video-preview:-1\" \/>\n<link rel=\"canonical\" href=\"https:\/\/1075fm.com.br\/site\/prefeitura-de-joinville-abre-inscricoes-para-a-semana-municipal-de-conscientizacao-e-orientacao-sobre-a-saude-mental\/\" \/>\n<meta property=\"og:locale\" content=\"pt_BR\" \/>\n<meta property=\"og:type\" content=\"article\" \/>\n<meta property=\"og:title\" content=\"Prefeitura de Joinville abre inscri\u00e7\u00f5es para a Semana Municipal de Conscientiza\u00e7\u00e3o e Orienta\u00e7\u00e3o sobre a Sa\u00fade Mental - R\u00e1dio 107,5 FM Simplesmente Diferente\" \/>\n<meta property=\"og:description\" content=\"Alinhada aos novos desafios e debates na abordagem da sa\u00fade mental, a Semana Municipal de Conscientiza\u00e7\u00e3o e Orienta\u00e7\u00e3o sobre a Sa\u00fade Mental, promovida pela Prefeitura de Joinville, est\u00e1 com inscri\u00e7\u00f5es abertas. O evento ocorre de 18 a 22 de maio, com programa\u00e7\u00e3o que abrange palestras, capacita\u00e7\u00f5es e oficinas. A semana \u00e9 direcionada a profissionais das [&hellip;]\" \/>\n<meta property=\"og:url\" content=\"https:\/\/1075fm.com.br\/site\/prefeitura-de-joinville-abre-inscricoes-para-a-semana-municipal-de-conscientizacao-e-orientacao-sobre-a-saude-mental\/\" \/>\n<meta property=\"og:site_name\" content=\"R\u00e1dio 107,5 FM Simplesmente Diferente\" \/>\n<meta property=\"article:published_time\" content=\"2026-05-01T12:36:35+00:00\" \/>\n<meta property=\"article:modified_time\" content=\"2026-05-01T12:52:22+00:00\" \/>\n<meta property=\"og:image\" content=\"https:\/\/1075fm.com.br\/site\/wp-content\/uploads\/2026\/05\/Captura-de-tela-2026-05-01-093532.png\" \/>\n\t<meta property=\"og:image:width\" content=\"960\" \/>\n\t<meta property=\"og:image:height\" content=\"488\" \/>\n\t<meta property=\"og:image:type\" content=\"image\/png\" \/>\n<meta name=\"author\" content=\"demetrio\" \/>\n<meta name=\"twitter:card\" content=\"summary_large_image\" \/>\n<meta name=\"twitter:label1\" content=\"Escrito por\" \/>\n\t<meta name=\"twitter:data1\" content=\"demetrio\" \/>\n\t<meta name=\"twitter:label2\" content=\"Est. tempo de leitura\" \/>\n\t<meta name=\"twitter:data2\" content=\"5 minutos\" \/>\n<script type=\"application\/ld+json\" class=\"yoast-schema-graph\">{\"@context\":\"https:\/\/schema.org\",\"@graph\":[{\"@type\":\"WebPage\",\"@id\":\"https:\/\/1075fm.com.br\/site\/prefeitura-de-joinville-abre-inscricoes-para-a-semana-municipal-de-conscientizacao-e-orientacao-sobre-a-saude-mental\/\",\"url\":\"https:\/\/1075fm.com.br\/site\/prefeitura-de-joinville-abre-inscricoes-para-a-semana-municipal-de-conscientizacao-e-orientacao-sobre-a-saude-mental\/\",\"name\":\"Prefeitura de Joinville abre inscri\u00e7\u00f5es para a Semana Municipal de Conscientiza\u00e7\u00e3o e Orienta\u00e7\u00e3o sobre a Sa\u00fade Mental - R\u00e1dio 107,5 FM Simplesmente Diferente\",\"isPartOf\":{\"@id\":\"https:\/\/1075fm.com.br\/site\/#website\"},\"primaryImageOfPage\":{\"@id\":\"https:\/\/1075fm.com.br\/site\/prefeitura-de-joinville-abre-inscricoes-para-a-semana-municipal-de-conscientizacao-e-orientacao-sobre-a-saude-mental\/#primaryimage\"},\"image\":{\"@id\":\"https:\/\/1075fm.com.br\/site\/prefeitura-de-joinville-abre-inscricoes-para-a-semana-municipal-de-conscientizacao-e-orientacao-sobre-a-saude-mental\/#primaryimage\"},\"thumbnailUrl\":\"https:\/\/1075fm.com.br\/site\/wp-content\/uploads\/2026\/05\/Captura-de-tela-2026-05-01-093532.png\",\"datePublished\":\"2026-05-01T12:36:35+00:00\",\"dateModified\":\"2026-05-01T12:52:22+00:00\",\"author\":{\"@id\":\"https:\/\/1075fm.com.br\/site\/#\/schema\/person\/592f97625e8fc4a064502324aa4a3a26\"},\"breadcrumb\":{\"@id\":\"https:\/\/1075fm.com.br\/site\/prefeitura-de-joinville-abre-inscricoes-para-a-semana-municipal-de-conscientizacao-e-orientacao-sobre-a-saude-mental\/#breadcrumb\"},\"inLanguage\":\"pt-BR\",\"potentialAction\":[{\"@type\":\"ReadAction\",\"target\":[\"https:\/\/1075fm.com.br\/site\/prefeitura-de-joinville-abre-inscricoes-para-a-semana-municipal-de-conscientizacao-e-orientacao-sobre-a-saude-mental\/\"]}]},{\"@type\":\"ImageObject\",\"inLanguage\":\"pt-BR\",\"@id\":\"https:\/\/1075fm.com.br\/site\/prefeitura-de-joinville-abre-inscricoes-para-a-semana-municipal-de-conscientizacao-e-orientacao-sobre-a-saude-mental\/#primaryimage\",\"url\":\"https:\/\/1075fm.com.br\/site\/wp-content\/uploads\/2026\/05\/Captura-de-tela-2026-05-01-093532.png\",\"contentUrl\":\"https:\/\/1075fm.com.br\/site\/wp-content\/uploads\/2026\/05\/Captura-de-tela-2026-05-01-093532.png\",\"width\":960,\"height\":488},{\"@type\":\"BreadcrumbList\",\"@id\":\"https:\/\/1075fm.com.br\/site\/prefeitura-de-joinville-abre-inscricoes-para-a-semana-municipal-de-conscientizacao-e-orientacao-sobre-a-saude-mental\/#breadcrumb\",\"itemListElement\":[{\"@type\":\"ListItem\",\"position\":1,\"name\":\"In\u00edcio\",\"item\":\"https:\/\/1075fm.com.br\/site\/\"},{\"@type\":\"ListItem\",\"position\":2,\"name\":\"Prefeitura de Joinville abre inscri\u00e7\u00f5es para a Semana Municipal de Conscientiza\u00e7\u00e3o e Orienta\u00e7\u00e3o sobre a Sa\u00fade Mental\"}]},{\"@type\":\"WebSite\",\"@id\":\"https:\/\/1075fm.com.br\/site\/#website\",\"url\":\"https:\/\/1075fm.com.br\/site\/\",\"name\":\"R\u00e1dio 107,5 FM Simplesmente Diferente\",\"description\":\"\",\"potentialAction\":[{\"@type\":\"SearchAction\",\"target\":{\"@type\":\"EntryPoint\",\"urlTemplate\":\"https:\/\/1075fm.com.br\/site\/?s={search_term_string}\"},\"query-input\":{\"@type\":\"PropertyValueSpecification\",\"valueRequired\":true,\"valueName\":\"search_term_string\"}}],\"inLanguage\":\"pt-BR\"},{\"@type\":\"Person\",\"@id\":\"https:\/\/1075fm.com.br\/site\/#\/schema\/person\/592f97625e8fc4a064502324aa4a3a26\",\"name\":\"demetrio\",\"image\":{\"@type\":\"ImageObject\",\"inLanguage\":\"pt-BR\",\"@id\":\"https:\/\/1075fm.com.br\/site\/#\/schema\/person\/image\/\",\"url\":\"https:\/\/secure.gravatar.com\/avatar\/31b4e5789076195b7ac5f73e9b612d5cf2dbf52e6948c7b8269e7830d983413c?s=96&d=mm&r=g\",\"contentUrl\":\"https:\/\/secure.gravatar.com\/avatar\/31b4e5789076195b7ac5f73e9b612d5cf2dbf52e6948c7b8269e7830d983413c?s=96&d=mm&r=g\",\"caption\":\"demetrio\"},\"url\":\"https:\/\/1075fm.com.br\/site\/author\/demetrio\/\"}]}<\/script>\n<!-- \/ Yoast SEO plugin. -->","yoast_head_json":{"title":"Prefeitura de Joinville abre inscri\u00e7\u00f5es para a Semana Municipal de Conscientiza\u00e7\u00e3o e Orienta\u00e7\u00e3o sobre a Sa\u00fade Mental - R\u00e1dio 107,5 FM Simplesmente Diferente","robots":{"index":"index","follow":"follow","max-snippet":"max-snippet:-1","max-image-preview":"max-image-preview:large","max-video-preview":"max-video-preview:-1"},"canonical":"https:\/\/1075fm.com.br\/site\/prefeitura-de-joinville-abre-inscricoes-para-a-semana-municipal-de-conscientizacao-e-orientacao-sobre-a-saude-mental\/","og_locale":"pt_BR","og_type":"article","og_title":"Prefeitura de Joinville abre inscri\u00e7\u00f5es para a Semana Municipal de Conscientiza\u00e7\u00e3o e Orienta\u00e7\u00e3o sobre a Sa\u00fade Mental - R\u00e1dio 107,5 FM Simplesmente Diferente","og_description":"Alinhada aos novos desafios e debates na abordagem da sa\u00fade mental, a Semana Municipal de Conscientiza\u00e7\u00e3o e Orienta\u00e7\u00e3o sobre a Sa\u00fade Mental, promovida pela Prefeitura de Joinville, est\u00e1 com inscri\u00e7\u00f5es abertas. O evento ocorre de 18 a 22 de maio, com programa\u00e7\u00e3o que abrange palestras, capacita\u00e7\u00f5es e oficinas. A semana \u00e9 direcionada a profissionais das [&hellip;]","og_url":"https:\/\/1075fm.com.br\/site\/prefeitura-de-joinville-abre-inscricoes-para-a-semana-municipal-de-conscientizacao-e-orientacao-sobre-a-saude-mental\/","og_site_name":"R\u00e1dio 107,5 FM Simplesmente Diferente","article_published_time":"2026-05-01T12:36:35+00:00","article_modified_time":"2026-05-01T12:52:22+00:00","og_image":[{"width":960,"height":488,"url":"https:\/\/1075fm.com.br\/site\/wp-content\/uploads\/2026\/05\/Captura-de-tela-2026-05-01-093532.png","type":"image\/png"}],"author":"demetrio","twitter_card":"summary_large_image","twitter_misc":{"Escrito por":"demetrio","Est. tempo de leitura":"5 minutos"},"schema":{"@context":"https:\/\/schema.org","@graph":[{"@type":"WebPage","@id":"https:\/\/1075fm.com.br\/site\/prefeitura-de-joinville-abre-inscricoes-para-a-semana-municipal-de-conscientizacao-e-orientacao-sobre-a-saude-mental\/","url":"https:\/\/1075fm.com.br\/site\/prefeitura-de-joinville-abre-inscricoes-para-a-semana-municipal-de-conscientizacao-e-orientacao-sobre-a-saude-mental\/","name":"Prefeitura de Joinville abre inscri\u00e7\u00f5es para a Semana Municipal de Conscientiza\u00e7\u00e3o e Orienta\u00e7\u00e3o sobre a Sa\u00fade Mental - R\u00e1dio 107,5 FM Simplesmente Diferente","isPartOf":{"@id":"https:\/\/1075fm.com.br\/site\/#website"},"primaryImageOfPage":{"@id":"https:\/\/1075fm.com.br\/site\/prefeitura-de-joinville-abre-inscricoes-para-a-semana-municipal-de-conscientizacao-e-orientacao-sobre-a-saude-mental\/#primaryimage"},"image":{"@id":"https:\/\/1075fm.com.br\/site\/prefeitura-de-joinville-abre-inscricoes-para-a-semana-municipal-de-conscientizacao-e-orientacao-sobre-a-saude-mental\/#primaryimage"},"thumbnailUrl":"https:\/\/1075fm.com.br\/site\/wp-content\/uploads\/2026\/05\/Captura-de-tela-2026-05-01-093532.png","datePublished":"2026-05-01T12:36:35+00:00","dateModified":"2026-05-01T12:52:22+00:00","author":{"@id":"https:\/\/1075fm.com.br\/site\/#\/schema\/person\/592f97625e8fc4a064502324aa4a3a26"},"breadcrumb":{"@id":"https:\/\/1075fm.com.br\/site\/prefeitura-de-joinville-abre-inscricoes-para-a-semana-municipal-de-conscientizacao-e-orientacao-sobre-a-saude-mental\/#breadcrumb"},"inLanguage":"pt-BR","potentialAction":[{"@type":"ReadAction","target":["https:\/\/1075fm.com.br\/site\/prefeitura-de-joinville-abre-inscricoes-para-a-semana-municipal-de-conscientizacao-e-orientacao-sobre-a-saude-mental\/"]}]},{"@type":"ImageObject","inLanguage":"pt-BR","@id":"https:\/\/1075fm.com.br\/site\/prefeitura-de-joinville-abre-inscricoes-para-a-semana-municipal-de-conscientizacao-e-orientacao-sobre-a-saude-mental\/#primaryimage","url":"https:\/\/1075fm.com.br\/site\/wp-content\/uploads\/2026\/05\/Captura-de-tela-2026-05-01-093532.png","contentUrl":"https:\/\/1075fm.com.br\/site\/wp-content\/uploads\/2026\/05\/Captura-de-tela-2026-05-01-093532.png","width":960,"height":488},{"@type":"BreadcrumbList","@id":"https:\/\/1075fm.com.br\/site\/prefeitura-de-joinville-abre-inscricoes-para-a-semana-municipal-de-conscientizacao-e-orientacao-sobre-a-saude-mental\/#breadcrumb","itemListElement":[{"@type":"ListItem","position":1,"name":"In\u00edcio","item":"https:\/\/1075fm.com.br\/site\/"},{"@type":"ListItem","position":2,"name":"Prefeitura de Joinville abre inscri\u00e7\u00f5es para a Semana Municipal de Conscientiza\u00e7\u00e3o e Orienta\u00e7\u00e3o sobre a Sa\u00fade Mental"}]},{"@type":"WebSite","@id":"https:\/\/1075fm.com.br\/site\/#website","url":"https:\/\/1075fm.com.br\/site\/","name":"R\u00e1dio 107,5 FM Simplesmente Diferente","description":"","potentialAction":[{"@type":"SearchAction","target":{"@type":"EntryPoint","urlTemplate":"https:\/\/1075fm.com.br\/site\/?s={search_term_string}"},"query-input":{"@type":"PropertyValueSpecification","valueRequired":true,"valueName":"search_term_string"}}],"inLanguage":"pt-BR"},{"@type":"Person","@id":"https:\/\/1075fm.com.br\/site\/#\/schema\/person\/592f97625e8fc4a064502324aa4a3a26","name":"demetrio","image":{"@type":"ImageObject","inLanguage":"pt-BR","@id":"https:\/\/1075fm.com.br\/site\/#\/schema\/person\/image\/","url":"https:\/\/secure.gravatar.com\/avatar\/31b4e5789076195b7ac5f73e9b612d5cf2dbf52e6948c7b8269e7830d983413c?s=96&d=mm&r=g","contentUrl":"https:\/\/secure.gravatar.com\/avatar\/31b4e5789076195b7ac5f73e9b612d5cf2dbf52e6948c7b8269e7830d983413c?s=96&d=mm&r=g","caption":"demetrio"},"url":"https:\/\/1075fm.com.br\/site\/author\/demetrio\/"}]}},"_links":{"self":[{"href":"https:\/\/1075fm.com.br\/site\/wp-json\/wp\/v2\/posts\/4328","targetHints":{"allow":["GET"]}}],"collection":[{"href":"https:\/\/1075fm.com.br\/site\/wp-json\/wp\/v2\/posts"}],"about":[{"href":"https:\/\/1075fm.com.br\/site\/wp-json\/wp\/v2\/types\/post"}],"author":[{"embeddable":true,"href":"https:\/\/1075fm.com.br\/site\/wp-json\/wp\/v2\/users\/2"}],"replies":[{"embeddable":true,"href":"https:\/\/1075fm.com.br\/site\/wp-json\/wp\/v2\/comments?post=4328"}],"version-history":[{"count":2,"href":"https:\/\/1075fm.com.br\/site\/wp-json\/wp\/v2\/posts\/4328\/revisions"}],"predecessor-version":[{"id":4339,"href":"https:\/\/1075fm.com.br\/site\/wp-json\/wp\/v2\/posts\/4328\/revisions\/4339"}],"wp:featuredmedia":[{"embeddable":true,"href":"https:\/\/1075fm.com.br\/site\/wp-json\/wp\/v2\/media\/4329"}],"wp:attachment":[{"href":"https:\/\/1075fm.com.br\/site\/wp-json\/wp\/v2\/media?parent=4328"}],"wp:term":[{"taxonomy":"category","embeddable":true,"href":"https:\/\/1075fm.com.br\/site\/wp-json\/wp\/v2\/categories?post=4328"},{"taxonomy":"post_tag","embeddable":true,"href":"https:\/\/1075fm.com.br\/site\/wp-json\/wp\/v2\/tags?post=4328"}],"curies":[{"name":"wp","href":"https:\/\/api.w.org\/{rel}","templated":true}]}}