{"id":4336,"date":"2026-05-01T09:46:11","date_gmt":"2026-05-01T12:46:11","guid":{"rendered":"https:\/\/1075fm.com.br\/site\/?p=4336"},"modified":"2026-05-01T09:46:11","modified_gmt":"2026-05-01T12:46:11","slug":"prefeitura-de-joinville-abre-a-programacao-do-maio-amarelo-mes-de-conscientizacao-sobre-a-seguranca-no-transito","status":"publish","type":"post","link":"https:\/\/1075fm.com.br\/site\/prefeitura-de-joinville-abre-a-programacao-do-maio-amarelo-mes-de-conscientizacao-sobre-a-seguranca-no-transito\/","title":{"rendered":"Prefeitura de Joinville abre a programa\u00e7\u00e3o do Maio Amarelo, m\u00eas de conscientiza\u00e7\u00e3o sobre a seguran\u00e7a no tr\u00e2nsito"},"content":{"rendered":"<p><strong>\u201cNo tr\u00e2nsito, enxergar o outro \u00e9 salvar vidas\u201d<\/strong>: este \u00e9 o tema da campanha Maio Amarelo deste ano, que teve a programa\u00e7\u00e3o oficialmente aberta pela Prefeitura de Joinville nesta quinta-feira (30\/4). Durante todo o m\u00eas, o Departamento de Tr\u00e2nsito (Detrans) vai promover a\u00e7\u00f5es educativas sobre a seguran\u00e7a no tr\u00e2nsito em escolas, empresas e ruas da cidade.<\/p>\n<p><strong>\u201cEssa campanha \u00e9 muito importante porque a gente precisa conscientizar todos de que o tr\u00e2nsito \u00e9 uma coisa \u00fanica e envolve todos n\u00f3s. Se cada um tiver mais consci\u00eancia e cuidado, n\u00f3s teremos menos v\u00edtimas no tr\u00e2nsito\u201d<\/strong>, destaca a prefeita Rejane Gambin.<\/p>\n<p>A campanha alerta justamente para a necessidade de conscientiza\u00e7\u00e3o sobre todos que fazem parte do tr\u00e2nsito, do pedestre ao motorista, assim como motociclistas, ciclistas e usu\u00e1rios de equipamentos de mobilidade individual. Por isso, o Maio Amarelo em Joinville vai promover a\u00e7\u00f5es espec\u00edficas para cada um desses p\u00fablicos.<\/p>\n<p>Para os motoristas e motociclistas, por exemplo, o projeto Vis\u00e3o Segura, que utiliza \u00f3culos simuladores de embriaguez, demonstra como a percep\u00e7\u00e3o e a coordena\u00e7\u00e3o s\u00e3o afetadas ao misturar \u00e1lcool e volante. J\u00e1 as blitze Joinville em Duas Rodas focam na prote\u00e7\u00e3o de ciclistas e condutores de autopropelidos, inclusive com distribui\u00e7\u00e3o de campainhas, luzes e espelhos retrovisores.<\/p>\n<p><strong>\u201cDurante o ano todo, o Detrans, atrav\u00e9s da Escola P\u00fablica de Tr\u00e2nsito (Eptran), trabalha a educa\u00e7\u00e3o e em maio a gente intensifica essas campanhas com a\u00e7\u00f5es quase todos os dias. Temos procurado fortalecer a Eptran porque a educa\u00e7\u00e3o, junto com a fiscaliza\u00e7\u00e3o e a engenharia, forma o trip\u00e9 da mobilidade\u201d<\/strong>, diz o secret\u00e1rio de Prote\u00e7\u00e3o Civil e Seguran\u00e7a P\u00fablica, Paulo Rog\u00e9rio Rigo.<\/p>\n<p>Durante a abertura do Maio Amarelo, a prefeita Rejane Gambin assinou o decreto que cria o Comit\u00ea Intersetorial Municipal de Preven\u00e7\u00e3o de Les\u00f5es e Mortes no Tr\u00e2nsito de Joinville. A iniciativa fortalece a integra\u00e7\u00e3o entre tr\u00e2nsito, sa\u00fade e planejamento, permitindo o compartilhamento de dados entre os setores e o desenvolvimento de estrat\u00e9gias que qualifiquem ainda mais a gest\u00e3o da seguran\u00e7a vi\u00e1ria.<\/p>\n<p>&nbsp;<\/p>\n<p>Com informa\u00e7\u00f5es <a href=\"https:\/\/www.joinville.sc.gov.br\/noticias\/prefeitura-de-joinville-abre-a-programacao-do-maio-amarelo-mes-de-conscientizacao-sobre-a-seguranca-no-transito\/\">Prefeitura de Joinville<\/a><\/p>\n<p>Foto: Divulga\u00e7\u00e3o\/Prefeitura de Joinville<\/p>\n","protected":false},"excerpt":{"rendered":"<p>\u201cNo tr\u00e2nsito, enxergar o outro \u00e9 salvar vidas\u201d: este \u00e9 o tema da campanha Maio Amarelo deste ano, que teve a programa\u00e7\u00e3o oficialmente aberta pela Prefeitura de Joinville nesta quinta-feira (30\/4). Durante todo o m\u00eas, o Departamento de Tr\u00e2nsito (Detrans) vai promover a\u00e7\u00f5es educativas sobre a seguran\u00e7a no tr\u00e2nsito em escolas, empresas e ruas da [&hellip;]<\/p>\n","protected":false},"author":2,"featured_media":4337,"comment_status":"open","ping_status":"open","sticky":false,"template":"","format":"standard","meta":{"_acf_changed":false,"h5ap_radio_sources":[],"footnotes":""},"categories":[1],"tags":[],"class_list":["post-4336","post","type-post","status-publish","format-standard","has-post-thumbnail","hentry","category-sem-categoria"],"acf":[],"yoast_head":"<!-- This site is optimized with the Yoast SEO plugin v24.4 - https:\/\/yoast.com\/wordpress\/plugins\/seo\/ -->\n<title>Prefeitura de Joinville abre a programa\u00e7\u00e3o do Maio Amarelo, m\u00eas de conscientiza\u00e7\u00e3o sobre a seguran\u00e7a no tr\u00e2nsito - R\u00e1dio 107,5 FM Simplesmente Diferente<\/title>\n<meta name=\"robots\" content=\"index, follow, max-snippet:-1, max-image-preview:large, max-video-preview:-1\" \/>\n<link rel=\"canonical\" href=\"https:\/\/1075fm.com.br\/site\/prefeitura-de-joinville-abre-a-programacao-do-maio-amarelo-mes-de-conscientizacao-sobre-a-seguranca-no-transito\/\" \/>\n<meta property=\"og:locale\" content=\"pt_BR\" \/>\n<meta property=\"og:type\" content=\"article\" \/>\n<meta property=\"og:title\" content=\"Prefeitura de Joinville abre a programa\u00e7\u00e3o do Maio Amarelo, m\u00eas de conscientiza\u00e7\u00e3o sobre a seguran\u00e7a no tr\u00e2nsito - R\u00e1dio 107,5 FM Simplesmente Diferente\" \/>\n<meta property=\"og:description\" content=\"\u201cNo tr\u00e2nsito, enxergar o outro \u00e9 salvar vidas\u201d: este \u00e9 o tema da campanha Maio Amarelo deste ano, que teve a programa\u00e7\u00e3o oficialmente aberta pela Prefeitura de Joinville nesta quinta-feira (30\/4). Durante todo o m\u00eas, o Departamento de Tr\u00e2nsito (Detrans) vai promover a\u00e7\u00f5es educativas sobre a seguran\u00e7a no tr\u00e2nsito em escolas, empresas e ruas da [&hellip;]\" \/>\n<meta property=\"og:url\" content=\"https:\/\/1075fm.com.br\/site\/prefeitura-de-joinville-abre-a-programacao-do-maio-amarelo-mes-de-conscientizacao-sobre-a-seguranca-no-transito\/\" \/>\n<meta property=\"og:site_name\" content=\"R\u00e1dio 107,5 FM Simplesmente Diferente\" \/>\n<meta property=\"article:published_time\" content=\"2026-05-01T12:46:11+00:00\" \/>\n<meta property=\"og:image\" content=\"https:\/\/1075fm.com.br\/site\/wp-content\/uploads\/2026\/05\/Captura-de-tela-2026-05-01-094348.png\" \/>\n\t<meta property=\"og:image:width\" content=\"957\" \/>\n\t<meta property=\"og:image:height\" content=\"485\" \/>\n\t<meta property=\"og:image:type\" content=\"image\/png\" \/>\n<meta name=\"author\" content=\"demetrio\" \/>\n<meta name=\"twitter:card\" content=\"summary_large_image\" \/>\n<meta name=\"twitter:label1\" content=\"Escrito por\" \/>\n\t<meta name=\"twitter:data1\" content=\"demetrio\" \/>\n\t<meta name=\"twitter:label2\" content=\"Est. tempo de leitura\" \/>\n\t<meta name=\"twitter:data2\" content=\"2 minutos\" \/>\n<script type=\"application\/ld+json\" class=\"yoast-schema-graph\">{\"@context\":\"https:\/\/schema.org\",\"@graph\":[{\"@type\":\"WebPage\",\"@id\":\"https:\/\/1075fm.com.br\/site\/prefeitura-de-joinville-abre-a-programacao-do-maio-amarelo-mes-de-conscientizacao-sobre-a-seguranca-no-transito\/\",\"url\":\"https:\/\/1075fm.com.br\/site\/prefeitura-de-joinville-abre-a-programacao-do-maio-amarelo-mes-de-conscientizacao-sobre-a-seguranca-no-transito\/\",\"name\":\"Prefeitura de Joinville abre a programa\u00e7\u00e3o do Maio Amarelo, m\u00eas de conscientiza\u00e7\u00e3o sobre a seguran\u00e7a no tr\u00e2nsito - R\u00e1dio 107,5 FM Simplesmente Diferente\",\"isPartOf\":{\"@id\":\"https:\/\/1075fm.com.br\/site\/#website\"},\"primaryImageOfPage\":{\"@id\":\"https:\/\/1075fm.com.br\/site\/prefeitura-de-joinville-abre-a-programacao-do-maio-amarelo-mes-de-conscientizacao-sobre-a-seguranca-no-transito\/#primaryimage\"},\"image\":{\"@id\":\"https:\/\/1075fm.com.br\/site\/prefeitura-de-joinville-abre-a-programacao-do-maio-amarelo-mes-de-conscientizacao-sobre-a-seguranca-no-transito\/#primaryimage\"},\"thumbnailUrl\":\"https:\/\/1075fm.com.br\/site\/wp-content\/uploads\/2026\/05\/Captura-de-tela-2026-05-01-094348.png\",\"datePublished\":\"2026-05-01T12:46:11+00:00\",\"author\":{\"@id\":\"https:\/\/1075fm.com.br\/site\/#\/schema\/person\/592f97625e8fc4a064502324aa4a3a26\"},\"breadcrumb\":{\"@id\":\"https:\/\/1075fm.com.br\/site\/prefeitura-de-joinville-abre-a-programacao-do-maio-amarelo-mes-de-conscientizacao-sobre-a-seguranca-no-transito\/#breadcrumb\"},\"inLanguage\":\"pt-BR\",\"potentialAction\":[{\"@type\":\"ReadAction\",\"target\":[\"https:\/\/1075fm.com.br\/site\/prefeitura-de-joinville-abre-a-programacao-do-maio-amarelo-mes-de-conscientizacao-sobre-a-seguranca-no-transito\/\"]}]},{\"@type\":\"ImageObject\",\"inLanguage\":\"pt-BR\",\"@id\":\"https:\/\/1075fm.com.br\/site\/prefeitura-de-joinville-abre-a-programacao-do-maio-amarelo-mes-de-conscientizacao-sobre-a-seguranca-no-transito\/#primaryimage\",\"url\":\"https:\/\/1075fm.com.br\/site\/wp-content\/uploads\/2026\/05\/Captura-de-tela-2026-05-01-094348.png\",\"contentUrl\":\"https:\/\/1075fm.com.br\/site\/wp-content\/uploads\/2026\/05\/Captura-de-tela-2026-05-01-094348.png\",\"width\":957,\"height\":485},{\"@type\":\"BreadcrumbList\",\"@id\":\"https:\/\/1075fm.com.br\/site\/prefeitura-de-joinville-abre-a-programacao-do-maio-amarelo-mes-de-conscientizacao-sobre-a-seguranca-no-transito\/#breadcrumb\",\"itemListElement\":[{\"@type\":\"ListItem\",\"position\":1,\"name\":\"In\u00edcio\",\"item\":\"https:\/\/1075fm.com.br\/site\/\"},{\"@type\":\"ListItem\",\"position\":2,\"name\":\"Prefeitura de Joinville abre a programa\u00e7\u00e3o do Maio Amarelo, m\u00eas de conscientiza\u00e7\u00e3o sobre a seguran\u00e7a no tr\u00e2nsito\"}]},{\"@type\":\"WebSite\",\"@id\":\"https:\/\/1075fm.com.br\/site\/#website\",\"url\":\"https:\/\/1075fm.com.br\/site\/\",\"name\":\"R\u00e1dio 107,5 FM Simplesmente Diferente\",\"description\":\"\",\"potentialAction\":[{\"@type\":\"SearchAction\",\"target\":{\"@type\":\"EntryPoint\",\"urlTemplate\":\"https:\/\/1075fm.com.br\/site\/?s={search_term_string}\"},\"query-input\":{\"@type\":\"PropertyValueSpecification\",\"valueRequired\":true,\"valueName\":\"search_term_string\"}}],\"inLanguage\":\"pt-BR\"},{\"@type\":\"Person\",\"@id\":\"https:\/\/1075fm.com.br\/site\/#\/schema\/person\/592f97625e8fc4a064502324aa4a3a26\",\"name\":\"demetrio\",\"image\":{\"@type\":\"ImageObject\",\"inLanguage\":\"pt-BR\",\"@id\":\"https:\/\/1075fm.com.br\/site\/#\/schema\/person\/image\/\",\"url\":\"https:\/\/secure.gravatar.com\/avatar\/31b4e5789076195b7ac5f73e9b612d5cf2dbf52e6948c7b8269e7830d983413c?s=96&d=mm&r=g\",\"contentUrl\":\"https:\/\/secure.gravatar.com\/avatar\/31b4e5789076195b7ac5f73e9b612d5cf2dbf52e6948c7b8269e7830d983413c?s=96&d=mm&r=g\",\"caption\":\"demetrio\"},\"url\":\"https:\/\/1075fm.com.br\/site\/author\/demetrio\/\"}]}<\/script>\n<!-- \/ Yoast SEO plugin. -->","yoast_head_json":{"title":"Prefeitura de Joinville abre a programa\u00e7\u00e3o do Maio Amarelo, m\u00eas de conscientiza\u00e7\u00e3o sobre a seguran\u00e7a no tr\u00e2nsito - R\u00e1dio 107,5 FM Simplesmente Diferente","robots":{"index":"index","follow":"follow","max-snippet":"max-snippet:-1","max-image-preview":"max-image-preview:large","max-video-preview":"max-video-preview:-1"},"canonical":"https:\/\/1075fm.com.br\/site\/prefeitura-de-joinville-abre-a-programacao-do-maio-amarelo-mes-de-conscientizacao-sobre-a-seguranca-no-transito\/","og_locale":"pt_BR","og_type":"article","og_title":"Prefeitura de Joinville abre a programa\u00e7\u00e3o do Maio Amarelo, m\u00eas de conscientiza\u00e7\u00e3o sobre a seguran\u00e7a no tr\u00e2nsito - R\u00e1dio 107,5 FM Simplesmente Diferente","og_description":"\u201cNo tr\u00e2nsito, enxergar o outro \u00e9 salvar vidas\u201d: este \u00e9 o tema da campanha Maio Amarelo deste ano, que teve a programa\u00e7\u00e3o oficialmente aberta pela Prefeitura de Joinville nesta quinta-feira (30\/4). Durante todo o m\u00eas, o Departamento de Tr\u00e2nsito (Detrans) vai promover a\u00e7\u00f5es educativas sobre a seguran\u00e7a no tr\u00e2nsito em escolas, empresas e ruas da [&hellip;]","og_url":"https:\/\/1075fm.com.br\/site\/prefeitura-de-joinville-abre-a-programacao-do-maio-amarelo-mes-de-conscientizacao-sobre-a-seguranca-no-transito\/","og_site_name":"R\u00e1dio 107,5 FM Simplesmente Diferente","article_published_time":"2026-05-01T12:46:11+00:00","og_image":[{"width":957,"height":485,"url":"https:\/\/1075fm.com.br\/site\/wp-content\/uploads\/2026\/05\/Captura-de-tela-2026-05-01-094348.png","type":"image\/png"}],"author":"demetrio","twitter_card":"summary_large_image","twitter_misc":{"Escrito por":"demetrio","Est. tempo de leitura":"2 minutos"},"schema":{"@context":"https:\/\/schema.org","@graph":[{"@type":"WebPage","@id":"https:\/\/1075fm.com.br\/site\/prefeitura-de-joinville-abre-a-programacao-do-maio-amarelo-mes-de-conscientizacao-sobre-a-seguranca-no-transito\/","url":"https:\/\/1075fm.com.br\/site\/prefeitura-de-joinville-abre-a-programacao-do-maio-amarelo-mes-de-conscientizacao-sobre-a-seguranca-no-transito\/","name":"Prefeitura de Joinville abre a programa\u00e7\u00e3o do Maio Amarelo, m\u00eas de conscientiza\u00e7\u00e3o sobre a seguran\u00e7a no tr\u00e2nsito - R\u00e1dio 107,5 FM Simplesmente Diferente","isPartOf":{"@id":"https:\/\/1075fm.com.br\/site\/#website"},"primaryImageOfPage":{"@id":"https:\/\/1075fm.com.br\/site\/prefeitura-de-joinville-abre-a-programacao-do-maio-amarelo-mes-de-conscientizacao-sobre-a-seguranca-no-transito\/#primaryimage"},"image":{"@id":"https:\/\/1075fm.com.br\/site\/prefeitura-de-joinville-abre-a-programacao-do-maio-amarelo-mes-de-conscientizacao-sobre-a-seguranca-no-transito\/#primaryimage"},"thumbnailUrl":"https:\/\/1075fm.com.br\/site\/wp-content\/uploads\/2026\/05\/Captura-de-tela-2026-05-01-094348.png","datePublished":"2026-05-01T12:46:11+00:00","author":{"@id":"https:\/\/1075fm.com.br\/site\/#\/schema\/person\/592f97625e8fc4a064502324aa4a3a26"},"breadcrumb":{"@id":"https:\/\/1075fm.com.br\/site\/prefeitura-de-joinville-abre-a-programacao-do-maio-amarelo-mes-de-conscientizacao-sobre-a-seguranca-no-transito\/#breadcrumb"},"inLanguage":"pt-BR","potentialAction":[{"@type":"ReadAction","target":["https:\/\/1075fm.com.br\/site\/prefeitura-de-joinville-abre-a-programacao-do-maio-amarelo-mes-de-conscientizacao-sobre-a-seguranca-no-transito\/"]}]},{"@type":"ImageObject","inLanguage":"pt-BR","@id":"https:\/\/1075fm.com.br\/site\/prefeitura-de-joinville-abre-a-programacao-do-maio-amarelo-mes-de-conscientizacao-sobre-a-seguranca-no-transito\/#primaryimage","url":"https:\/\/1075fm.com.br\/site\/wp-content\/uploads\/2026\/05\/Captura-de-tela-2026-05-01-094348.png","contentUrl":"https:\/\/1075fm.com.br\/site\/wp-content\/uploads\/2026\/05\/Captura-de-tela-2026-05-01-094348.png","width":957,"height":485},{"@type":"BreadcrumbList","@id":"https:\/\/1075fm.com.br\/site\/prefeitura-de-joinville-abre-a-programacao-do-maio-amarelo-mes-de-conscientizacao-sobre-a-seguranca-no-transito\/#breadcrumb","itemListElement":[{"@type":"ListItem","position":1,"name":"In\u00edcio","item":"https:\/\/1075fm.com.br\/site\/"},{"@type":"ListItem","position":2,"name":"Prefeitura de Joinville abre a programa\u00e7\u00e3o do Maio Amarelo, m\u00eas de conscientiza\u00e7\u00e3o sobre a seguran\u00e7a no tr\u00e2nsito"}]},{"@type":"WebSite","@id":"https:\/\/1075fm.com.br\/site\/#website","url":"https:\/\/1075fm.com.br\/site\/","name":"R\u00e1dio 107,5 FM Simplesmente Diferente","description":"","potentialAction":[{"@type":"SearchAction","target":{"@type":"EntryPoint","urlTemplate":"https:\/\/1075fm.com.br\/site\/?s={search_term_string}"},"query-input":{"@type":"PropertyValueSpecification","valueRequired":true,"valueName":"search_term_string"}}],"inLanguage":"pt-BR"},{"@type":"Person","@id":"https:\/\/1075fm.com.br\/site\/#\/schema\/person\/592f97625e8fc4a064502324aa4a3a26","name":"demetrio","image":{"@type":"ImageObject","inLanguage":"pt-BR","@id":"https:\/\/1075fm.com.br\/site\/#\/schema\/person\/image\/","url":"https:\/\/secure.gravatar.com\/avatar\/31b4e5789076195b7ac5f73e9b612d5cf2dbf52e6948c7b8269e7830d983413c?s=96&d=mm&r=g","contentUrl":"https:\/\/secure.gravatar.com\/avatar\/31b4e5789076195b7ac5f73e9b612d5cf2dbf52e6948c7b8269e7830d983413c?s=96&d=mm&r=g","caption":"demetrio"},"url":"https:\/\/1075fm.com.br\/site\/author\/demetrio\/"}]}},"_links":{"self":[{"href":"https:\/\/1075fm.com.br\/site\/wp-json\/wp\/v2\/posts\/4336","targetHints":{"allow":["GET"]}}],"collection":[{"href":"https:\/\/1075fm.com.br\/site\/wp-json\/wp\/v2\/posts"}],"about":[{"href":"https:\/\/1075fm.com.br\/site\/wp-json\/wp\/v2\/types\/post"}],"author":[{"embeddable":true,"href":"https:\/\/1075fm.com.br\/site\/wp-json\/wp\/v2\/users\/2"}],"replies":[{"embeddable":true,"href":"https:\/\/1075fm.com.br\/site\/wp-json\/wp\/v2\/comments?post=4336"}],"version-history":[{"count":1,"href":"https:\/\/1075fm.com.br\/site\/wp-json\/wp\/v2\/posts\/4336\/revisions"}],"predecessor-version":[{"id":4338,"href":"https:\/\/1075fm.com.br\/site\/wp-json\/wp\/v2\/posts\/4336\/revisions\/4338"}],"wp:featuredmedia":[{"embeddable":true,"href":"https:\/\/1075fm.com.br\/site\/wp-json\/wp\/v2\/media\/4337"}],"wp:attachment":[{"href":"https:\/\/1075fm.com.br\/site\/wp-json\/wp\/v2\/media?parent=4336"}],"wp:term":[{"taxonomy":"category","embeddable":true,"href":"https:\/\/1075fm.com.br\/site\/wp-json\/wp\/v2\/categories?post=4336"},{"taxonomy":"post_tag","embeddable":true,"href":"https:\/\/1075fm.com.br\/site\/wp-json\/wp\/v2\/tags?post=4336"}],"curies":[{"name":"wp","href":"https:\/\/api.w.org\/{rel}","templated":true}]}}