{"id":4340,"date":"2026-05-01T10:31:43","date_gmt":"2026-05-01T13:31:43","guid":{"rendered":"https:\/\/1075fm.com.br\/site\/?p=4340"},"modified":"2026-05-01T10:14:23","modified_gmt":"2026-05-01T13:14:23","slug":"palavra-do-dia-maio-laranja-protecao-que-comeca-em-casa","status":"publish","type":"post","link":"https:\/\/1075fm.com.br\/site\/palavra-do-dia-maio-laranja-protecao-que-comeca-em-casa\/","title":{"rendered":"Palavra do Dia: Maio Laranja \u2014 Prote\u00e7\u00e3o que come\u00e7a em casa"},"content":{"rendered":"<p>O m\u00eas de maio carrega uma cor importante: o laranja. N\u00e3o \u00e9 enfeite. \u00c9 alerta.<\/p>\n<p>O\u00a0<strong>Maio Laranja<\/strong>\u00a0\u00e9 a campanha nacional de combate ao abuso e \u00e0 explora\u00e7\u00e3o sexual de crian\u00e7as e adolescentes \u2014 e os n\u00fameros s\u00e3o s\u00e9rios demais para ignorar.<\/p>\n<p>&nbsp;<\/p>\n<p><strong>Confira o artigo em \u00e1udio:<\/strong><\/p>\n<div\n    id=\"h5ap-player-1\"\n    data-id=\"h5ap-player-1\"\n    data-attributes=\"{&quot;uniqueId&quot;:&quot;player4341&quot;,&quot;clientId&quot;:&quot;&quot;,&quot;align&quot;:&quot;&quot;,&quot;alignment&quot;:&quot;center&quot;,&quot;source&quot;:&quot;https:\\\/\\\/1075fm.com.br\\\/site\\\/wp-content\\\/uploads\\\/2026\\\/05\\\/01-05-26-MAIO-LARANJA.mp3&quot;,&quot;poster&quot;:&quot;&quot;,&quot;title&quot;:&quot;Audio Title&quot;,&quot;artist&quot;:&quot;Author Name&quot;,&quot;color&quot;:&quot;#fff&quot;,&quot;textColor&quot;:&quot;#fff&quot;,&quot;primaryColor&quot;:&quot;#195FF5&quot;,&quot;hoverColor&quot;:&quot;#00B3FF&quot;,&quot;skin&quot;:&quot;Default&quot;,&quot;repeat&quot;:false,&quot;autoplay&quot;:false,&quot;isSticky&quot;:false,&quot;muted&quot;:false,&quot;loader&quot;:true,&quot;saveState&quot;:false,&quot;disablePause&quot;:false,&quot;seekTime&quot;:10,&quot;startTime&quot;:0,&quot;download&quot;:false,&quot;width&quot;:&quot;100%&quot;,&quot;radius&quot;:&quot;10px&quot;,&quot;controls&quot;:{&quot;play&quot;:true,&quot;progress&quot;:true,&quot;duration&quot;:true,&quot;mute&quot;:true,&quot;volume&quot;:true,&quot;settings&quot;:true},&quot;CSS&quot;:&quot;&quot;,&quot;i18n&quot;:{&quot;restart&quot;:&quot;Restart&quot;,&quot;rewind&quot;:&quot;Rewind {seektime}s&quot;,&quot;play&quot;:&quot;Play&quot;,&quot;pause&quot;:&quot;Pause&quot;,&quot;fastForward:&quot;:&quot;Forward {seektime}s&quot;,&quot;seek&quot;:&quot;Seek&quot;,&quot;seekLabel&quot;:&quot;{currentTime} of {duration}&quot;,&quot;played&quot;:&quot;Played&quot;,&quot;buffered&quot;:&quot;Buffered&quot;,&quot;currentTime:&quot;:&quot;Current time&quot;,&quot;duration&quot;:&quot;Duration&quot;,&quot;volume&quot;:&quot;Volume&quot;,&quot;mute&quot;:&quot;Mute&quot;,&quot;unmute&quot;:&quot;Unmute&quot;,&quot;enableCaptions&quot;:&quot;Enable captions&quot;,&quot;disableCaptions&quot;:&quot;Disable captions&quot;,&quot;download&quot;:&quot;Download&quot;,&quot;enterFullscreen&quot;:&quot;Enter fullscreen&quot;,&quot;exitFullscreen&quot;:&quot;Exit fullscreen&quot;,&quot;frameTitle&quot;:&quot;Player for {title}&quot;,&quot;captions&quot;:&quot;Captions&quot;,&quot;settings&quot;:&quot;Settings&quot;,&quot;pip&quot;:&quot;PIP&quot;,&quot;menuBack&quot;:&quot;Go back to previous menu&quot;,&quot;speed&quot;:&quot;Speed&quot;,&quot;normal&quot;:&quot;Normal&quot;,&quot;quality&quot;:&quot;Quality&quot;,&quot;loop&quot;:&quot;Loop&quot;,&quot;start&quot;:&quot;Start&quot;,&quot;end&quot;:&quot;End&quot;,&quot;all&quot;:&quot;All&quot;,&quot;reset&quot;:&quot;Reset&quot;,&quot;disabled&quot;:&quot;Disabled&quot;,&quot;enabled&quot;:&quot;Enabled&quot;,&quot;advertisement&quot;:&quot;Ad&quot;,&quot;qualityBadge&quot;:{&quot;2160&quot;:&quot;4K&quot;,&quot;1440&quot;:&quot;HD&quot;,&quot;1080&quot;:&quot;HD&quot;,&quot;720&quot;:&quot;HD&quot;,&quot;576&quot;:&quot;SD&quot;,&quot;480&quot;:&quot;SD&quot;}},&quot;controlColor&quot;:&quot;#4a5464&quot;,&quot;preload&quot;:&quot;metadata&quot;,&quot;speed&quot;:{&quot;selected&quot;:1,&quot;speed&quot;:[&quot;0.5&quot;,&quot; 0.75&quot;,&quot; 1&quot;,&quot; 1.25&quot;,&quot; 1.5&quot;,&quot; 1.75&quot;,&quot; 2&quot;,&quot; 4&quot;,&quot; 8&quot;]},&quot;multiple_audio&quot;:false,&quot;defaultValue&quot;:{&quot;Default&quot;:{&quot;primaryColor&quot;:&quot;#4A5464&quot;,&quot;controlColor&quot;:&quot;#4A5464&quot;,&quot;bgColor&quot;:&quot;#F5F5F5&quot;},&quot;Fusion&quot;:{&quot;primaryColor&quot;:&quot;#fff&quot;,&quot;bgColor&quot;:&quot;#161616&quot;,&quot;controlColor&quot;:&quot;#fff&quot;},&quot;Stamp&quot;:{&quot;controlColor&quot;:&quot;#fff&quot;,&quot;bgColor&quot;:&quot;#161616&quot;},&quot;Wave&quot;:{&quot;primaryColor&quot;:&quot;#fff&quot;,&quot;controlColor&quot;:&quot;#fff&quot;,&quot;bgColor&quot;:&quot;#161616&quot;,&quot;textColor&quot;:&quot;#fff&quot;},&quot;Card-1&quot;:{&quot;primaryColor&quot;:&quot;#fff&quot;,&quot;controlColor&quot;:&quot;#161616&quot;,&quot;bgColor&quot;:&quot;#161616&quot;,&quot;textColor&quot;:&quot;#fff&quot;},&quot;Card-2&quot;:{&quot;primaryColor&quot;:&quot;#00FBF3&quot;,&quot;controlColor&quot;:&quot;#fff&quot;,&quot;bgColor&quot;:&quot;#161616&quot;,&quot;textColor&quot;:&quot;#fff&quot;},&quot;Simple-1&quot;:{&quot;primaryColor&quot;:&quot;#00dcff&quot;,&quot;controlColor&quot;:&quot;#fff&quot;,&quot;bgColor&quot;:&quot;#161616&quot;,&quot;textColor&quot;:&quot;#00dcff&quot;},&quot;Simple-2&quot;:{&quot;primaryColor&quot;:&quot;#06F7FF00&quot;,&quot;controlColor&quot;:&quot;#fff&quot;,&quot;bgColor&quot;:&quot;#161616&quot;},&quot;Player9&quot;:{&quot;primaryColor&quot;:&quot;#195FF6&quot;,&quot;controlColor&quot;:&quot;#fff&quot;,&quot;bgColor&quot;:&quot;#161616&quot;,&quot;textColor&quot;:&quot;#EDEFF2&quot;},&quot;Player10&quot;:{&quot;primaryColor&quot;:&quot;#195FF6&quot;,&quot;controlColor&quot;:&quot;#fff&quot;,&quot;bgColor&quot;:&quot;#161616&quot;,&quot;textColor&quot;:&quot;#EDEFF2&quot;},&quot;Player11&quot;:{&quot;primaryColor&quot;:&quot;#195FF6&quot;,&quot;controlColor&quot;:&quot;#fff&quot;,&quot;bgColor&quot;:&quot;#161616&quot;,&quot;textColor&quot;:&quot;#fff&quot;}}}\"\n    class=\"wp-block-h5ap-tailwind wp-block-h5ap-audioplayer\">\n            <div class='h5ap_lp'>\n            <div class='bar bar-1'><\/div>\n            <div class='bar bar-1'><\/div>\n        <\/div>\n    <\/div>\n<p>&nbsp;<\/p>\n<p>S\u00f3 em 2022, o Brasil registrou quase\u00a0<strong>112 mil den\u00fancias<\/strong>\u00a0de viol\u00eancia sexual infantil pela internet. Um aumento de 10% em rela\u00e7\u00e3o ao ano anterior. No Acre, as den\u00fancias pelo Disque 100\u00a0<strong>quadruplicaram em quatro anos<\/strong>: de 22 registros em 2020 para 90 em 2024 \u2014 alta de 309%.<\/p>\n<p>Em todo o pa\u00eds, as den\u00fancias cresceram 195% nos \u00faltimos quatro anos. Treze crian\u00e7as e adolescentes se tornam v\u00edtimas de alguma forma de viol\u00eancia sexual, f\u00edsica ou psicol\u00f3gica\u00a0<strong>a cada hora<\/strong>.<\/p>\n<p>A data de refer\u00eancia, 18 de maio, foi institu\u00edda em mem\u00f3ria \u00e0 menina\u00a0<strong>Araceli Crespo<\/strong>, de oito anos, sequestrada, violentada e assassinada em Vit\u00f3ria, no Esp\u00edrito Santo, em 1973. Uma trag\u00e9dia que nunca deveria ter acontecido \u2014 e que mobilizou o Brasil a agir.<\/p>\n<p>A campanha alerta: pais, m\u00e3es e cuidadores precisam acompanhar de perto a vida digital das crian\u00e7as. Di\u00e1logo aberto em casa \u00e9 prote\u00e7\u00e3o real.<\/p>\n<p>&nbsp;<\/p>\n<h3>Canais de den\u00fancia:<\/h3>\n<p>\ud83d\udcde<strong>Disque 100<\/strong>\u00a0\u2014 viola\u00e7\u00f5es de direitos humanos. Den\u00fancia an\u00f4nima, 24 horas.<\/p>\n<p>\ud83d\udea8<strong>190<\/strong>\u00a0\u2014 Pol\u00edcia Militar, quando h\u00e1 risco imediato.<\/p>\n<p>\ud83d\udcf1<strong>WhatsApp<\/strong>\u00a0do Minist\u00e9rio da Mulher e Direitos Humanos: (61) 99656-5008.<\/p>\n<p>\ud83c\udfe5Profissionais de sa\u00fade t\u00eam obriga\u00e7\u00e3o legal de notificar suspeitas de viol\u00eancia.<\/p>\n<p>&nbsp;<\/p>\n<p>Diante de dados t\u00e3o duros, o cora\u00e7\u00e3o d\u00f3i. E deve doer. Porque f\u00e9 que n\u00e3o sente a dor do pr\u00f3ximo perdeu sua ess\u00eancia.<\/p>\n<p>O que esses n\u00fameros revelam \u00e9 grave: a inf\u00e2ncia est\u00e1 sendo violada \u2014 muitas vezes dentro de casa, muitas vezes por pessoas de confian\u00e7a, e cada vez mais pela via digital. O ambiente virtual ampliou o alcance dos predadores e reduziu as barreiras de acesso \u00e0s v\u00edtimas.<\/p>\n<p>O ponto positivo \u2014 e ele existe \u2014 \u00e9 que a sociedade est\u00e1 denunciando mais. A conscientiza\u00e7\u00e3o tem avan\u00e7ado. Campanhas como o Maio Laranja abrem conversas que antes ficavam no sil\u00eancio. E o sil\u00eancio, quando se trata de abuso, \u00e9 c\u00famplice.<\/p>\n<p>O desafio permanece enorme. Mas a Igreja n\u00e3o pode ficar de fora dessa luta. Somos chamados a ser voz dos que n\u00e3o t\u00eam voz \u2014 e guardi\u00f5es dos que n\u00e3o conseguem se proteger sozinhos.<\/p>\n<h3><strong>O que a B\u00edblia diz<\/strong><\/h3>\n<p>A Palavra de Deus \u00e9 direta quando se trata de crian\u00e7as.<\/p>\n<p><strong><em>&#8220;Deixem as crian\u00e7as virem a mim e n\u00e3o as impe\u00e7am, porque o Reino dos C\u00e9us pertence aos que s\u00e3o como elas.&#8221;<\/em><\/strong>\u2014 Mateus 19.14 \u00b7 NTLH<\/p>\n<p>Jesus colocou as crian\u00e7as no centro. N\u00e3o na periferia. Proteg\u00ea-las n\u00e3o \u00e9 apenas dever social \u2014 \u00e9 mandamento do Reino.<\/p>\n<p><strong><em>&#8220;Mas quem fizer trope\u00e7ar um destes pequeninos que creem em mim, melhor lhe fora que se lhe pendurasse ao pesco\u00e7o uma pedra de m\u00f3 e se afogasse no fundo do mar.&#8221;<\/em><\/strong>\u2014 Mateus 18.6 \u00b7 NTLH<\/p>\n<p>Jesus n\u00e3o usava meias palavras quando o assunto era a prote\u00e7\u00e3o dos pequenos. Quem os faz sofrer responde diante de Deus.<\/p>\n<p><strong><em>&#8220;Defendam os direitos dos pobres e dos \u00f3rf\u00e3os; protejam os fracos e os necessitados.&#8221;<\/em><\/strong>\u2014 Salmo 82.3 \u00b7 NTLH<\/p>\n<p>Defender crian\u00e7as vulner\u00e1veis n\u00e3o \u00e9 ativismo. \u00c9 adora\u00e7\u00e3o. \u00c9 obedi\u00eancia \u00e0 voz de Deus.<\/p>\n<h3><strong>Orienta\u00e7\u00f5es pr\u00e1ticas <\/strong><\/h3>\n<p><strong>1.<\/strong><strong>Abra o di\u00e1logo em casa.<\/strong>\u00a0Converse com seus filhos sobre seguran\u00e7a na internet. Use linguagem simples e acolhedora. Pergunte com quem eles conversam, quais aplicativos usam, o que assistem. N\u00e3o \u00e9 vigil\u00e2ncia \u2014 \u00e9 cuidado. A crian\u00e7a que se sente segura para falar com os pais tem muito mais prote\u00e7\u00e3o do que qualquer filtro de aplicativo.<\/p>\n<p><strong>2.<\/strong><strong>Denuncie sem hesitar.<\/strong>\u00a0Se voc\u00ea suspeitar de abuso \u2014 seja na vizinhan\u00e7a, na escola ou em qualquer ambiente \u2014 ligue para o Disque 100. A den\u00fancia \u00e9 an\u00f4nima. Guardar sil\u00eancio por medo ou por <strong>&#8220;n\u00e3o querer se meter&#8221;<\/strong> pode custar a inf\u00e2ncia \u2014 ou a vida \u2014 de uma crian\u00e7a.<\/p>\n<p><strong>3.<\/strong><strong>Seja presen\u00e7a protetora na comunidade.<\/strong>\u00a0A Igreja pode oferecer espa\u00e7os seguros, rodas de conversa, orienta\u00e7\u00e3o a fam\u00edlias. Pastores, l\u00edderes e membros t\u00eam papel ativo nessa prote\u00e7\u00e3o. Pergunte \u00e0 sua lideran\u00e7a como sua comunidade de f\u00e9 pode se engajar nessa causa. A miss\u00e3o da Igreja inclui defender os vulner\u00e1veis.<\/p>\n<p>Talvez voc\u00ea tenha ouvido esses n\u00fameros e sentido um peso no cora\u00e7\u00e3o. Isso \u00e9 bom. Significa que a compaix\u00e3o ainda est\u00e1 viva em voc\u00ea.<\/p>\n<p>Mas n\u00e3o fique s\u00f3 no peso. A B\u00edblia nos chama \u00e0 a\u00e7\u00e3o. Ser sal e luz no mundo significa agir onde h\u00e1 escurid\u00e3o \u2014 e h\u00e1 muita escurid\u00e3o nesse tema.<\/p>\n<p>Voc\u00ea n\u00e3o precisa mudar o Brasil inteiro. Precisa cuidar bem do seu lar. Precisa conhecer os filhos dos vizinhos. Precisa ter coragem de denunciar quando algo parece errado. Precisa orar por nome \u2014 por aquelas crian\u00e7as cujos nomes voc\u00ea n\u00e3o conhece, mas Deus conhece todos.<\/p>\n<p>Uma pessoa atenta pode mudar o destino de uma crian\u00e7a. E isso come\u00e7a com voc\u00ea, agora, hoje.<\/p>\n<p>&nbsp;<\/p>\n<p><strong>Por Alo\u00edsio Lucas \u2013 Diretor Art\u00edstico da 107,5 FM.<\/strong><\/p>\n<p><strong>Imagem: IA<\/strong><\/p>\n<p>&nbsp;<\/p>\n<p><strong>Compartilhe!<\/strong><\/p>\n","protected":false},"excerpt":{"rendered":"<p>O m\u00eas de maio carrega uma cor importante: o laranja. N\u00e3o \u00e9 enfeite. \u00c9 alerta. O\u00a0Maio Laranja\u00a0\u00e9 a campanha nacional de combate ao abuso e \u00e0 explora\u00e7\u00e3o sexual de crian\u00e7as e adolescentes \u2014 e os n\u00fameros s\u00e3o s\u00e9rios demais para ignorar. &nbsp; Confira o artigo em \u00e1udio: &nbsp; S\u00f3 em 2022, o Brasil registrou quase\u00a0112 [&hellip;]<\/p>\n","protected":false},"author":2,"featured_media":4343,"comment_status":"open","ping_status":"open","sticky":false,"template":"","format":"standard","meta":{"_acf_changed":false,"h5ap_radio_sources":[],"footnotes":""},"categories":[1],"tags":[],"class_list":["post-4340","post","type-post","status-publish","format-standard","has-post-thumbnail","hentry","category-sem-categoria"],"acf":[],"yoast_head":"<!-- This site is optimized with the Yoast SEO plugin v24.4 - https:\/\/yoast.com\/wordpress\/plugins\/seo\/ -->\n<title>Palavra do Dia: Maio Laranja \u2014 Prote\u00e7\u00e3o que come\u00e7a em casa - R\u00e1dio 107,5 FM Simplesmente Diferente<\/title>\n<meta name=\"robots\" content=\"index, follow, max-snippet:-1, max-image-preview:large, max-video-preview:-1\" \/>\n<link rel=\"canonical\" href=\"https:\/\/1075fm.com.br\/site\/palavra-do-dia-maio-laranja-protecao-que-comeca-em-casa\/\" \/>\n<meta property=\"og:locale\" content=\"pt_BR\" \/>\n<meta property=\"og:type\" content=\"article\" \/>\n<meta property=\"og:title\" content=\"Palavra do Dia: Maio Laranja \u2014 Prote\u00e7\u00e3o que come\u00e7a em casa - R\u00e1dio 107,5 FM Simplesmente Diferente\" \/>\n<meta property=\"og:description\" content=\"O m\u00eas de maio carrega uma cor importante: o laranja. N\u00e3o \u00e9 enfeite. \u00c9 alerta. O\u00a0Maio Laranja\u00a0\u00e9 a campanha nacional de combate ao abuso e \u00e0 explora\u00e7\u00e3o sexual de crian\u00e7as e adolescentes \u2014 e os n\u00fameros s\u00e3o s\u00e9rios demais para ignorar. &nbsp; Confira o artigo em \u00e1udio: &nbsp; S\u00f3 em 2022, o Brasil registrou quase\u00a0112 [&hellip;]\" \/>\n<meta property=\"og:url\" content=\"https:\/\/1075fm.com.br\/site\/palavra-do-dia-maio-laranja-protecao-que-comeca-em-casa\/\" \/>\n<meta property=\"og:site_name\" content=\"R\u00e1dio 107,5 FM Simplesmente Diferente\" \/>\n<meta property=\"article:published_time\" content=\"2026-05-01T13:31:43+00:00\" \/>\n<meta property=\"og:image\" content=\"https:\/\/1075fm.com.br\/site\/wp-content\/uploads\/2026\/05\/WhatsApp-Image-2026-05-01-at-10.12.40.jpeg\" \/>\n\t<meta property=\"og:image:width\" content=\"1448\" \/>\n\t<meta property=\"og:image:height\" content=\"1086\" \/>\n\t<meta property=\"og:image:type\" content=\"image\/jpeg\" \/>\n<meta name=\"author\" content=\"demetrio\" \/>\n<meta name=\"twitter:card\" content=\"summary_large_image\" \/>\n<meta name=\"twitter:label1\" content=\"Escrito por\" \/>\n\t<meta name=\"twitter:data1\" content=\"demetrio\" \/>\n\t<meta name=\"twitter:label2\" content=\"Est. tempo de leitura\" \/>\n\t<meta name=\"twitter:data2\" content=\"5 minutos\" \/>\n<script type=\"application\/ld+json\" class=\"yoast-schema-graph\">{\"@context\":\"https:\/\/schema.org\",\"@graph\":[{\"@type\":\"WebPage\",\"@id\":\"https:\/\/1075fm.com.br\/site\/palavra-do-dia-maio-laranja-protecao-que-comeca-em-casa\/\",\"url\":\"https:\/\/1075fm.com.br\/site\/palavra-do-dia-maio-laranja-protecao-que-comeca-em-casa\/\",\"name\":\"Palavra do Dia: Maio Laranja \u2014 Prote\u00e7\u00e3o que come\u00e7a em casa - R\u00e1dio 107,5 FM Simplesmente Diferente\",\"isPartOf\":{\"@id\":\"https:\/\/1075fm.com.br\/site\/#website\"},\"primaryImageOfPage\":{\"@id\":\"https:\/\/1075fm.com.br\/site\/palavra-do-dia-maio-laranja-protecao-que-comeca-em-casa\/#primaryimage\"},\"image\":{\"@id\":\"https:\/\/1075fm.com.br\/site\/palavra-do-dia-maio-laranja-protecao-que-comeca-em-casa\/#primaryimage\"},\"thumbnailUrl\":\"https:\/\/1075fm.com.br\/site\/wp-content\/uploads\/2026\/05\/WhatsApp-Image-2026-05-01-at-10.12.40.jpeg\",\"datePublished\":\"2026-05-01T13:31:43+00:00\",\"author\":{\"@id\":\"https:\/\/1075fm.com.br\/site\/#\/schema\/person\/592f97625e8fc4a064502324aa4a3a26\"},\"breadcrumb\":{\"@id\":\"https:\/\/1075fm.com.br\/site\/palavra-do-dia-maio-laranja-protecao-que-comeca-em-casa\/#breadcrumb\"},\"inLanguage\":\"pt-BR\",\"potentialAction\":[{\"@type\":\"ReadAction\",\"target\":[\"https:\/\/1075fm.com.br\/site\/palavra-do-dia-maio-laranja-protecao-que-comeca-em-casa\/\"]}]},{\"@type\":\"ImageObject\",\"inLanguage\":\"pt-BR\",\"@id\":\"https:\/\/1075fm.com.br\/site\/palavra-do-dia-maio-laranja-protecao-que-comeca-em-casa\/#primaryimage\",\"url\":\"https:\/\/1075fm.com.br\/site\/wp-content\/uploads\/2026\/05\/WhatsApp-Image-2026-05-01-at-10.12.40.jpeg\",\"contentUrl\":\"https:\/\/1075fm.com.br\/site\/wp-content\/uploads\/2026\/05\/WhatsApp-Image-2026-05-01-at-10.12.40.jpeg\",\"width\":1448,\"height\":1086},{\"@type\":\"BreadcrumbList\",\"@id\":\"https:\/\/1075fm.com.br\/site\/palavra-do-dia-maio-laranja-protecao-que-comeca-em-casa\/#breadcrumb\",\"itemListElement\":[{\"@type\":\"ListItem\",\"position\":1,\"name\":\"In\u00edcio\",\"item\":\"https:\/\/1075fm.com.br\/site\/\"},{\"@type\":\"ListItem\",\"position\":2,\"name\":\"Palavra do Dia: Maio Laranja \u2014 Prote\u00e7\u00e3o que come\u00e7a em casa\"}]},{\"@type\":\"WebSite\",\"@id\":\"https:\/\/1075fm.com.br\/site\/#website\",\"url\":\"https:\/\/1075fm.com.br\/site\/\",\"name\":\"R\u00e1dio 107,5 FM Simplesmente Diferente\",\"description\":\"\",\"potentialAction\":[{\"@type\":\"SearchAction\",\"target\":{\"@type\":\"EntryPoint\",\"urlTemplate\":\"https:\/\/1075fm.com.br\/site\/?s={search_term_string}\"},\"query-input\":{\"@type\":\"PropertyValueSpecification\",\"valueRequired\":true,\"valueName\":\"search_term_string\"}}],\"inLanguage\":\"pt-BR\"},{\"@type\":\"Person\",\"@id\":\"https:\/\/1075fm.com.br\/site\/#\/schema\/person\/592f97625e8fc4a064502324aa4a3a26\",\"name\":\"demetrio\",\"image\":{\"@type\":\"ImageObject\",\"inLanguage\":\"pt-BR\",\"@id\":\"https:\/\/1075fm.com.br\/site\/#\/schema\/person\/image\/\",\"url\":\"https:\/\/secure.gravatar.com\/avatar\/31b4e5789076195b7ac5f73e9b612d5cf2dbf52e6948c7b8269e7830d983413c?s=96&d=mm&r=g\",\"contentUrl\":\"https:\/\/secure.gravatar.com\/avatar\/31b4e5789076195b7ac5f73e9b612d5cf2dbf52e6948c7b8269e7830d983413c?s=96&d=mm&r=g\",\"caption\":\"demetrio\"},\"url\":\"https:\/\/1075fm.com.br\/site\/author\/demetrio\/\"}]}<\/script>\n<!-- \/ Yoast SEO plugin. -->","yoast_head_json":{"title":"Palavra do Dia: Maio Laranja \u2014 Prote\u00e7\u00e3o que come\u00e7a em casa - R\u00e1dio 107,5 FM Simplesmente Diferente","robots":{"index":"index","follow":"follow","max-snippet":"max-snippet:-1","max-image-preview":"max-image-preview:large","max-video-preview":"max-video-preview:-1"},"canonical":"https:\/\/1075fm.com.br\/site\/palavra-do-dia-maio-laranja-protecao-que-comeca-em-casa\/","og_locale":"pt_BR","og_type":"article","og_title":"Palavra do Dia: Maio Laranja \u2014 Prote\u00e7\u00e3o que come\u00e7a em casa - R\u00e1dio 107,5 FM Simplesmente Diferente","og_description":"O m\u00eas de maio carrega uma cor importante: o laranja. N\u00e3o \u00e9 enfeite. \u00c9 alerta. O\u00a0Maio Laranja\u00a0\u00e9 a campanha nacional de combate ao abuso e \u00e0 explora\u00e7\u00e3o sexual de crian\u00e7as e adolescentes \u2014 e os n\u00fameros s\u00e3o s\u00e9rios demais para ignorar. &nbsp; Confira o artigo em \u00e1udio: &nbsp; S\u00f3 em 2022, o Brasil registrou quase\u00a0112 [&hellip;]","og_url":"https:\/\/1075fm.com.br\/site\/palavra-do-dia-maio-laranja-protecao-que-comeca-em-casa\/","og_site_name":"R\u00e1dio 107,5 FM Simplesmente Diferente","article_published_time":"2026-05-01T13:31:43+00:00","og_image":[{"width":1448,"height":1086,"url":"https:\/\/1075fm.com.br\/site\/wp-content\/uploads\/2026\/05\/WhatsApp-Image-2026-05-01-at-10.12.40.jpeg","type":"image\/jpeg"}],"author":"demetrio","twitter_card":"summary_large_image","twitter_misc":{"Escrito por":"demetrio","Est. tempo de leitura":"5 minutos"},"schema":{"@context":"https:\/\/schema.org","@graph":[{"@type":"WebPage","@id":"https:\/\/1075fm.com.br\/site\/palavra-do-dia-maio-laranja-protecao-que-comeca-em-casa\/","url":"https:\/\/1075fm.com.br\/site\/palavra-do-dia-maio-laranja-protecao-que-comeca-em-casa\/","name":"Palavra do Dia: Maio Laranja \u2014 Prote\u00e7\u00e3o que come\u00e7a em casa - R\u00e1dio 107,5 FM Simplesmente Diferente","isPartOf":{"@id":"https:\/\/1075fm.com.br\/site\/#website"},"primaryImageOfPage":{"@id":"https:\/\/1075fm.com.br\/site\/palavra-do-dia-maio-laranja-protecao-que-comeca-em-casa\/#primaryimage"},"image":{"@id":"https:\/\/1075fm.com.br\/site\/palavra-do-dia-maio-laranja-protecao-que-comeca-em-casa\/#primaryimage"},"thumbnailUrl":"https:\/\/1075fm.com.br\/site\/wp-content\/uploads\/2026\/05\/WhatsApp-Image-2026-05-01-at-10.12.40.jpeg","datePublished":"2026-05-01T13:31:43+00:00","author":{"@id":"https:\/\/1075fm.com.br\/site\/#\/schema\/person\/592f97625e8fc4a064502324aa4a3a26"},"breadcrumb":{"@id":"https:\/\/1075fm.com.br\/site\/palavra-do-dia-maio-laranja-protecao-que-comeca-em-casa\/#breadcrumb"},"inLanguage":"pt-BR","potentialAction":[{"@type":"ReadAction","target":["https:\/\/1075fm.com.br\/site\/palavra-do-dia-maio-laranja-protecao-que-comeca-em-casa\/"]}]},{"@type":"ImageObject","inLanguage":"pt-BR","@id":"https:\/\/1075fm.com.br\/site\/palavra-do-dia-maio-laranja-protecao-que-comeca-em-casa\/#primaryimage","url":"https:\/\/1075fm.com.br\/site\/wp-content\/uploads\/2026\/05\/WhatsApp-Image-2026-05-01-at-10.12.40.jpeg","contentUrl":"https:\/\/1075fm.com.br\/site\/wp-content\/uploads\/2026\/05\/WhatsApp-Image-2026-05-01-at-10.12.40.jpeg","width":1448,"height":1086},{"@type":"BreadcrumbList","@id":"https:\/\/1075fm.com.br\/site\/palavra-do-dia-maio-laranja-protecao-que-comeca-em-casa\/#breadcrumb","itemListElement":[{"@type":"ListItem","position":1,"name":"In\u00edcio","item":"https:\/\/1075fm.com.br\/site\/"},{"@type":"ListItem","position":2,"name":"Palavra do Dia: Maio Laranja \u2014 Prote\u00e7\u00e3o que come\u00e7a em casa"}]},{"@type":"WebSite","@id":"https:\/\/1075fm.com.br\/site\/#website","url":"https:\/\/1075fm.com.br\/site\/","name":"R\u00e1dio 107,5 FM Simplesmente Diferente","description":"","potentialAction":[{"@type":"SearchAction","target":{"@type":"EntryPoint","urlTemplate":"https:\/\/1075fm.com.br\/site\/?s={search_term_string}"},"query-input":{"@type":"PropertyValueSpecification","valueRequired":true,"valueName":"search_term_string"}}],"inLanguage":"pt-BR"},{"@type":"Person","@id":"https:\/\/1075fm.com.br\/site\/#\/schema\/person\/592f97625e8fc4a064502324aa4a3a26","name":"demetrio","image":{"@type":"ImageObject","inLanguage":"pt-BR","@id":"https:\/\/1075fm.com.br\/site\/#\/schema\/person\/image\/","url":"https:\/\/secure.gravatar.com\/avatar\/31b4e5789076195b7ac5f73e9b612d5cf2dbf52e6948c7b8269e7830d983413c?s=96&d=mm&r=g","contentUrl":"https:\/\/secure.gravatar.com\/avatar\/31b4e5789076195b7ac5f73e9b612d5cf2dbf52e6948c7b8269e7830d983413c?s=96&d=mm&r=g","caption":"demetrio"},"url":"https:\/\/1075fm.com.br\/site\/author\/demetrio\/"}]}},"_links":{"self":[{"href":"https:\/\/1075fm.com.br\/site\/wp-json\/wp\/v2\/posts\/4340","targetHints":{"allow":["GET"]}}],"collection":[{"href":"https:\/\/1075fm.com.br\/site\/wp-json\/wp\/v2\/posts"}],"about":[{"href":"https:\/\/1075fm.com.br\/site\/wp-json\/wp\/v2\/types\/post"}],"author":[{"embeddable":true,"href":"https:\/\/1075fm.com.br\/site\/wp-json\/wp\/v2\/users\/2"}],"replies":[{"embeddable":true,"href":"https:\/\/1075fm.com.br\/site\/wp-json\/wp\/v2\/comments?post=4340"}],"version-history":[{"count":1,"href":"https:\/\/1075fm.com.br\/site\/wp-json\/wp\/v2\/posts\/4340\/revisions"}],"predecessor-version":[{"id":4344,"href":"https:\/\/1075fm.com.br\/site\/wp-json\/wp\/v2\/posts\/4340\/revisions\/4344"}],"wp:featuredmedia":[{"embeddable":true,"href":"https:\/\/1075fm.com.br\/site\/wp-json\/wp\/v2\/media\/4343"}],"wp:attachment":[{"href":"https:\/\/1075fm.com.br\/site\/wp-json\/wp\/v2\/media?parent=4340"}],"wp:term":[{"taxonomy":"category","embeddable":true,"href":"https:\/\/1075fm.com.br\/site\/wp-json\/wp\/v2\/categories?post=4340"},{"taxonomy":"post_tag","embeddable":true,"href":"https:\/\/1075fm.com.br\/site\/wp-json\/wp\/v2\/tags?post=4340"}],"curies":[{"name":"wp","href":"https:\/\/api.w.org\/{rel}","templated":true}]}}