{"id":4345,"date":"2026-05-01T10:34:07","date_gmt":"2026-05-01T13:34:07","guid":{"rendered":"https:\/\/1075fm.com.br\/site\/?p=4345"},"modified":"2026-05-01T10:34:07","modified_gmt":"2026-05-01T13:34:07","slug":"dia-em-foco-1o-de-maio-um-dia-cheio-de-significado","status":"publish","type":"post","link":"https:\/\/1075fm.com.br\/site\/dia-em-foco-1o-de-maio-um-dia-cheio-de-significado\/","title":{"rendered":"Dia em Foco: 1\u00ba de Maio \u2014 Um dia cheio de significado"},"content":{"rendered":"<p>Hoje \u00e9 dia primeiro de maio.<\/p>\n<p>E antes de voc\u00ea mergulhar na correria do dia \u2014 antes da primeira reuni\u00e3o, do primeiro tr\u00e2nsito, do primeiro problema \u2014 a gente queria parar um instante com voc\u00ea.<\/p>\n<p>Porque esse primeiro dia do m\u00eas carrega muito mais do que uma data no calend\u00e1rio.<\/p>\n<p>Ele carrega hist\u00f3rias. Lutas. Causas que precisam ser lembradas. E uma Palavra que d\u00e1 sentido a tudo isso.<\/p>\n<p>&nbsp;<\/p>\n<p><strong>Confira o artigo em \u00e1udio:<\/strong><\/p>\n<div\n    id=\"h5ap-player-1\"\n    data-id=\"h5ap-player-1\"\n    data-attributes=\"{&quot;uniqueId&quot;:&quot;player4346&quot;,&quot;clientId&quot;:&quot;&quot;,&quot;align&quot;:&quot;&quot;,&quot;alignment&quot;:&quot;center&quot;,&quot;source&quot;:&quot;https:\\\/\\\/1075fm.com.br\\\/site\\\/wp-content\\\/uploads\\\/2026\\\/05\\\/01-05-26-TRABALHO-CAMPANHAS.mp3&quot;,&quot;poster&quot;:&quot;&quot;,&quot;title&quot;:&quot;Audio Title&quot;,&quot;artist&quot;:&quot;Author Name&quot;,&quot;color&quot;:&quot;#fff&quot;,&quot;textColor&quot;:&quot;#fff&quot;,&quot;primaryColor&quot;:&quot;#195FF5&quot;,&quot;hoverColor&quot;:&quot;#00B3FF&quot;,&quot;skin&quot;:&quot;Default&quot;,&quot;repeat&quot;:false,&quot;autoplay&quot;:false,&quot;isSticky&quot;:false,&quot;muted&quot;:false,&quot;loader&quot;:true,&quot;saveState&quot;:false,&quot;disablePause&quot;:false,&quot;seekTime&quot;:10,&quot;startTime&quot;:0,&quot;download&quot;:false,&quot;width&quot;:&quot;100%&quot;,&quot;radius&quot;:&quot;10px&quot;,&quot;controls&quot;:{&quot;play&quot;:true,&quot;progress&quot;:true,&quot;duration&quot;:true,&quot;mute&quot;:true,&quot;volume&quot;:true,&quot;settings&quot;:true},&quot;CSS&quot;:&quot;&quot;,&quot;i18n&quot;:{&quot;restart&quot;:&quot;Restart&quot;,&quot;rewind&quot;:&quot;Rewind {seektime}s&quot;,&quot;play&quot;:&quot;Play&quot;,&quot;pause&quot;:&quot;Pause&quot;,&quot;fastForward:&quot;:&quot;Forward {seektime}s&quot;,&quot;seek&quot;:&quot;Seek&quot;,&quot;seekLabel&quot;:&quot;{currentTime} of {duration}&quot;,&quot;played&quot;:&quot;Played&quot;,&quot;buffered&quot;:&quot;Buffered&quot;,&quot;currentTime:&quot;:&quot;Current time&quot;,&quot;duration&quot;:&quot;Duration&quot;,&quot;volume&quot;:&quot;Volume&quot;,&quot;mute&quot;:&quot;Mute&quot;,&quot;unmute&quot;:&quot;Unmute&quot;,&quot;enableCaptions&quot;:&quot;Enable captions&quot;,&quot;disableCaptions&quot;:&quot;Disable captions&quot;,&quot;download&quot;:&quot;Download&quot;,&quot;enterFullscreen&quot;:&quot;Enter fullscreen&quot;,&quot;exitFullscreen&quot;:&quot;Exit fullscreen&quot;,&quot;frameTitle&quot;:&quot;Player for {title}&quot;,&quot;captions&quot;:&quot;Captions&quot;,&quot;settings&quot;:&quot;Settings&quot;,&quot;pip&quot;:&quot;PIP&quot;,&quot;menuBack&quot;:&quot;Go back to previous menu&quot;,&quot;speed&quot;:&quot;Speed&quot;,&quot;normal&quot;:&quot;Normal&quot;,&quot;quality&quot;:&quot;Quality&quot;,&quot;loop&quot;:&quot;Loop&quot;,&quot;start&quot;:&quot;Start&quot;,&quot;end&quot;:&quot;End&quot;,&quot;all&quot;:&quot;All&quot;,&quot;reset&quot;:&quot;Reset&quot;,&quot;disabled&quot;:&quot;Disabled&quot;,&quot;enabled&quot;:&quot;Enabled&quot;,&quot;advertisement&quot;:&quot;Ad&quot;,&quot;qualityBadge&quot;:{&quot;2160&quot;:&quot;4K&quot;,&quot;1440&quot;:&quot;HD&quot;,&quot;1080&quot;:&quot;HD&quot;,&quot;720&quot;:&quot;HD&quot;,&quot;576&quot;:&quot;SD&quot;,&quot;480&quot;:&quot;SD&quot;}},&quot;controlColor&quot;:&quot;#4a5464&quot;,&quot;preload&quot;:&quot;metadata&quot;,&quot;speed&quot;:{&quot;selected&quot;:1,&quot;speed&quot;:[&quot;0.5&quot;,&quot; 0.75&quot;,&quot; 1&quot;,&quot; 1.25&quot;,&quot; 1.5&quot;,&quot; 1.75&quot;,&quot; 2&quot;,&quot; 4&quot;,&quot; 8&quot;]},&quot;multiple_audio&quot;:false,&quot;defaultValue&quot;:{&quot;Default&quot;:{&quot;primaryColor&quot;:&quot;#4A5464&quot;,&quot;controlColor&quot;:&quot;#4A5464&quot;,&quot;bgColor&quot;:&quot;#F5F5F5&quot;},&quot;Fusion&quot;:{&quot;primaryColor&quot;:&quot;#fff&quot;,&quot;bgColor&quot;:&quot;#161616&quot;,&quot;controlColor&quot;:&quot;#fff&quot;},&quot;Stamp&quot;:{&quot;controlColor&quot;:&quot;#fff&quot;,&quot;bgColor&quot;:&quot;#161616&quot;},&quot;Wave&quot;:{&quot;primaryColor&quot;:&quot;#fff&quot;,&quot;controlColor&quot;:&quot;#fff&quot;,&quot;bgColor&quot;:&quot;#161616&quot;,&quot;textColor&quot;:&quot;#fff&quot;},&quot;Card-1&quot;:{&quot;primaryColor&quot;:&quot;#fff&quot;,&quot;controlColor&quot;:&quot;#161616&quot;,&quot;bgColor&quot;:&quot;#161616&quot;,&quot;textColor&quot;:&quot;#fff&quot;},&quot;Card-2&quot;:{&quot;primaryColor&quot;:&quot;#00FBF3&quot;,&quot;controlColor&quot;:&quot;#fff&quot;,&quot;bgColor&quot;:&quot;#161616&quot;,&quot;textColor&quot;:&quot;#fff&quot;},&quot;Simple-1&quot;:{&quot;primaryColor&quot;:&quot;#00dcff&quot;,&quot;controlColor&quot;:&quot;#fff&quot;,&quot;bgColor&quot;:&quot;#161616&quot;,&quot;textColor&quot;:&quot;#00dcff&quot;},&quot;Simple-2&quot;:{&quot;primaryColor&quot;:&quot;#06F7FF00&quot;,&quot;controlColor&quot;:&quot;#fff&quot;,&quot;bgColor&quot;:&quot;#161616&quot;},&quot;Player9&quot;:{&quot;primaryColor&quot;:&quot;#195FF6&quot;,&quot;controlColor&quot;:&quot;#fff&quot;,&quot;bgColor&quot;:&quot;#161616&quot;,&quot;textColor&quot;:&quot;#EDEFF2&quot;},&quot;Player10&quot;:{&quot;primaryColor&quot;:&quot;#195FF6&quot;,&quot;controlColor&quot;:&quot;#fff&quot;,&quot;bgColor&quot;:&quot;#161616&quot;,&quot;textColor&quot;:&quot;#EDEFF2&quot;},&quot;Player11&quot;:{&quot;primaryColor&quot;:&quot;#195FF6&quot;,&quot;controlColor&quot;:&quot;#fff&quot;,&quot;bgColor&quot;:&quot;#161616&quot;,&quot;textColor&quot;:&quot;#fff&quot;}}}\"\n    class=\"wp-block-h5ap-tailwind wp-block-h5ap-audioplayer\">\n            <div class='h5ap_lp'>\n            <div class='bar bar-1'><\/div>\n            <div class='bar bar-1'><\/div>\n        <\/div>\n    <\/div>\n<p>&nbsp;<\/p>\n<h3><strong>Contexto \u2014 a origem do dia<\/strong><\/h3>\n<p>O dia primeiro de maio \u00e9, antes de tudo, o\u00a0<strong>Dia do Trabalho<\/strong>.<\/p>\n<p>A data tem origem em 1886, em Chicago, nos Estados Unidos. Trabalhadores foram \u00e0s ruas lutar por algo que hoje parece \u00f3bvio: uma jornada de trabalho de oito horas por dia. O movimento foi violento, e vidas foram perdidas. Em mem\u00f3ria desses trabalhadores, o primeiro de maio foi declarado o Dia Internacional do Trabalho.<\/p>\n<p>Mais de cem anos depois, a luta continua \u2014 n\u00e3o mais apenas por direitos trabalhistas, mas por dignidade, sa\u00fade e seguran\u00e7a.<\/p>\n<p>E n\u00e3o \u00e9 por acaso que maio ficou repleto de campanhas importantes.<\/p>\n<p>O\u00a0<strong>Maio Amarelo<\/strong>\u00a0nos convida a refletir sobre seguran\u00e7a no tr\u00e2nsito \u2014 porque cada vida perdida nas estradas \u00e9 uma fam\u00edlia destru\u00edda.<\/p>\n<p>O\u00a0<strong>Maio Cinza<\/strong>\u00a0alerta para o c\u00e2ncer cerebral \u2014 uma doen\u00e7a silenciosa que precisa de diagn\u00f3stico precoce e aten\u00e7\u00e3o.<\/p>\n<p>O\u00a0<strong>Maio Laranja<\/strong>\u00a0grita contra a explora\u00e7\u00e3o e o abuso sexual de crian\u00e7as e adolescentes \u2014 um crime que exige vigil\u00e2ncia de todos n\u00f3s.<\/p>\n<p>O\u00a0<strong>Maio Roxo<\/strong>\u00a0cuida de quem vive com doen\u00e7as inflamat\u00f3rias intestinais \u2014 condi\u00e7\u00f5es que afetam a qualidade de vida de milh\u00f5es de pessoas.<\/p>\n<p>E o\u00a0<strong>Dia da Literatura Brasileira<\/strong>\u00a0celebra o poder das palavras \u2014 que constroem pontes, guardam mem\u00f3rias e transformam mentes.<\/p>\n<p>Maio \u00e9 um m\u00eas cheio de gente. Cheio de causa. Cheio de humanidade.<\/p>\n<h3><strong>Conex\u00e3o b\u00edblica<\/strong><\/h3>\n<p>Diante de tanto \u2014 trabalho, tr\u00e2nsito, doen\u00e7a, injusti\u00e7a, palavras \u2014 a gente pode se perguntar: o que a B\u00edblia tem a dizer sobre tudo isso?<\/p>\n<p>Muito. A B\u00edblia tem muito a dizer.<\/p>\n<p>Sobre o trabalho, o livro de Colossenses nos diz:<\/p>\n<p><strong><em>&#8220;Tudo o que voc\u00eas fizerem, fa\u00e7am de todo o cora\u00e7\u00e3o, como se estivessem trabalhando para o Senhor e n\u00e3o para os homens.&#8221;<\/em><\/strong>\u2014 Colossenses 3.23 \u00b7 NTLH<\/p>\n<p>O trabalho n\u00e3o \u00e9 maldi\u00e7\u00e3o. \u00c9 voca\u00e7\u00e3o. \u00c9 o lugar onde servimos, contribu\u00edmos e deixamos a nossa marca no mundo.<\/p>\n<p>Sobre a prote\u00e7\u00e3o das crian\u00e7as, Jesus foi direto:<\/p>\n<p><strong><em>&#8220;Deixem as crian\u00e7as virem a mim e n\u00e3o as impe\u00e7am, porque o Reino dos C\u00e9us pertence aos que s\u00e3o como elas.&#8221;<\/em><\/strong>\u2014 Mateus 19.14 \u00b7 NTLH<\/p>\n<p>Cuidar das crian\u00e7as n\u00e3o \u00e9 apenas responsabilidade do Estado. \u00c9 mandamento de Deus.<\/p>\n<p>E sobre as lutas da sa\u00fade e do corpo, o Salmo 34 nos ampara:<\/p>\n<p><strong><em>&#8220;O Senhor est\u00e1 perto dos que est\u00e3o desanimados e salva os que perderam as esperan\u00e7as.&#8221;<\/em><\/strong>\u2014 Salmo 34.18 \u00b7 NTLH<\/p>\n<p>Para quem enfrenta uma doen\u00e7a \u2014 seja no corpo, seja na mente \u2014 essa promessa n\u00e3o \u00e9 poesia. \u00c9 vida.<\/p>\n<p>E sobre as palavras \u2014 a literatura, a comunica\u00e7\u00e3o, tudo que falamos e escrevemos:<\/p>\n<p><strong><em>&#8220;Que as palavras de voc\u00eas sejam sempre agrad\u00e1veis e temperadas com sal, para que voc\u00eas saibam como responder a cada pessoa.&#8221;<\/em><\/strong>\u2014 Colossenses 4.6 \u00b7 NTLH<\/p>\n<p>Palavras t\u00eam peso. Palavras constroem ou destroem. Escolha bem as suas hoje.<\/p>\n<h3><strong>Aplica\u00e7\u00e3o pr\u00e1tica \u2014 tr\u00eas atitudes para hoje<\/strong><\/h3>\n<p>Tudo isso \u00e9 muito bonito na teoria. Mas como viver isso hoje, na pr\u00e1tica?<\/p>\n<p>Separamos tr\u00eas atitudes simples \u2014 e poderosas \u2014 para voc\u00ea levar daqui.<\/p>\n<p>1.<strong>No trabalho, fa\u00e7a com prop\u00f3sito.<\/strong>\u00a0Hoje, antes de come\u00e7ar suas atividades, respire fundo e lembre: voc\u00ea n\u00e3o est\u00e1 trabalhando apenas por sal\u00e1rio. Voc\u00ea est\u00e1 servindo. Ao seu chefe, aos seus clientes, \u00e0 sua fam\u00edlia \u2014 e a Deus. Isso muda a qualidade do que voc\u00ea entrega. Muda o seu \u00e2nimo. Muda o resultado.<\/p>\n<p>2.<strong>No tr\u00e2nsito, escolha a paz.<\/strong>\u00a0O Maio Amarelo existe porque pessoas morrem todos os dias nas estradas \u2014 e na maioria das vezes por pressa, distra\u00e7\u00e3o e imprud\u00eancia. Hoje, saia um pouco antes. Guarde o celular. D\u00ea passagem. Cada escolha segura \u00e9 uma vida preservada \u2014 a sua e a do outro.<\/p>\n<p>3.<strong>Com as crian\u00e7as ao redor, seja presen\u00e7a segura.<\/strong>\u00a0O Maio Laranja nos lembra que a prote\u00e7\u00e3o infantil come\u00e7a em casa, na escola, na vizinhan\u00e7a. Hoje, observe. Acolha. Ou\u00e7a. Uma crian\u00e7a que tem um adulto seguro ao seu lado tem muito mais chance de crescer inteira. Voc\u00ea pode ser esse adulto para algu\u00e9m.<\/p>\n<p>&nbsp;<\/p>\n<p><strong>Por Alo\u00edsio Lucas \u2013 Diretor Art\u00edstico da 107,5 FM.<\/strong><\/p>\n<p><strong>Imagem: IA<\/strong><\/p>\n<p>&nbsp;<\/p>\n<p><strong>Compartilhe!<\/strong><\/p>\n","protected":false},"excerpt":{"rendered":"<p>Hoje \u00e9 dia primeiro de maio. E antes de voc\u00ea mergulhar na correria do dia \u2014 antes da primeira reuni\u00e3o, do primeiro tr\u00e2nsito, do primeiro problema \u2014 a gente queria parar um instante com voc\u00ea. Porque esse primeiro dia do m\u00eas carrega muito mais do que uma data no calend\u00e1rio. Ele carrega hist\u00f3rias. Lutas. Causas [&hellip;]<\/p>\n","protected":false},"author":2,"featured_media":4348,"comment_status":"open","ping_status":"open","sticky":false,"template":"","format":"standard","meta":{"_acf_changed":false,"h5ap_radio_sources":[],"footnotes":""},"categories":[1],"tags":[],"class_list":["post-4345","post","type-post","status-publish","format-standard","has-post-thumbnail","hentry","category-sem-categoria"],"acf":[],"yoast_head":"<!-- This site is optimized with the Yoast SEO plugin v24.4 - https:\/\/yoast.com\/wordpress\/plugins\/seo\/ -->\n<title>Dia em Foco: 1\u00ba de Maio \u2014 Um dia cheio de significado - R\u00e1dio 107,5 FM Simplesmente Diferente<\/title>\n<meta name=\"robots\" content=\"index, follow, max-snippet:-1, max-image-preview:large, max-video-preview:-1\" \/>\n<link rel=\"canonical\" href=\"https:\/\/1075fm.com.br\/site\/dia-em-foco-1o-de-maio-um-dia-cheio-de-significado\/\" \/>\n<meta property=\"og:locale\" content=\"pt_BR\" \/>\n<meta property=\"og:type\" content=\"article\" \/>\n<meta property=\"og:title\" content=\"Dia em Foco: 1\u00ba de Maio \u2014 Um dia cheio de significado - R\u00e1dio 107,5 FM Simplesmente Diferente\" \/>\n<meta property=\"og:description\" content=\"Hoje \u00e9 dia primeiro de maio. E antes de voc\u00ea mergulhar na correria do dia \u2014 antes da primeira reuni\u00e3o, do primeiro tr\u00e2nsito, do primeiro problema \u2014 a gente queria parar um instante com voc\u00ea. Porque esse primeiro dia do m\u00eas carrega muito mais do que uma data no calend\u00e1rio. Ele carrega hist\u00f3rias. Lutas. Causas [&hellip;]\" \/>\n<meta property=\"og:url\" content=\"https:\/\/1075fm.com.br\/site\/dia-em-foco-1o-de-maio-um-dia-cheio-de-significado\/\" \/>\n<meta property=\"og:site_name\" content=\"R\u00e1dio 107,5 FM Simplesmente Diferente\" \/>\n<meta property=\"article:published_time\" content=\"2026-05-01T13:34:07+00:00\" \/>\n<meta property=\"og:image\" content=\"https:\/\/1075fm.com.br\/site\/wp-content\/uploads\/2026\/05\/WhatsApp-Image-2026-04-30-at-15.24.10.jpeg\" \/>\n\t<meta property=\"og:image:width\" content=\"1600\" \/>\n\t<meta property=\"og:image:height\" content=\"717\" \/>\n\t<meta property=\"og:image:type\" content=\"image\/jpeg\" \/>\n<meta name=\"author\" content=\"demetrio\" \/>\n<meta name=\"twitter:card\" content=\"summary_large_image\" \/>\n<meta name=\"twitter:label1\" content=\"Escrito por\" \/>\n\t<meta name=\"twitter:data1\" content=\"demetrio\" \/>\n\t<meta name=\"twitter:label2\" content=\"Est. tempo de leitura\" \/>\n\t<meta name=\"twitter:data2\" content=\"5 minutos\" \/>\n<script type=\"application\/ld+json\" class=\"yoast-schema-graph\">{\"@context\":\"https:\/\/schema.org\",\"@graph\":[{\"@type\":\"WebPage\",\"@id\":\"https:\/\/1075fm.com.br\/site\/dia-em-foco-1o-de-maio-um-dia-cheio-de-significado\/\",\"url\":\"https:\/\/1075fm.com.br\/site\/dia-em-foco-1o-de-maio-um-dia-cheio-de-significado\/\",\"name\":\"Dia em Foco: 1\u00ba de Maio \u2014 Um dia cheio de significado - R\u00e1dio 107,5 FM Simplesmente Diferente\",\"isPartOf\":{\"@id\":\"https:\/\/1075fm.com.br\/site\/#website\"},\"primaryImageOfPage\":{\"@id\":\"https:\/\/1075fm.com.br\/site\/dia-em-foco-1o-de-maio-um-dia-cheio-de-significado\/#primaryimage\"},\"image\":{\"@id\":\"https:\/\/1075fm.com.br\/site\/dia-em-foco-1o-de-maio-um-dia-cheio-de-significado\/#primaryimage\"},\"thumbnailUrl\":\"https:\/\/1075fm.com.br\/site\/wp-content\/uploads\/2026\/05\/WhatsApp-Image-2026-04-30-at-15.24.10.jpeg\",\"datePublished\":\"2026-05-01T13:34:07+00:00\",\"author\":{\"@id\":\"https:\/\/1075fm.com.br\/site\/#\/schema\/person\/592f97625e8fc4a064502324aa4a3a26\"},\"breadcrumb\":{\"@id\":\"https:\/\/1075fm.com.br\/site\/dia-em-foco-1o-de-maio-um-dia-cheio-de-significado\/#breadcrumb\"},\"inLanguage\":\"pt-BR\",\"potentialAction\":[{\"@type\":\"ReadAction\",\"target\":[\"https:\/\/1075fm.com.br\/site\/dia-em-foco-1o-de-maio-um-dia-cheio-de-significado\/\"]}]},{\"@type\":\"ImageObject\",\"inLanguage\":\"pt-BR\",\"@id\":\"https:\/\/1075fm.com.br\/site\/dia-em-foco-1o-de-maio-um-dia-cheio-de-significado\/#primaryimage\",\"url\":\"https:\/\/1075fm.com.br\/site\/wp-content\/uploads\/2026\/05\/WhatsApp-Image-2026-04-30-at-15.24.10.jpeg\",\"contentUrl\":\"https:\/\/1075fm.com.br\/site\/wp-content\/uploads\/2026\/05\/WhatsApp-Image-2026-04-30-at-15.24.10.jpeg\",\"width\":1600,\"height\":717},{\"@type\":\"BreadcrumbList\",\"@id\":\"https:\/\/1075fm.com.br\/site\/dia-em-foco-1o-de-maio-um-dia-cheio-de-significado\/#breadcrumb\",\"itemListElement\":[{\"@type\":\"ListItem\",\"position\":1,\"name\":\"In\u00edcio\",\"item\":\"https:\/\/1075fm.com.br\/site\/\"},{\"@type\":\"ListItem\",\"position\":2,\"name\":\"Dia em Foco: 1\u00ba de Maio \u2014 Um dia cheio de significado\"}]},{\"@type\":\"WebSite\",\"@id\":\"https:\/\/1075fm.com.br\/site\/#website\",\"url\":\"https:\/\/1075fm.com.br\/site\/\",\"name\":\"R\u00e1dio 107,5 FM Simplesmente Diferente\",\"description\":\"\",\"potentialAction\":[{\"@type\":\"SearchAction\",\"target\":{\"@type\":\"EntryPoint\",\"urlTemplate\":\"https:\/\/1075fm.com.br\/site\/?s={search_term_string}\"},\"query-input\":{\"@type\":\"PropertyValueSpecification\",\"valueRequired\":true,\"valueName\":\"search_term_string\"}}],\"inLanguage\":\"pt-BR\"},{\"@type\":\"Person\",\"@id\":\"https:\/\/1075fm.com.br\/site\/#\/schema\/person\/592f97625e8fc4a064502324aa4a3a26\",\"name\":\"demetrio\",\"image\":{\"@type\":\"ImageObject\",\"inLanguage\":\"pt-BR\",\"@id\":\"https:\/\/1075fm.com.br\/site\/#\/schema\/person\/image\/\",\"url\":\"https:\/\/secure.gravatar.com\/avatar\/31b4e5789076195b7ac5f73e9b612d5cf2dbf52e6948c7b8269e7830d983413c?s=96&d=mm&r=g\",\"contentUrl\":\"https:\/\/secure.gravatar.com\/avatar\/31b4e5789076195b7ac5f73e9b612d5cf2dbf52e6948c7b8269e7830d983413c?s=96&d=mm&r=g\",\"caption\":\"demetrio\"},\"url\":\"https:\/\/1075fm.com.br\/site\/author\/demetrio\/\"}]}<\/script>\n<!-- \/ Yoast SEO plugin. -->","yoast_head_json":{"title":"Dia em Foco: 1\u00ba de Maio \u2014 Um dia cheio de significado - R\u00e1dio 107,5 FM Simplesmente Diferente","robots":{"index":"index","follow":"follow","max-snippet":"max-snippet:-1","max-image-preview":"max-image-preview:large","max-video-preview":"max-video-preview:-1"},"canonical":"https:\/\/1075fm.com.br\/site\/dia-em-foco-1o-de-maio-um-dia-cheio-de-significado\/","og_locale":"pt_BR","og_type":"article","og_title":"Dia em Foco: 1\u00ba de Maio \u2014 Um dia cheio de significado - R\u00e1dio 107,5 FM Simplesmente Diferente","og_description":"Hoje \u00e9 dia primeiro de maio. E antes de voc\u00ea mergulhar na correria do dia \u2014 antes da primeira reuni\u00e3o, do primeiro tr\u00e2nsito, do primeiro problema \u2014 a gente queria parar um instante com voc\u00ea. Porque esse primeiro dia do m\u00eas carrega muito mais do que uma data no calend\u00e1rio. Ele carrega hist\u00f3rias. Lutas. Causas [&hellip;]","og_url":"https:\/\/1075fm.com.br\/site\/dia-em-foco-1o-de-maio-um-dia-cheio-de-significado\/","og_site_name":"R\u00e1dio 107,5 FM Simplesmente Diferente","article_published_time":"2026-05-01T13:34:07+00:00","og_image":[{"width":1600,"height":717,"url":"https:\/\/1075fm.com.br\/site\/wp-content\/uploads\/2026\/05\/WhatsApp-Image-2026-04-30-at-15.24.10.jpeg","type":"image\/jpeg"}],"author":"demetrio","twitter_card":"summary_large_image","twitter_misc":{"Escrito por":"demetrio","Est. tempo de leitura":"5 minutos"},"schema":{"@context":"https:\/\/schema.org","@graph":[{"@type":"WebPage","@id":"https:\/\/1075fm.com.br\/site\/dia-em-foco-1o-de-maio-um-dia-cheio-de-significado\/","url":"https:\/\/1075fm.com.br\/site\/dia-em-foco-1o-de-maio-um-dia-cheio-de-significado\/","name":"Dia em Foco: 1\u00ba de Maio \u2014 Um dia cheio de significado - R\u00e1dio 107,5 FM Simplesmente Diferente","isPartOf":{"@id":"https:\/\/1075fm.com.br\/site\/#website"},"primaryImageOfPage":{"@id":"https:\/\/1075fm.com.br\/site\/dia-em-foco-1o-de-maio-um-dia-cheio-de-significado\/#primaryimage"},"image":{"@id":"https:\/\/1075fm.com.br\/site\/dia-em-foco-1o-de-maio-um-dia-cheio-de-significado\/#primaryimage"},"thumbnailUrl":"https:\/\/1075fm.com.br\/site\/wp-content\/uploads\/2026\/05\/WhatsApp-Image-2026-04-30-at-15.24.10.jpeg","datePublished":"2026-05-01T13:34:07+00:00","author":{"@id":"https:\/\/1075fm.com.br\/site\/#\/schema\/person\/592f97625e8fc4a064502324aa4a3a26"},"breadcrumb":{"@id":"https:\/\/1075fm.com.br\/site\/dia-em-foco-1o-de-maio-um-dia-cheio-de-significado\/#breadcrumb"},"inLanguage":"pt-BR","potentialAction":[{"@type":"ReadAction","target":["https:\/\/1075fm.com.br\/site\/dia-em-foco-1o-de-maio-um-dia-cheio-de-significado\/"]}]},{"@type":"ImageObject","inLanguage":"pt-BR","@id":"https:\/\/1075fm.com.br\/site\/dia-em-foco-1o-de-maio-um-dia-cheio-de-significado\/#primaryimage","url":"https:\/\/1075fm.com.br\/site\/wp-content\/uploads\/2026\/05\/WhatsApp-Image-2026-04-30-at-15.24.10.jpeg","contentUrl":"https:\/\/1075fm.com.br\/site\/wp-content\/uploads\/2026\/05\/WhatsApp-Image-2026-04-30-at-15.24.10.jpeg","width":1600,"height":717},{"@type":"BreadcrumbList","@id":"https:\/\/1075fm.com.br\/site\/dia-em-foco-1o-de-maio-um-dia-cheio-de-significado\/#breadcrumb","itemListElement":[{"@type":"ListItem","position":1,"name":"In\u00edcio","item":"https:\/\/1075fm.com.br\/site\/"},{"@type":"ListItem","position":2,"name":"Dia em Foco: 1\u00ba de Maio \u2014 Um dia cheio de significado"}]},{"@type":"WebSite","@id":"https:\/\/1075fm.com.br\/site\/#website","url":"https:\/\/1075fm.com.br\/site\/","name":"R\u00e1dio 107,5 FM Simplesmente Diferente","description":"","potentialAction":[{"@type":"SearchAction","target":{"@type":"EntryPoint","urlTemplate":"https:\/\/1075fm.com.br\/site\/?s={search_term_string}"},"query-input":{"@type":"PropertyValueSpecification","valueRequired":true,"valueName":"search_term_string"}}],"inLanguage":"pt-BR"},{"@type":"Person","@id":"https:\/\/1075fm.com.br\/site\/#\/schema\/person\/592f97625e8fc4a064502324aa4a3a26","name":"demetrio","image":{"@type":"ImageObject","inLanguage":"pt-BR","@id":"https:\/\/1075fm.com.br\/site\/#\/schema\/person\/image\/","url":"https:\/\/secure.gravatar.com\/avatar\/31b4e5789076195b7ac5f73e9b612d5cf2dbf52e6948c7b8269e7830d983413c?s=96&d=mm&r=g","contentUrl":"https:\/\/secure.gravatar.com\/avatar\/31b4e5789076195b7ac5f73e9b612d5cf2dbf52e6948c7b8269e7830d983413c?s=96&d=mm&r=g","caption":"demetrio"},"url":"https:\/\/1075fm.com.br\/site\/author\/demetrio\/"}]}},"_links":{"self":[{"href":"https:\/\/1075fm.com.br\/site\/wp-json\/wp\/v2\/posts\/4345","targetHints":{"allow":["GET"]}}],"collection":[{"href":"https:\/\/1075fm.com.br\/site\/wp-json\/wp\/v2\/posts"}],"about":[{"href":"https:\/\/1075fm.com.br\/site\/wp-json\/wp\/v2\/types\/post"}],"author":[{"embeddable":true,"href":"https:\/\/1075fm.com.br\/site\/wp-json\/wp\/v2\/users\/2"}],"replies":[{"embeddable":true,"href":"https:\/\/1075fm.com.br\/site\/wp-json\/wp\/v2\/comments?post=4345"}],"version-history":[{"count":1,"href":"https:\/\/1075fm.com.br\/site\/wp-json\/wp\/v2\/posts\/4345\/revisions"}],"predecessor-version":[{"id":4349,"href":"https:\/\/1075fm.com.br\/site\/wp-json\/wp\/v2\/posts\/4345\/revisions\/4349"}],"wp:featuredmedia":[{"embeddable":true,"href":"https:\/\/1075fm.com.br\/site\/wp-json\/wp\/v2\/media\/4348"}],"wp:attachment":[{"href":"https:\/\/1075fm.com.br\/site\/wp-json\/wp\/v2\/media?parent=4345"}],"wp:term":[{"taxonomy":"category","embeddable":true,"href":"https:\/\/1075fm.com.br\/site\/wp-json\/wp\/v2\/categories?post=4345"},{"taxonomy":"post_tag","embeddable":true,"href":"https:\/\/1075fm.com.br\/site\/wp-json\/wp\/v2\/tags?post=4345"}],"curies":[{"name":"wp","href":"https:\/\/api.w.org\/{rel}","templated":true}]}}