{"id":585,"date":"2017-10-16T17:32:29","date_gmt":"2017-10-16T19:32:29","guid":{"rendered":"http:\/\/1075fm.com.br\/site\/?post_type=artigos&#038;p=585"},"modified":"2024-10-16T17:10:09","modified_gmt":"2024-10-16T20:10:09","slug":"ieadjo-igreja-assembleia-de-deus-de-joinville-e-radio-1075-fm-oram-por-joinville","status":"publish","type":"post","link":"https:\/\/1075fm.com.br\/site\/ieadjo-igreja-assembleia-de-deus-de-joinville-e-radio-1075-fm-oram-por-joinville\/","title":{"rendered":"IEADJO &#8211; Igreja Assembleia de Deus de Joinville e R\u00e1dio 107,5 FM oram por Joinville"},"content":{"rendered":"<p><strong>\u201cPara quem n\u00e3o sabe onde vai, qualquer caminho est\u00e1 bom\u201d.<\/strong><\/p>\n<p>Com esta frase em destaque, teve in\u00edcio no m\u00eas de outubro uma campanha de ora\u00e7\u00e3o pela cidade de Joinville, idealizada pela Igreja Evang\u00e9lica Assembleia de Deus em conjunto com a R\u00e1dio 107,5 FM. Esclarecendo a frase a cima, o melhor caminho \u00e9 a Ora\u00e7\u00e3o, segundo o Pr. Presidente da IEADJO S\u00e9rgio Melfior, que vem convocando todo o povo crist\u00e3o a se envolver ainda mais na ora\u00e7\u00e3o pela cidade de Joinville, pelas institui\u00e7\u00f5es p\u00fablicas e privadas, pelos \u00f3rg\u00e3os de seguran\u00e7a e sa\u00fade e pelos governantes nas tr\u00eas esferas, federal, estadual e municipal.<\/p>\n<p>A campanha consiste em um chamamento p\u00fablico atrav\u00e9s de outdoors e spots na programa\u00e7\u00e3o da R\u00e1dio 107,5 FM diariamente, convocando os ouvintes para administrar sua rotina com per\u00edodos de ora\u00e7\u00e3o.<\/p>\n<p><strong>EM DOIS HOR\u00c1RIOS POR DIA, PASTORES ORAM AO VIVO NA PROGRAMA\u00c7\u00c3O DA 107 FM<\/strong><\/p>\n<p>Uma das estrat\u00e9gias da campanha \u00e9 a participa\u00e7\u00e3o dos pastores do campo de Joinville, em dois hor\u00e1rios do dia para dirigirem uma ora\u00e7\u00e3o junto com os ouvintes da emissora em hor\u00e1rios espec\u00edficos, \u00e0s 10h30 da manh\u00e3 e \u00e0s 16h.<\/p>\n<p><strong>\u201cO nosso caminho \u00e9 da ORA\u00c7\u00c3O, porque sabemos onde queremos chegar\u201d, vivemos um momento dif\u00edcil, de muitas mudan\u00e7as pol\u00edticas, instabilidade econ\u00f4mica e o papel da igreja tamb\u00e9m \u00e9 de interceder por todos pela paz, pela resolu\u00e7\u00e3o dos problemas e pela salva\u00e7\u00e3o dos que ainda n\u00e3o conhecem a Jesus, concluiu S\u00e9rgio Melfior. <\/strong><\/p>\n<p>E n\u00e3o vos conformeis a este mundo, mas transformai-vos pela renova\u00e7\u00e3o da vossa mente, para que experimenteis qual seja a boa, agrad\u00e1vel, e perfeita vontade de Deus. Romanos 12:2<\/p>\n<p>V\u00e1rios pastores j\u00e1 passaram pelos est\u00fadios nos hor\u00e1rios previstos desde o in\u00edcio do prop\u00f3sito e o reflexo j\u00e1 podem ser sentidos atrav\u00e9s dos muitos testemunhos das b\u00ean\u00e7\u00e3os que Deus tem entregue na vida dos ouvintes e de toda cidade.<\/p>\n<p>Segundo Alo\u00edsio Lucas diretor art\u00edstico da 107 FM, a vinda dos pastores duas vezes ao dia at\u00e9 a emissora para orar, \u00e9 uma demonstra\u00e7\u00e3o de cuidado e preocupa\u00e7\u00e3o da igreja com a vida dos moradores de Joinville e das autoridades p\u00fablicas, afirmou.<strong>\u00a0<\/strong><\/p>\n<p><img fetchpriority=\"high\" decoding=\"async\" class=\"img-responsive alignnone wp-image-587 size-full\" src=\"http:\/\/1075fm.com.br\/site\/wp-content\/uploads\/2017\/10\/7222b0e7-5868-4c5a-a570-339265fe5845.jpg\" alt=\"\" width=\"1280\" height=\"960\" srcset=\"https:\/\/1075fm.com.br\/site\/wp-content\/uploads\/2017\/10\/7222b0e7-5868-4c5a-a570-339265fe5845.jpg 1280w, https:\/\/1075fm.com.br\/site\/wp-content\/uploads\/2017\/10\/7222b0e7-5868-4c5a-a570-339265fe5845-300x225.jpg 300w, https:\/\/1075fm.com.br\/site\/wp-content\/uploads\/2017\/10\/7222b0e7-5868-4c5a-a570-339265fe5845-1024x768.jpg 1024w, https:\/\/1075fm.com.br\/site\/wp-content\/uploads\/2017\/10\/7222b0e7-5868-4c5a-a570-339265fe5845-768x576.jpg 768w\" sizes=\"(max-width: 1280px) 100vw, 1280px\" \/><br \/>\n<img decoding=\"async\" class=\"img-responsive alignnone size-full wp-image-588\" src=\"http:\/\/1075fm.com.br\/site\/wp-content\/uploads\/2017\/10\/e2e2ffc4-8293-43cc-9520-874ac3cb4b11.jpg\" alt=\"\" width=\"1280\" height=\"961\" srcset=\"https:\/\/1075fm.com.br\/site\/wp-content\/uploads\/2017\/10\/e2e2ffc4-8293-43cc-9520-874ac3cb4b11.jpg 1280w, https:\/\/1075fm.com.br\/site\/wp-content\/uploads\/2017\/10\/e2e2ffc4-8293-43cc-9520-874ac3cb4b11-300x225.jpg 300w, https:\/\/1075fm.com.br\/site\/wp-content\/uploads\/2017\/10\/e2e2ffc4-8293-43cc-9520-874ac3cb4b11-1024x769.jpg 1024w, https:\/\/1075fm.com.br\/site\/wp-content\/uploads\/2017\/10\/e2e2ffc4-8293-43cc-9520-874ac3cb4b11-768x577.jpg 768w\" sizes=\"(max-width: 1280px) 100vw, 1280px\" \/><br \/>\n<img decoding=\"async\" class=\"img-responsive alignnone size-full wp-image-589\" src=\"http:\/\/1075fm.com.br\/site\/wp-content\/uploads\/2017\/10\/e8ef4697-98ca-4bf4-a5b3-778ad0623441.jpg\" alt=\"\" width=\"1280\" height=\"960\" srcset=\"https:\/\/1075fm.com.br\/site\/wp-content\/uploads\/2017\/10\/e8ef4697-98ca-4bf4-a5b3-778ad0623441.jpg 1280w, https:\/\/1075fm.com.br\/site\/wp-content\/uploads\/2017\/10\/e8ef4697-98ca-4bf4-a5b3-778ad0623441-300x225.jpg 300w, https:\/\/1075fm.com.br\/site\/wp-content\/uploads\/2017\/10\/e8ef4697-98ca-4bf4-a5b3-778ad0623441-1024x768.jpg 1024w, https:\/\/1075fm.com.br\/site\/wp-content\/uploads\/2017\/10\/e8ef4697-98ca-4bf4-a5b3-778ad0623441-768x576.jpg 768w\" sizes=\"(max-width: 1280px) 100vw, 1280px\" \/><br \/>\n<img loading=\"lazy\" decoding=\"async\" class=\"img-responsive alignnone size-full wp-image-590\" src=\"http:\/\/1075fm.com.br\/site\/wp-content\/uploads\/2017\/10\/fea82912-4ac0-4b64-a1c7-23437209b72a.jpg\" alt=\"\" width=\"1280\" height=\"959\" srcset=\"https:\/\/1075fm.com.br\/site\/wp-content\/uploads\/2017\/10\/fea82912-4ac0-4b64-a1c7-23437209b72a.jpg 1280w, https:\/\/1075fm.com.br\/site\/wp-content\/uploads\/2017\/10\/fea82912-4ac0-4b64-a1c7-23437209b72a-300x225.jpg 300w, https:\/\/1075fm.com.br\/site\/wp-content\/uploads\/2017\/10\/fea82912-4ac0-4b64-a1c7-23437209b72a-1024x767.jpg 1024w, https:\/\/1075fm.com.br\/site\/wp-content\/uploads\/2017\/10\/fea82912-4ac0-4b64-a1c7-23437209b72a-768x575.jpg 768w\" sizes=\"(max-width: 1280px) 100vw, 1280px\" \/><br \/>\n<img loading=\"lazy\" decoding=\"async\" class=\"img-responsive alignnone size-full wp-image-591\" src=\"http:\/\/1075fm.com.br\/site\/wp-content\/uploads\/2017\/10\/311f0349-c7f2-4830-83f8-9cfdd320fc15.jpg\" alt=\"\" width=\"1280\" height=\"959\" srcset=\"https:\/\/1075fm.com.br\/site\/wp-content\/uploads\/2017\/10\/311f0349-c7f2-4830-83f8-9cfdd320fc15.jpg 1280w, https:\/\/1075fm.com.br\/site\/wp-content\/uploads\/2017\/10\/311f0349-c7f2-4830-83f8-9cfdd320fc15-300x225.jpg 300w, https:\/\/1075fm.com.br\/site\/wp-content\/uploads\/2017\/10\/311f0349-c7f2-4830-83f8-9cfdd320fc15-1024x767.jpg 1024w, https:\/\/1075fm.com.br\/site\/wp-content\/uploads\/2017\/10\/311f0349-c7f2-4830-83f8-9cfdd320fc15-768x575.jpg 768w\" sizes=\"(max-width: 1280px) 100vw, 1280px\" \/><br \/>\n<img loading=\"lazy\" decoding=\"async\" class=\"img-responsive alignnone size-full wp-image-592\" src=\"http:\/\/1075fm.com.br\/site\/wp-content\/uploads\/2017\/10\/AIRTON.jpg\" alt=\"\" width=\"885\" height=\"1180\" srcset=\"https:\/\/1075fm.com.br\/site\/wp-content\/uploads\/2017\/10\/AIRTON.jpg 885w, https:\/\/1075fm.com.br\/site\/wp-content\/uploads\/2017\/10\/AIRTON-225x300.jpg 225w, https:\/\/1075fm.com.br\/site\/wp-content\/uploads\/2017\/10\/AIRTON-768x1024.jpg 768w\" sizes=\"(max-width: 885px) 100vw, 885px\" \/><\/p>\n<p><strong>\u00a0<\/strong><\/p>\n<p><strong>\u00a0<\/strong><\/p>\n<p>&nbsp;<\/p>\n","protected":false},"excerpt":{"rendered":"<p>\u201cPara quem n\u00e3o sabe onde vai, qualquer caminho est\u00e1 bom\u201d. Com esta frase em destaque, teve in\u00edcio no m\u00eas de outubro uma campanha de ora\u00e7\u00e3o pela cidade de Joinville, idealizada pela Igreja Evang\u00e9lica Assembleia de Deus em conjunto com a R\u00e1dio 107,5 FM. Esclarecendo a frase a cima, o melhor caminho \u00e9 a Ora\u00e7\u00e3o, segundo [&hellip;]<\/p>\n","protected":false},"author":1,"featured_media":586,"comment_status":"closed","ping_status":"closed","sticky":false,"template":"","format":"standard","meta":{"_acf_changed":false,"h5ap_radio_sources":[],"footnotes":""},"categories":[],"tags":[],"class_list":["post-585","post","type-post","status-publish","format-standard","has-post-thumbnail","hentry"],"acf":[],"yoast_head":"<!-- This site is optimized with the Yoast SEO plugin v24.4 - https:\/\/yoast.com\/wordpress\/plugins\/seo\/ -->\n<title>IEADJO - Igreja Assembleia de Deus de Joinville e R\u00e1dio 107,5 FM oram por Joinville - R\u00e1dio 107,5 FM Simplesmente Diferente<\/title>\n<meta name=\"robots\" content=\"index, follow, max-snippet:-1, max-image-preview:large, max-video-preview:-1\" \/>\n<link rel=\"canonical\" href=\"https:\/\/1075fm.com.br\/site\/ieadjo-igreja-assembleia-de-deus-de-joinville-e-radio-1075-fm-oram-por-joinville\/\" \/>\n<meta property=\"og:locale\" content=\"pt_BR\" \/>\n<meta property=\"og:type\" content=\"article\" \/>\n<meta property=\"og:title\" content=\"IEADJO - Igreja Assembleia de Deus de Joinville e R\u00e1dio 107,5 FM oram por Joinville - R\u00e1dio 107,5 FM Simplesmente Diferente\" \/>\n<meta property=\"og:description\" content=\"\u201cPara quem n\u00e3o sabe onde vai, qualquer caminho est\u00e1 bom\u201d. Com esta frase em destaque, teve in\u00edcio no m\u00eas de outubro uma campanha de ora\u00e7\u00e3o pela cidade de Joinville, idealizada pela Igreja Evang\u00e9lica Assembleia de Deus em conjunto com a R\u00e1dio 107,5 FM. Esclarecendo a frase a cima, o melhor caminho \u00e9 a Ora\u00e7\u00e3o, segundo [&hellip;]\" \/>\n<meta property=\"og:url\" content=\"https:\/\/1075fm.com.br\/site\/ieadjo-igreja-assembleia-de-deus-de-joinville-e-radio-1075-fm-oram-por-joinville\/\" \/>\n<meta property=\"og:site_name\" content=\"R\u00e1dio 107,5 FM Simplesmente Diferente\" \/>\n<meta property=\"article:published_time\" content=\"2017-10-16T19:32:29+00:00\" \/>\n<meta property=\"article:modified_time\" content=\"2024-10-16T20:10:09+00:00\" \/>\n<meta property=\"og:image\" content=\"https:\/\/1075fm.com.br\/site\/wp-content\/uploads\/2017\/10\/43f1fbd3-50f4-422d-9afa-7615142db2d4.jpg\" \/>\n\t<meta property=\"og:image:width\" content=\"1280\" \/>\n\t<meta property=\"og:image:height\" content=\"960\" \/>\n\t<meta property=\"og:image:type\" content=\"image\/jpeg\" \/>\n<meta name=\"author\" content=\"inovasite\" \/>\n<meta name=\"twitter:card\" content=\"summary_large_image\" \/>\n<meta name=\"twitter:label1\" content=\"Escrito por\" \/>\n\t<meta name=\"twitter:data1\" content=\"inovasite\" \/>\n\t<meta name=\"twitter:label2\" content=\"Est. tempo de leitura\" \/>\n\t<meta name=\"twitter:data2\" content=\"2 minutos\" \/>\n<script type=\"application\/ld+json\" class=\"yoast-schema-graph\">{\"@context\":\"https:\/\/schema.org\",\"@graph\":[{\"@type\":\"WebPage\",\"@id\":\"https:\/\/1075fm.com.br\/site\/ieadjo-igreja-assembleia-de-deus-de-joinville-e-radio-1075-fm-oram-por-joinville\/\",\"url\":\"https:\/\/1075fm.com.br\/site\/ieadjo-igreja-assembleia-de-deus-de-joinville-e-radio-1075-fm-oram-por-joinville\/\",\"name\":\"IEADJO - Igreja Assembleia de Deus de Joinville e R\u00e1dio 107,5 FM oram por Joinville - R\u00e1dio 107,5 FM Simplesmente Diferente\",\"isPartOf\":{\"@id\":\"https:\/\/1075fm.com.br\/site\/#website\"},\"primaryImageOfPage\":{\"@id\":\"https:\/\/1075fm.com.br\/site\/ieadjo-igreja-assembleia-de-deus-de-joinville-e-radio-1075-fm-oram-por-joinville\/#primaryimage\"},\"image\":{\"@id\":\"https:\/\/1075fm.com.br\/site\/ieadjo-igreja-assembleia-de-deus-de-joinville-e-radio-1075-fm-oram-por-joinville\/#primaryimage\"},\"thumbnailUrl\":\"https:\/\/1075fm.com.br\/site\/wp-content\/uploads\/2017\/10\/43f1fbd3-50f4-422d-9afa-7615142db2d4.jpg\",\"datePublished\":\"2017-10-16T19:32:29+00:00\",\"dateModified\":\"2024-10-16T20:10:09+00:00\",\"author\":{\"@id\":\"https:\/\/1075fm.com.br\/site\/#\/schema\/person\/8d1ab58d872c87bd3dd6d77847ed1042\"},\"breadcrumb\":{\"@id\":\"https:\/\/1075fm.com.br\/site\/ieadjo-igreja-assembleia-de-deus-de-joinville-e-radio-1075-fm-oram-por-joinville\/#breadcrumb\"},\"inLanguage\":\"pt-BR\",\"potentialAction\":[{\"@type\":\"ReadAction\",\"target\":[\"https:\/\/1075fm.com.br\/site\/ieadjo-igreja-assembleia-de-deus-de-joinville-e-radio-1075-fm-oram-por-joinville\/\"]}]},{\"@type\":\"ImageObject\",\"inLanguage\":\"pt-BR\",\"@id\":\"https:\/\/1075fm.com.br\/site\/ieadjo-igreja-assembleia-de-deus-de-joinville-e-radio-1075-fm-oram-por-joinville\/#primaryimage\",\"url\":\"https:\/\/1075fm.com.br\/site\/wp-content\/uploads\/2017\/10\/43f1fbd3-50f4-422d-9afa-7615142db2d4.jpg\",\"contentUrl\":\"https:\/\/1075fm.com.br\/site\/wp-content\/uploads\/2017\/10\/43f1fbd3-50f4-422d-9afa-7615142db2d4.jpg\",\"width\":1280,\"height\":960},{\"@type\":\"BreadcrumbList\",\"@id\":\"https:\/\/1075fm.com.br\/site\/ieadjo-igreja-assembleia-de-deus-de-joinville-e-radio-1075-fm-oram-por-joinville\/#breadcrumb\",\"itemListElement\":[{\"@type\":\"ListItem\",\"position\":1,\"name\":\"In\u00edcio\",\"item\":\"https:\/\/1075fm.com.br\/site\/\"},{\"@type\":\"ListItem\",\"position\":2,\"name\":\"IEADJO &#8211; Igreja Assembleia de Deus de Joinville e R\u00e1dio 107,5 FM oram por Joinville\"}]},{\"@type\":\"WebSite\",\"@id\":\"https:\/\/1075fm.com.br\/site\/#website\",\"url\":\"https:\/\/1075fm.com.br\/site\/\",\"name\":\"R\u00e1dio 107,5 FM Simplesmente Diferente\",\"description\":\"\",\"potentialAction\":[{\"@type\":\"SearchAction\",\"target\":{\"@type\":\"EntryPoint\",\"urlTemplate\":\"https:\/\/1075fm.com.br\/site\/?s={search_term_string}\"},\"query-input\":{\"@type\":\"PropertyValueSpecification\",\"valueRequired\":true,\"valueName\":\"search_term_string\"}}],\"inLanguage\":\"pt-BR\"},{\"@type\":\"Person\",\"@id\":\"https:\/\/1075fm.com.br\/site\/#\/schema\/person\/8d1ab58d872c87bd3dd6d77847ed1042\",\"name\":\"inovasite\",\"image\":{\"@type\":\"ImageObject\",\"inLanguage\":\"pt-BR\",\"@id\":\"https:\/\/1075fm.com.br\/site\/#\/schema\/person\/image\/\",\"url\":\"https:\/\/secure.gravatar.com\/avatar\/e18582321e1a3a791a7ca36fc28b3ebbc919371210b0d0fd4b629d5a87425b1f?s=96&d=mm&r=g\",\"contentUrl\":\"https:\/\/secure.gravatar.com\/avatar\/e18582321e1a3a791a7ca36fc28b3ebbc919371210b0d0fd4b629d5a87425b1f?s=96&d=mm&r=g\",\"caption\":\"inovasite\"},\"sameAs\":[\"https:\/\/1075fm.com.br\/site\"],\"url\":\"https:\/\/1075fm.com.br\/site\/author\/inovasite\/\"}]}<\/script>\n<!-- \/ Yoast SEO plugin. -->","yoast_head_json":{"title":"IEADJO - Igreja Assembleia de Deus de Joinville e R\u00e1dio 107,5 FM oram por Joinville - R\u00e1dio 107,5 FM Simplesmente Diferente","robots":{"index":"index","follow":"follow","max-snippet":"max-snippet:-1","max-image-preview":"max-image-preview:large","max-video-preview":"max-video-preview:-1"},"canonical":"https:\/\/1075fm.com.br\/site\/ieadjo-igreja-assembleia-de-deus-de-joinville-e-radio-1075-fm-oram-por-joinville\/","og_locale":"pt_BR","og_type":"article","og_title":"IEADJO - Igreja Assembleia de Deus de Joinville e R\u00e1dio 107,5 FM oram por Joinville - R\u00e1dio 107,5 FM Simplesmente Diferente","og_description":"\u201cPara quem n\u00e3o sabe onde vai, qualquer caminho est\u00e1 bom\u201d. Com esta frase em destaque, teve in\u00edcio no m\u00eas de outubro uma campanha de ora\u00e7\u00e3o pela cidade de Joinville, idealizada pela Igreja Evang\u00e9lica Assembleia de Deus em conjunto com a R\u00e1dio 107,5 FM. Esclarecendo a frase a cima, o melhor caminho \u00e9 a Ora\u00e7\u00e3o, segundo [&hellip;]","og_url":"https:\/\/1075fm.com.br\/site\/ieadjo-igreja-assembleia-de-deus-de-joinville-e-radio-1075-fm-oram-por-joinville\/","og_site_name":"R\u00e1dio 107,5 FM Simplesmente Diferente","article_published_time":"2017-10-16T19:32:29+00:00","article_modified_time":"2024-10-16T20:10:09+00:00","og_image":[{"width":1280,"height":960,"url":"https:\/\/1075fm.com.br\/site\/wp-content\/uploads\/2017\/10\/43f1fbd3-50f4-422d-9afa-7615142db2d4.jpg","type":"image\/jpeg"}],"author":"inovasite","twitter_card":"summary_large_image","twitter_misc":{"Escrito por":"inovasite","Est. tempo de leitura":"2 minutos"},"schema":{"@context":"https:\/\/schema.org","@graph":[{"@type":"WebPage","@id":"https:\/\/1075fm.com.br\/site\/ieadjo-igreja-assembleia-de-deus-de-joinville-e-radio-1075-fm-oram-por-joinville\/","url":"https:\/\/1075fm.com.br\/site\/ieadjo-igreja-assembleia-de-deus-de-joinville-e-radio-1075-fm-oram-por-joinville\/","name":"IEADJO - Igreja Assembleia de Deus de Joinville e R\u00e1dio 107,5 FM oram por Joinville - R\u00e1dio 107,5 FM Simplesmente Diferente","isPartOf":{"@id":"https:\/\/1075fm.com.br\/site\/#website"},"primaryImageOfPage":{"@id":"https:\/\/1075fm.com.br\/site\/ieadjo-igreja-assembleia-de-deus-de-joinville-e-radio-1075-fm-oram-por-joinville\/#primaryimage"},"image":{"@id":"https:\/\/1075fm.com.br\/site\/ieadjo-igreja-assembleia-de-deus-de-joinville-e-radio-1075-fm-oram-por-joinville\/#primaryimage"},"thumbnailUrl":"https:\/\/1075fm.com.br\/site\/wp-content\/uploads\/2017\/10\/43f1fbd3-50f4-422d-9afa-7615142db2d4.jpg","datePublished":"2017-10-16T19:32:29+00:00","dateModified":"2024-10-16T20:10:09+00:00","author":{"@id":"https:\/\/1075fm.com.br\/site\/#\/schema\/person\/8d1ab58d872c87bd3dd6d77847ed1042"},"breadcrumb":{"@id":"https:\/\/1075fm.com.br\/site\/ieadjo-igreja-assembleia-de-deus-de-joinville-e-radio-1075-fm-oram-por-joinville\/#breadcrumb"},"inLanguage":"pt-BR","potentialAction":[{"@type":"ReadAction","target":["https:\/\/1075fm.com.br\/site\/ieadjo-igreja-assembleia-de-deus-de-joinville-e-radio-1075-fm-oram-por-joinville\/"]}]},{"@type":"ImageObject","inLanguage":"pt-BR","@id":"https:\/\/1075fm.com.br\/site\/ieadjo-igreja-assembleia-de-deus-de-joinville-e-radio-1075-fm-oram-por-joinville\/#primaryimage","url":"https:\/\/1075fm.com.br\/site\/wp-content\/uploads\/2017\/10\/43f1fbd3-50f4-422d-9afa-7615142db2d4.jpg","contentUrl":"https:\/\/1075fm.com.br\/site\/wp-content\/uploads\/2017\/10\/43f1fbd3-50f4-422d-9afa-7615142db2d4.jpg","width":1280,"height":960},{"@type":"BreadcrumbList","@id":"https:\/\/1075fm.com.br\/site\/ieadjo-igreja-assembleia-de-deus-de-joinville-e-radio-1075-fm-oram-por-joinville\/#breadcrumb","itemListElement":[{"@type":"ListItem","position":1,"name":"In\u00edcio","item":"https:\/\/1075fm.com.br\/site\/"},{"@type":"ListItem","position":2,"name":"IEADJO &#8211; Igreja Assembleia de Deus de Joinville e R\u00e1dio 107,5 FM oram por Joinville"}]},{"@type":"WebSite","@id":"https:\/\/1075fm.com.br\/site\/#website","url":"https:\/\/1075fm.com.br\/site\/","name":"R\u00e1dio 107,5 FM Simplesmente Diferente","description":"","potentialAction":[{"@type":"SearchAction","target":{"@type":"EntryPoint","urlTemplate":"https:\/\/1075fm.com.br\/site\/?s={search_term_string}"},"query-input":{"@type":"PropertyValueSpecification","valueRequired":true,"valueName":"search_term_string"}}],"inLanguage":"pt-BR"},{"@type":"Person","@id":"https:\/\/1075fm.com.br\/site\/#\/schema\/person\/8d1ab58d872c87bd3dd6d77847ed1042","name":"inovasite","image":{"@type":"ImageObject","inLanguage":"pt-BR","@id":"https:\/\/1075fm.com.br\/site\/#\/schema\/person\/image\/","url":"https:\/\/secure.gravatar.com\/avatar\/e18582321e1a3a791a7ca36fc28b3ebbc919371210b0d0fd4b629d5a87425b1f?s=96&d=mm&r=g","contentUrl":"https:\/\/secure.gravatar.com\/avatar\/e18582321e1a3a791a7ca36fc28b3ebbc919371210b0d0fd4b629d5a87425b1f?s=96&d=mm&r=g","caption":"inovasite"},"sameAs":["https:\/\/1075fm.com.br\/site"],"url":"https:\/\/1075fm.com.br\/site\/author\/inovasite\/"}]}},"_links":{"self":[{"href":"https:\/\/1075fm.com.br\/site\/wp-json\/wp\/v2\/posts\/585","targetHints":{"allow":["GET"]}}],"collection":[{"href":"https:\/\/1075fm.com.br\/site\/wp-json\/wp\/v2\/posts"}],"about":[{"href":"https:\/\/1075fm.com.br\/site\/wp-json\/wp\/v2\/types\/post"}],"author":[{"embeddable":true,"href":"https:\/\/1075fm.com.br\/site\/wp-json\/wp\/v2\/users\/1"}],"replies":[{"embeddable":true,"href":"https:\/\/1075fm.com.br\/site\/wp-json\/wp\/v2\/comments?post=585"}],"version-history":[{"count":1,"href":"https:\/\/1075fm.com.br\/site\/wp-json\/wp\/v2\/posts\/585\/revisions"}],"predecessor-version":[{"id":2612,"href":"https:\/\/1075fm.com.br\/site\/wp-json\/wp\/v2\/posts\/585\/revisions\/2612"}],"wp:featuredmedia":[{"embeddable":true,"href":"https:\/\/1075fm.com.br\/site\/wp-json\/wp\/v2\/media\/586"}],"wp:attachment":[{"href":"https:\/\/1075fm.com.br\/site\/wp-json\/wp\/v2\/media?parent=585"}],"wp:term":[{"taxonomy":"category","embeddable":true,"href":"https:\/\/1075fm.com.br\/site\/wp-json\/wp\/v2\/categories?post=585"},{"taxonomy":"post_tag","embeddable":true,"href":"https:\/\/1075fm.com.br\/site\/wp-json\/wp\/v2\/tags?post=585"}],"curies":[{"name":"wp","href":"https:\/\/api.w.org\/{rel}","templated":true}]}}