{"id":7429,"date":"2026-09-03T11:12:01","date_gmt":"2026-09-03T14:12:01","guid":{"rendered":"https:\/\/1075fm.com.br\/site\/?p=7429"},"modified":"2026-09-03T11:12:01","modified_gmt":"2026-09-03T14:12:01","slug":"museu-de-arte-de-joinville-apresenta-50-anos-de-arte-em-nova-exposicao","status":"publish","type":"post","link":"https:\/\/1075fm.com.br\/site\/museu-de-arte-de-joinville-apresenta-50-anos-de-arte-em-nova-exposicao\/","title":{"rendered":"Museu de Arte de Joinville apresenta 50 anos de arte em nova exposi\u00e7\u00e3o"},"content":{"rendered":"<p style=\"text-align: left;\">Mais de 70 artistas, diferentes gera\u00e7\u00f5es e muitas formas de olhar para a arte. \u00c9 a partir dessa diversidade que o\u00a0<a role=\"link\" href=\"https:\/\/www.joinville.sc.gov.br\/servicos\/visitar-museu-de-arte-de-joinville-maj\/\">Museu de Arte de Joinville (MAJ)<\/a>\u00a0apresenta a exposi\u00e7\u00e3o \u201c50 Anos do MAJ\u201d, que re\u00fane obras do acervo constru\u00eddo ao longo de cinco d\u00e9cadas e trabalhos que trazem novas perspectivas para a mostra.<\/p>\n<p style=\"text-align: left;\">A\u00a0<a role=\"link\" href=\"https:\/\/www.joinville.sc.gov.br\/noticias\/museu-de-arte-de-joinville-celebra-50-anos-com-exposicao-homenagem-e-programacao-cultural\/\">programa\u00e7\u00e3o para celebrar o cinquenten\u00e1rio<\/a>\u00a0ocorre nesta quinta-feira (3\/9), a partir das 18h30, com apresenta\u00e7\u00f5es art\u00edsticas e momentos que celebram a trajet\u00f3ria do museu.<\/p>\n<p style=\"text-align: left;\">A agenda come\u00e7a com uma apresenta\u00e7\u00e3o de dan\u00e7a da Cia 255. \u00c0s 19h, o p\u00fablico poder\u00e1 acompanhar o concerto com Ananias Alves de Almeida e a abertura da exposi\u00e7\u00e3o \u201c50 Anos do MAJ\u201d.<\/p>\n<p style=\"text-align: left;\">\u00c0s 19h30, ser\u00e1 inaugurada a Sala Marina Mosimann, espa\u00e7o que homenageia a galerista com importante participa\u00e7\u00e3o na hist\u00f3ria das artes visuais de Joinville e de Santa Catarina.<\/p>\n<p style=\"text-align: left;\">Na sequ\u00eancia, \u00e0s 19h40, haver\u00e1 apresenta\u00e7\u00e3o da Escola Municipal de Ballet da Casa da Cultura Fausto Rocha J\u00fanior. Encerrando a programa\u00e7\u00e3o, \u00e0s 20h15, o professor Nicolau Schmidt J\u00fanior e o m\u00fasico Orimar Hess, da Escola de M\u00fasica Villa-Lobos, tamb\u00e9m da Casa da Cultura, se apresentam ao p\u00fablico.<\/p>\n<p style=\"text-align: left;\">Durante toda a noite, haver\u00e1 ainda pra\u00e7a de alimenta\u00e7\u00e3o e feira de artesanato. Toda a programa\u00e7\u00e3o \u00e9 aberta ao p\u00fablico, sem cobran\u00e7a de ingresso.<\/p>\n<h3 style=\"text-align: left;\">Exposi\u00e7\u00e3o relembra a trajet\u00f3ria art\u00edstica de Joinville e do estado<\/h3>\n<p style=\"text-align: left;\">A exposi\u00e7\u00e3o marca os 50 anos de abertura do museu ao p\u00fablico, completados em 3 de setembro, e convida a percorrer parte da hist\u00f3ria art\u00edstica de Joinville e de Santa Catarina por meio de pinturas, desenhos, gravuras, t\u00e9cnicas mistas, trabalhos sobre papel, fotografias e videoarte. Entre os artistas presentes est\u00e3o nomes como Edith Wetzel, Juarez Machado, Luiz Henrique Schwanke e Rosa Herkenhoff.<\/p>\n<p style=\"text-align: left;\"><strong>\u201cO grande convite dessa exposi\u00e7\u00e3o \u00e9 pensar que um acervo n\u00e3o \u00e9 apenas aquilo que est\u00e1 guardado dentro do museu. \u00c9 uma narrativa constru\u00edda ao longo do tempo. Cada obra carrega a trajet\u00f3ria de um artista, mas quando entra em uma cole\u00e7\u00e3o p\u00fablica passa tamb\u00e9m a fazer parte da mem\u00f3ria coletiva\u201d<\/strong>, destaca a coordenadora do MAJ, \u00c2ngela Peyerl.<\/p>\n<p style=\"text-align: left;\">Entre os trabalhos que ajudam a construir essas rela\u00e7\u00f5es est\u00e1 <strong>\u201cBosque (Museu Casa Fritz Alt)\u201d<\/strong>, de Eug\u00eanio Colin, de 1994. A obra retrata um bosque relacionado ao espa\u00e7o que hoje abriga o Museu Casa Fritz Alt, criando uma liga\u00e7\u00e3o entre dois lugares importantes para a mem\u00f3ria e a arte de Joinville.<\/p>\n<p style=\"text-align: left;\">Outro destaque \u00e9 <strong>\u201cCarta a Darcy Ribeiro\u201d<\/strong>, de Hamilton Machado. O t\u00edtulo j\u00e1 revela uma liga\u00e7\u00e3o com refer\u00eancias culturais e intelectuais que v\u00e3o al\u00e9m da pr\u00f3pria imagem. J\u00e1 <strong>\u201cAtelier, 9 rue Charlot\u201d<\/strong>, de Juarez Machado, mostra uma experi\u00eancia vivida pelo artista fora de Joinville e amplia o olhar sobre sua trajet\u00f3ria.<\/p>\n<p style=\"text-align: left;\"><strong>\u201cUma das experi\u00eancias mais interessantes \u00e9 perceber como as obras conversam entre si, mesmo quando foram produzidas em \u00e9pocas, t\u00e9cnicas e contextos muito diferentes. Uma pintura pode dialogar com uma fotografia; uma obra de um artista consagrado pode criar uma rela\u00e7\u00e3o inesperada com a produ\u00e7\u00e3o de um artista de outra gera\u00e7\u00e3o\u201d<\/strong>, conta \u00c2ngela.<\/p>\n<h3 style=\"text-align: left;\"><strong>Novos olhares<\/strong><\/h3>\n<p style=\"text-align: left;\">A hist\u00f3ria, no entanto, n\u00e3o termina nas obras que j\u00e1 fazem parte do acervo. No por\u00e3o do MAJ, a exposi\u00e7\u00e3o tamb\u00e9m aproxima o p\u00fablico da produ\u00e7\u00e3o contempor\u00e2nea de artistas ligados \u00e0 Associa\u00e7\u00e3o de Artistas Pl\u00e1sticos de Joinville (AAPLAJ).<\/p>\n<p style=\"text-align: left;\">\u00c9 nesse espa\u00e7o que a artista visual Maria Bepler apresenta <strong>\u201cCaos: A dislexia atrav\u00e9s das artes\u201d<\/strong>. A obra parte da experi\u00eancia da artista com a dislexia e transforma as palavras em imagem. Cartazes com palavras trocadas est\u00e3o distribu\u00eddos por um dos corredores do por\u00e3o, criando uma sensa\u00e7\u00e3o de estranhamento e convidando o visitante a perceber a linguagem de outra maneira.<\/p>\n<p style=\"text-align: left;\">A instala\u00e7\u00e3o \u00e9 acompanhada pelo curta-metragem \u201cCegueira verbal\u201d, do cineasta em forma\u00e7\u00e3o Vitor Tavares. <strong>\u201cQuero que as pessoas possam ver o mundo um pouco como eu vejo. Na exposi\u00e7\u00e3o, as palavras s\u00e3o reorganizadas para transformar uma experi\u00eancia pessoal em experi\u00eancia art\u00edstica\u201d<\/strong>, conta Maria Bepler.<\/p>\n<p>&nbsp;<\/p>\n<p><img fetchpriority=\"high\" decoding=\"async\" class=\"alignnone size-full wp-image-7431\" src=\"https:\/\/1075fm.com.br\/site\/wp-content\/uploads\/2026\/09\/museu-de-arte-de-joinville-2-768x460-1.jpeg\" alt=\"\" width=\"768\" height=\"460\" srcset=\"https:\/\/1075fm.com.br\/site\/wp-content\/uploads\/2026\/09\/museu-de-arte-de-joinville-2-768x460-1.jpeg 768w, https:\/\/1075fm.com.br\/site\/wp-content\/uploads\/2026\/09\/museu-de-arte-de-joinville-2-768x460-1-300x180.jpeg 300w\" sizes=\"(max-width: 768px) 100vw, 768px\" \/><\/p>\n<p>&nbsp;<\/p>\n<p>Com informa\u00e7\u00f5es <a href=\"https:\/\/www.joinville.sc.gov.br\/noticias\/museu-de-arte-de-joinville-apresenta-50-anos-de-arte-em-nova-exposicao\/\">Prefeitura de Joinville<\/a><\/p>\n<p>Fotos: Divulga\u00e7\u00e3o\/Prefeitura de Joinville<\/p>\n","protected":false},"excerpt":{"rendered":"<p>Mais de 70 artistas, diferentes gera\u00e7\u00f5es e muitas formas de olhar para a arte. \u00c9 a partir dessa diversidade que o\u00a0Museu de Arte de Joinville (MAJ)\u00a0apresenta a exposi\u00e7\u00e3o \u201c50 Anos do MAJ\u201d, que re\u00fane obras do acervo constru\u00eddo ao longo de cinco d\u00e9cadas e trabalhos que trazem novas perspectivas para a mostra. A\u00a0programa\u00e7\u00e3o para celebrar [&hellip;]<\/p>\n","protected":false},"author":2,"featured_media":7430,"comment_status":"open","ping_status":"open","sticky":false,"template":"","format":"standard","meta":{"_acf_changed":false,"h5ap_radio_sources":[],"footnotes":""},"categories":[1],"tags":[],"class_list":["post-7429","post","type-post","status-publish","format-standard","has-post-thumbnail","hentry","category-sem-categoria"],"acf":[],"yoast_head":"<!-- This site is optimized with the Yoast SEO plugin v28.0 - https:\/\/yoast.com\/product\/yoast-seo-wordpress\/ -->\n<title>Museu de Arte de Joinville apresenta 50 anos de arte em nova exposi\u00e7\u00e3o - R\u00e1dio 107,5 FM Simplesmente Diferente<\/title>\n<meta name=\"robots\" content=\"index, follow, max-snippet:-1, max-image-preview:large, max-video-preview:-1\" \/>\n<link rel=\"canonical\" href=\"https:\/\/1075fm.com.br\/site\/museu-de-arte-de-joinville-apresenta-50-anos-de-arte-em-nova-exposicao\/\" \/>\n<meta property=\"og:locale\" content=\"pt_BR\" \/>\n<meta property=\"og:type\" content=\"article\" \/>\n<meta property=\"og:title\" content=\"Museu de Arte de Joinville apresenta 50 anos de arte em nova exposi\u00e7\u00e3o - R\u00e1dio 107,5 FM Simplesmente Diferente\" \/>\n<meta property=\"og:description\" content=\"Mais de 70 artistas, diferentes gera\u00e7\u00f5es e muitas formas de olhar para a arte. \u00c9 a partir dessa diversidade que o\u00a0Museu de Arte de Joinville (MAJ)\u00a0apresenta a exposi\u00e7\u00e3o \u201c50 Anos do MAJ\u201d, que re\u00fane obras do acervo constru\u00eddo ao longo de cinco d\u00e9cadas e trabalhos que trazem novas perspectivas para a mostra. A\u00a0programa\u00e7\u00e3o para celebrar [&hellip;]\" \/>\n<meta property=\"og:url\" content=\"https:\/\/1075fm.com.br\/site\/museu-de-arte-de-joinville-apresenta-50-anos-de-arte-em-nova-exposicao\/\" \/>\n<meta property=\"og:site_name\" content=\"R\u00e1dio 107,5 FM Simplesmente Diferente\" \/>\n<meta property=\"article:published_time\" content=\"2026-09-03T14:12:01+00:00\" \/>\n<meta property=\"og:image\" content=\"https:\/\/1075fm.com.br\/site\/wp-content\/uploads\/2026\/09\/museu-de-arte-de-joinville-1-1024x614-1.jpeg\" \/>\n\t<meta property=\"og:image:width\" content=\"1024\" \/>\n\t<meta property=\"og:image:height\" content=\"614\" \/>\n\t<meta property=\"og:image:type\" content=\"image\/jpeg\" \/>\n<meta name=\"author\" content=\"demetrio\" \/>\n<meta name=\"twitter:card\" content=\"summary_large_image\" \/>\n<meta name=\"twitter:label1\" content=\"Escrito por\" \/>\n\t<meta name=\"twitter:data1\" content=\"demetrio\" \/>\n\t<meta name=\"twitter:label2\" content=\"Est. tempo de leitura\" \/>\n\t<meta name=\"twitter:data2\" content=\"4 minutos\" \/>\n<script type=\"application\/ld+json\" class=\"yoast-schema-graph\">{\"@context\":\"https:\\\/\\\/schema.org\",\"@graph\":[{\"@type\":\"Article\",\"@id\":\"https:\\\/\\\/1075fm.com.br\\\/site\\\/museu-de-arte-de-joinville-apresenta-50-anos-de-arte-em-nova-exposicao\\\/#article\",\"isPartOf\":{\"@id\":\"https:\\\/\\\/1075fm.com.br\\\/site\\\/museu-de-arte-de-joinville-apresenta-50-anos-de-arte-em-nova-exposicao\\\/\"},\"author\":{\"name\":\"demetrio\",\"@id\":\"https:\\\/\\\/1075fm.com.br\\\/site\\\/#\\\/schema\\\/person\\\/592f97625e8fc4a064502324aa4a3a26\"},\"headline\":\"Museu de Arte de Joinville apresenta 50 anos de arte em nova exposi\u00e7\u00e3o\",\"datePublished\":\"2026-09-03T14:12:01+00:00\",\"mainEntityOfPage\":{\"@id\":\"https:\\\/\\\/1075fm.com.br\\\/site\\\/museu-de-arte-de-joinville-apresenta-50-anos-de-arte-em-nova-exposicao\\\/\"},\"wordCount\":738,\"commentCount\":0,\"image\":{\"@id\":\"https:\\\/\\\/1075fm.com.br\\\/site\\\/museu-de-arte-de-joinville-apresenta-50-anos-de-arte-em-nova-exposicao\\\/#primaryimage\"},\"thumbnailUrl\":\"https:\\\/\\\/1075fm.com.br\\\/site\\\/wp-content\\\/uploads\\\/2026\\\/09\\\/museu-de-arte-de-joinville-1-1024x614-1.jpeg\",\"inLanguage\":\"pt-BR\",\"potentialAction\":[{\"@type\":\"CommentAction\",\"name\":\"Comment\",\"target\":[\"https:\\\/\\\/1075fm.com.br\\\/site\\\/museu-de-arte-de-joinville-apresenta-50-anos-de-arte-em-nova-exposicao\\\/#respond\"]}]},{\"@type\":\"WebPage\",\"@id\":\"https:\\\/\\\/1075fm.com.br\\\/site\\\/museu-de-arte-de-joinville-apresenta-50-anos-de-arte-em-nova-exposicao\\\/\",\"url\":\"https:\\\/\\\/1075fm.com.br\\\/site\\\/museu-de-arte-de-joinville-apresenta-50-anos-de-arte-em-nova-exposicao\\\/\",\"name\":\"Museu de Arte de Joinville apresenta 50 anos de arte em nova exposi\u00e7\u00e3o - R\u00e1dio 107,5 FM Simplesmente Diferente\",\"isPartOf\":{\"@id\":\"https:\\\/\\\/1075fm.com.br\\\/site\\\/#website\"},\"primaryImageOfPage\":{\"@id\":\"https:\\\/\\\/1075fm.com.br\\\/site\\\/museu-de-arte-de-joinville-apresenta-50-anos-de-arte-em-nova-exposicao\\\/#primaryimage\"},\"image\":{\"@id\":\"https:\\\/\\\/1075fm.com.br\\\/site\\\/museu-de-arte-de-joinville-apresenta-50-anos-de-arte-em-nova-exposicao\\\/#primaryimage\"},\"thumbnailUrl\":\"https:\\\/\\\/1075fm.com.br\\\/site\\\/wp-content\\\/uploads\\\/2026\\\/09\\\/museu-de-arte-de-joinville-1-1024x614-1.jpeg\",\"datePublished\":\"2026-09-03T14:12:01+00:00\",\"author\":{\"@id\":\"https:\\\/\\\/1075fm.com.br\\\/site\\\/#\\\/schema\\\/person\\\/592f97625e8fc4a064502324aa4a3a26\"},\"breadcrumb\":{\"@id\":\"https:\\\/\\\/1075fm.com.br\\\/site\\\/museu-de-arte-de-joinville-apresenta-50-anos-de-arte-em-nova-exposicao\\\/#breadcrumb\"},\"inLanguage\":\"pt-BR\",\"potentialAction\":[{\"@type\":\"ReadAction\",\"target\":[\"https:\\\/\\\/1075fm.com.br\\\/site\\\/museu-de-arte-de-joinville-apresenta-50-anos-de-arte-em-nova-exposicao\\\/\"]}]},{\"@type\":\"ImageObject\",\"inLanguage\":\"pt-BR\",\"@id\":\"https:\\\/\\\/1075fm.com.br\\\/site\\\/museu-de-arte-de-joinville-apresenta-50-anos-de-arte-em-nova-exposicao\\\/#primaryimage\",\"url\":\"https:\\\/\\\/1075fm.com.br\\\/site\\\/wp-content\\\/uploads\\\/2026\\\/09\\\/museu-de-arte-de-joinville-1-1024x614-1.jpeg\",\"contentUrl\":\"https:\\\/\\\/1075fm.com.br\\\/site\\\/wp-content\\\/uploads\\\/2026\\\/09\\\/museu-de-arte-de-joinville-1-1024x614-1.jpeg\",\"width\":1024,\"height\":614},{\"@type\":\"BreadcrumbList\",\"@id\":\"https:\\\/\\\/1075fm.com.br\\\/site\\\/museu-de-arte-de-joinville-apresenta-50-anos-de-arte-em-nova-exposicao\\\/#breadcrumb\",\"itemListElement\":[{\"@type\":\"ListItem\",\"position\":1,\"name\":\"In\u00edcio\",\"item\":\"https:\\\/\\\/1075fm.com.br\\\/site\\\/\"},{\"@type\":\"ListItem\",\"position\":2,\"name\":\"Museu de Arte de Joinville apresenta 50 anos de arte em nova exposi\u00e7\u00e3o\"}]},{\"@type\":\"WebSite\",\"@id\":\"https:\\\/\\\/1075fm.com.br\\\/site\\\/#website\",\"url\":\"https:\\\/\\\/1075fm.com.br\\\/site\\\/\",\"name\":\"R\u00e1dio 107,5 FM Simplesmente Diferente\",\"description\":\"\",\"potentialAction\":[{\"@type\":\"SearchAction\",\"target\":{\"@type\":\"EntryPoint\",\"urlTemplate\":\"https:\\\/\\\/1075fm.com.br\\\/site\\\/?s={search_term_string}\"},\"query-input\":{\"@type\":\"PropertyValueSpecification\",\"valueRequired\":true,\"valueName\":\"search_term_string\"}}],\"inLanguage\":\"pt-BR\"},{\"@type\":\"Person\",\"@id\":\"https:\\\/\\\/1075fm.com.br\\\/site\\\/#\\\/schema\\\/person\\\/592f97625e8fc4a064502324aa4a3a26\",\"name\":\"demetrio\",\"image\":{\"@type\":\"ImageObject\",\"inLanguage\":\"pt-BR\",\"@id\":\"https:\\\/\\\/secure.gravatar.com\\\/avatar\\\/31b4e5789076195b7ac5f73e9b612d5cf2dbf52e6948c7b8269e7830d983413c?s=96&d=mm&r=g\",\"url\":\"https:\\\/\\\/secure.gravatar.com\\\/avatar\\\/31b4e5789076195b7ac5f73e9b612d5cf2dbf52e6948c7b8269e7830d983413c?s=96&d=mm&r=g\",\"contentUrl\":\"https:\\\/\\\/secure.gravatar.com\\\/avatar\\\/31b4e5789076195b7ac5f73e9b612d5cf2dbf52e6948c7b8269e7830d983413c?s=96&d=mm&r=g\",\"caption\":\"demetrio\"},\"url\":\"https:\\\/\\\/1075fm.com.br\\\/site\\\/author\\\/demetrio\\\/\"}]}<\/script>\n<!-- \/ Yoast SEO plugin. -->","yoast_head_json":{"title":"Museu de Arte de Joinville apresenta 50 anos de arte em nova exposi\u00e7\u00e3o - R\u00e1dio 107,5 FM Simplesmente Diferente","robots":{"index":"index","follow":"follow","max-snippet":"max-snippet:-1","max-image-preview":"max-image-preview:large","max-video-preview":"max-video-preview:-1"},"canonical":"https:\/\/1075fm.com.br\/site\/museu-de-arte-de-joinville-apresenta-50-anos-de-arte-em-nova-exposicao\/","og_locale":"pt_BR","og_type":"article","og_title":"Museu de Arte de Joinville apresenta 50 anos de arte em nova exposi\u00e7\u00e3o - R\u00e1dio 107,5 FM Simplesmente Diferente","og_description":"Mais de 70 artistas, diferentes gera\u00e7\u00f5es e muitas formas de olhar para a arte. \u00c9 a partir dessa diversidade que o\u00a0Museu de Arte de Joinville (MAJ)\u00a0apresenta a exposi\u00e7\u00e3o \u201c50 Anos do MAJ\u201d, que re\u00fane obras do acervo constru\u00eddo ao longo de cinco d\u00e9cadas e trabalhos que trazem novas perspectivas para a mostra. A\u00a0programa\u00e7\u00e3o para celebrar [&hellip;]","og_url":"https:\/\/1075fm.com.br\/site\/museu-de-arte-de-joinville-apresenta-50-anos-de-arte-em-nova-exposicao\/","og_site_name":"R\u00e1dio 107,5 FM Simplesmente Diferente","article_published_time":"2026-09-03T14:12:01+00:00","og_image":[{"width":1024,"height":614,"url":"https:\/\/1075fm.com.br\/site\/wp-content\/uploads\/2026\/09\/museu-de-arte-de-joinville-1-1024x614-1.jpeg","type":"image\/jpeg"}],"author":"demetrio","twitter_card":"summary_large_image","twitter_misc":{"Escrito por":"demetrio","Est. tempo de leitura":"4 minutos"},"schema":{"@context":"https:\/\/schema.org","@graph":[{"@type":"Article","@id":"https:\/\/1075fm.com.br\/site\/museu-de-arte-de-joinville-apresenta-50-anos-de-arte-em-nova-exposicao\/#article","isPartOf":{"@id":"https:\/\/1075fm.com.br\/site\/museu-de-arte-de-joinville-apresenta-50-anos-de-arte-em-nova-exposicao\/"},"author":{"name":"demetrio","@id":"https:\/\/1075fm.com.br\/site\/#\/schema\/person\/592f97625e8fc4a064502324aa4a3a26"},"headline":"Museu de Arte de Joinville apresenta 50 anos de arte em nova exposi\u00e7\u00e3o","datePublished":"2026-09-03T14:12:01+00:00","mainEntityOfPage":{"@id":"https:\/\/1075fm.com.br\/site\/museu-de-arte-de-joinville-apresenta-50-anos-de-arte-em-nova-exposicao\/"},"wordCount":738,"commentCount":0,"image":{"@id":"https:\/\/1075fm.com.br\/site\/museu-de-arte-de-joinville-apresenta-50-anos-de-arte-em-nova-exposicao\/#primaryimage"},"thumbnailUrl":"https:\/\/1075fm.com.br\/site\/wp-content\/uploads\/2026\/09\/museu-de-arte-de-joinville-1-1024x614-1.jpeg","inLanguage":"pt-BR","potentialAction":[{"@type":"CommentAction","name":"Comment","target":["https:\/\/1075fm.com.br\/site\/museu-de-arte-de-joinville-apresenta-50-anos-de-arte-em-nova-exposicao\/#respond"]}]},{"@type":"WebPage","@id":"https:\/\/1075fm.com.br\/site\/museu-de-arte-de-joinville-apresenta-50-anos-de-arte-em-nova-exposicao\/","url":"https:\/\/1075fm.com.br\/site\/museu-de-arte-de-joinville-apresenta-50-anos-de-arte-em-nova-exposicao\/","name":"Museu de Arte de Joinville apresenta 50 anos de arte em nova exposi\u00e7\u00e3o - R\u00e1dio 107,5 FM Simplesmente Diferente","isPartOf":{"@id":"https:\/\/1075fm.com.br\/site\/#website"},"primaryImageOfPage":{"@id":"https:\/\/1075fm.com.br\/site\/museu-de-arte-de-joinville-apresenta-50-anos-de-arte-em-nova-exposicao\/#primaryimage"},"image":{"@id":"https:\/\/1075fm.com.br\/site\/museu-de-arte-de-joinville-apresenta-50-anos-de-arte-em-nova-exposicao\/#primaryimage"},"thumbnailUrl":"https:\/\/1075fm.com.br\/site\/wp-content\/uploads\/2026\/09\/museu-de-arte-de-joinville-1-1024x614-1.jpeg","datePublished":"2026-09-03T14:12:01+00:00","author":{"@id":"https:\/\/1075fm.com.br\/site\/#\/schema\/person\/592f97625e8fc4a064502324aa4a3a26"},"breadcrumb":{"@id":"https:\/\/1075fm.com.br\/site\/museu-de-arte-de-joinville-apresenta-50-anos-de-arte-em-nova-exposicao\/#breadcrumb"},"inLanguage":"pt-BR","potentialAction":[{"@type":"ReadAction","target":["https:\/\/1075fm.com.br\/site\/museu-de-arte-de-joinville-apresenta-50-anos-de-arte-em-nova-exposicao\/"]}]},{"@type":"ImageObject","inLanguage":"pt-BR","@id":"https:\/\/1075fm.com.br\/site\/museu-de-arte-de-joinville-apresenta-50-anos-de-arte-em-nova-exposicao\/#primaryimage","url":"https:\/\/1075fm.com.br\/site\/wp-content\/uploads\/2026\/09\/museu-de-arte-de-joinville-1-1024x614-1.jpeg","contentUrl":"https:\/\/1075fm.com.br\/site\/wp-content\/uploads\/2026\/09\/museu-de-arte-de-joinville-1-1024x614-1.jpeg","width":1024,"height":614},{"@type":"BreadcrumbList","@id":"https:\/\/1075fm.com.br\/site\/museu-de-arte-de-joinville-apresenta-50-anos-de-arte-em-nova-exposicao\/#breadcrumb","itemListElement":[{"@type":"ListItem","position":1,"name":"In\u00edcio","item":"https:\/\/1075fm.com.br\/site\/"},{"@type":"ListItem","position":2,"name":"Museu de Arte de Joinville apresenta 50 anos de arte em nova exposi\u00e7\u00e3o"}]},{"@type":"WebSite","@id":"https:\/\/1075fm.com.br\/site\/#website","url":"https:\/\/1075fm.com.br\/site\/","name":"R\u00e1dio 107,5 FM Simplesmente Diferente","description":"","potentialAction":[{"@type":"SearchAction","target":{"@type":"EntryPoint","urlTemplate":"https:\/\/1075fm.com.br\/site\/?s={search_term_string}"},"query-input":{"@type":"PropertyValueSpecification","valueRequired":true,"valueName":"search_term_string"}}],"inLanguage":"pt-BR"},{"@type":"Person","@id":"https:\/\/1075fm.com.br\/site\/#\/schema\/person\/592f97625e8fc4a064502324aa4a3a26","name":"demetrio","image":{"@type":"ImageObject","inLanguage":"pt-BR","@id":"https:\/\/secure.gravatar.com\/avatar\/31b4e5789076195b7ac5f73e9b612d5cf2dbf52e6948c7b8269e7830d983413c?s=96&d=mm&r=g","url":"https:\/\/secure.gravatar.com\/avatar\/31b4e5789076195b7ac5f73e9b612d5cf2dbf52e6948c7b8269e7830d983413c?s=96&d=mm&r=g","contentUrl":"https:\/\/secure.gravatar.com\/avatar\/31b4e5789076195b7ac5f73e9b612d5cf2dbf52e6948c7b8269e7830d983413c?s=96&d=mm&r=g","caption":"demetrio"},"url":"https:\/\/1075fm.com.br\/site\/author\/demetrio\/"}]}},"_links":{"self":[{"href":"https:\/\/1075fm.com.br\/site\/wp-json\/wp\/v2\/posts\/7429","targetHints":{"allow":["GET"]}}],"collection":[{"href":"https:\/\/1075fm.com.br\/site\/wp-json\/wp\/v2\/posts"}],"about":[{"href":"https:\/\/1075fm.com.br\/site\/wp-json\/wp\/v2\/types\/post"}],"author":[{"embeddable":true,"href":"https:\/\/1075fm.com.br\/site\/wp-json\/wp\/v2\/users\/2"}],"replies":[{"embeddable":true,"href":"https:\/\/1075fm.com.br\/site\/wp-json\/wp\/v2\/comments?post=7429"}],"version-history":[{"count":1,"href":"https:\/\/1075fm.com.br\/site\/wp-json\/wp\/v2\/posts\/7429\/revisions"}],"predecessor-version":[{"id":7432,"href":"https:\/\/1075fm.com.br\/site\/wp-json\/wp\/v2\/posts\/7429\/revisions\/7432"}],"wp:featuredmedia":[{"embeddable":true,"href":"https:\/\/1075fm.com.br\/site\/wp-json\/wp\/v2\/media\/7430"}],"wp:attachment":[{"href":"https:\/\/1075fm.com.br\/site\/wp-json\/wp\/v2\/media?parent=7429"}],"wp:term":[{"taxonomy":"category","embeddable":true,"href":"https:\/\/1075fm.com.br\/site\/wp-json\/wp\/v2\/categories?post=7429"},{"taxonomy":"post_tag","embeddable":true,"href":"https:\/\/1075fm.com.br\/site\/wp-json\/wp\/v2\/tags?post=7429"}],"curies":[{"name":"wp","href":"https:\/\/api.w.org\/{rel}","templated":true}]}}