{"id":7434,"date":"2026-09-04T16:00:12","date_gmt":"2026-09-04T19:00:12","guid":{"rendered":"https:\/\/1075fm.com.br\/site\/?p=7434"},"modified":"2026-09-04T16:00:12","modified_gmt":"2026-09-04T19:00:12","slug":"procon-de-joinville-publica-pesquisa-de-precos-da-cesta-basica-e-de-itens-para-churrasco-de-setembro","status":"publish","type":"post","link":"https:\/\/1075fm.com.br\/site\/procon-de-joinville-publica-pesquisa-de-precos-da-cesta-basica-e-de-itens-para-churrasco-de-setembro\/","title":{"rendered":"Procon de Joinville publica pesquisa de pre\u00e7os da cesta b\u00e1sica e de itens para churrasco de setembro"},"content":{"rendered":"<p style=\"text-align: left;\">O Procon de Joinville divulgou as pesquisas atualizadas de pre\u00e7os da cesta b\u00e1sica e de itens para churrasco. Os levantamentos foram realizados nos dias 1\u00ba e 2 de setembro.<\/p>\n<p style=\"text-align: left;\">A pesquisa da cesta b\u00e1sica consultou valores de 41 produtos em nove estabelecimentos do munic\u00edpio. Em compara\u00e7\u00e3o com os pre\u00e7os de agosto, houve uma redu\u00e7\u00e3o de 0,29% na soma dos itens que comp\u00f5em a cesta. <strong>O valor m\u00e9dio passou de R$ 360,13 em agosto para R$ 359,10 em setembro.<\/strong><\/p>\n<p style=\"text-align: left;\">O menor pre\u00e7o da cesta b\u00e1sica foi encontrado por R$ 303,74, enquanto o maior chegou a R$ 427,24. Se o consumidor escolhesse apenas os produtos mais baratos entre todos os estabelecimentos, a soma chegaria a R$ 258,05.<\/p>\n<p style=\"text-align: left;\">Os produtos que registraram os maiores aumentos de pre\u00e7o foram o tomate (59,4%), o extrato de tomate (21,8%), a ma\u00e7\u00e3 nacional (11,4%) e o sal (9,2%). As maiores redu\u00e7\u00f5es foram verificadas na laranja-p\u00eara (-24,1%), na salsicha (-19,6%), na banana caturra (-18,9%) e na cenoura (-14,9%).<\/p>\n<p style=\"text-align: left;\">A pesquisa completa de pre\u00e7os da cesta b\u00e1sica est\u00e1 dispon\u00edvel no\u00a0<a role=\"link\" href=\"https:\/\/www.joinville.sc.gov.br\/publicacoes\/pesquisas-de-precos-procon-cesta-basica-2026\/\">site da Prefeitura de Joinville<\/a>.<\/p>\n<h3 style=\"text-align: left;\">Produtos para churrasco<\/h3>\n<p style=\"text-align: left;\">Na pesquisa de pre\u00e7os dos itens para churrasco, foram consultados 31 produtos, entre carnes bovinas, su\u00ednas e de aves, al\u00e9m de outros itens, como carv\u00e3o e sal grosso. O levantamento foi realizado em sete supermercados.<\/p>\n<p style=\"text-align: left;\">Os produtos que registraram os maiores aumentos de pre\u00e7o foram o contrafil\u00e9 (21,09%), o fil\u00e9 mignon (15,85%), o fil\u00e9 simples (12,68%) e a bisteca (12,19%). As maiores quedas de pre\u00e7o foram observadas no carv\u00e3o vegetal de 3kg (-23,08%), na sobrecoxa (-10,11%), no pernil (-9,93%) e no peito de frango (-7,08%).<\/p>\n<p style=\"text-align: left;\">A diferen\u00e7a de valores entre os supermercados pode chegar a 212,52% no caso do pernil. O sal grosso tamb\u00e9m apresentou grande varia\u00e7\u00e3o entre um estabelecimento e outro, chegando a 122,91% de diferen\u00e7a.<\/p>\n<p style=\"text-align: left;\">A pesquisa completa de pre\u00e7os dos itens para churrasco tamb\u00e9m pode ser consultada no\u00a0<a role=\"link\" href=\"https:\/\/www.joinville.sc.gov.br\/publicacoes\/pesquisas-de-precos-procon-churrasco-2026\/\">site da Prefeitura<\/a>.<\/p>\n<p>Com informa\u00e7\u00f5es <a href=\"https:\/\/www.joinville.sc.gov.br\/noticias\/procon-de-joinville-publica-pesquisa-de-precos-da-cesta-basica-e-de-itens-para-churrasco-de-setembro\/\">Prefeitura de Joinville<\/a><\/p>\n<p>Foto: Divulga\u00e7\u00e3o\/Prefeitura de Joinville<\/p>\n","protected":false},"excerpt":{"rendered":"<p>O Procon de Joinville divulgou as pesquisas atualizadas de pre\u00e7os da cesta b\u00e1sica e de itens para churrasco. Os levantamentos foram realizados nos dias 1\u00ba e 2 de setembro. A pesquisa da cesta b\u00e1sica consultou valores de 41 produtos em nove estabelecimentos do munic\u00edpio. Em compara\u00e7\u00e3o com os pre\u00e7os de agosto, houve uma redu\u00e7\u00e3o de [&hellip;]<\/p>\n","protected":false},"author":2,"featured_media":7435,"comment_status":"open","ping_status":"open","sticky":false,"template":"","format":"standard","meta":{"_acf_changed":false,"h5ap_radio_sources":[],"footnotes":""},"categories":[1],"tags":[],"class_list":["post-7434","post","type-post","status-publish","format-standard","has-post-thumbnail","hentry","category-sem-categoria"],"acf":[],"yoast_head":"<!-- This site is optimized with the Yoast SEO plugin v28.0 - https:\/\/yoast.com\/product\/yoast-seo-wordpress\/ -->\n<title>Procon de Joinville publica pesquisa de pre\u00e7os da cesta b\u00e1sica e de itens para churrasco de setembro - R\u00e1dio 107,5 FM Simplesmente Diferente<\/title>\n<meta name=\"robots\" content=\"index, follow, max-snippet:-1, max-image-preview:large, max-video-preview:-1\" \/>\n<link rel=\"canonical\" href=\"https:\/\/1075fm.com.br\/site\/procon-de-joinville-publica-pesquisa-de-precos-da-cesta-basica-e-de-itens-para-churrasco-de-setembro\/\" \/>\n<meta property=\"og:locale\" content=\"pt_BR\" \/>\n<meta property=\"og:type\" content=\"article\" \/>\n<meta property=\"og:title\" content=\"Procon de Joinville publica pesquisa de pre\u00e7os da cesta b\u00e1sica e de itens para churrasco de setembro - R\u00e1dio 107,5 FM Simplesmente Diferente\" \/>\n<meta property=\"og:description\" content=\"O Procon de Joinville divulgou as pesquisas atualizadas de pre\u00e7os da cesta b\u00e1sica e de itens para churrasco. Os levantamentos foram realizados nos dias 1\u00ba e 2 de setembro. A pesquisa da cesta b\u00e1sica consultou valores de 41 produtos em nove estabelecimentos do munic\u00edpio. Em compara\u00e7\u00e3o com os pre\u00e7os de agosto, houve uma redu\u00e7\u00e3o de [&hellip;]\" \/>\n<meta property=\"og:url\" content=\"https:\/\/1075fm.com.br\/site\/procon-de-joinville-publica-pesquisa-de-precos-da-cesta-basica-e-de-itens-para-churrasco-de-setembro\/\" \/>\n<meta property=\"og:site_name\" content=\"R\u00e1dio 107,5 FM Simplesmente Diferente\" \/>\n<meta property=\"article:published_time\" content=\"2026-09-04T19:00:12+00:00\" \/>\n<meta property=\"og:image\" content=\"https:\/\/1075fm.com.br\/site\/wp-content\/uploads\/2026\/09\/churrasco-1024x682-1.jpeg\" \/>\n\t<meta property=\"og:image:width\" content=\"1024\" \/>\n\t<meta property=\"og:image:height\" content=\"682\" \/>\n\t<meta property=\"og:image:type\" content=\"image\/jpeg\" \/>\n<meta name=\"author\" content=\"demetrio\" \/>\n<meta name=\"twitter:card\" content=\"summary_large_image\" \/>\n<meta name=\"twitter:label1\" content=\"Escrito por\" \/>\n\t<meta name=\"twitter:data1\" content=\"demetrio\" \/>\n\t<meta name=\"twitter:label2\" content=\"Est. tempo de leitura\" \/>\n\t<meta name=\"twitter:data2\" content=\"2 minutos\" \/>\n<script type=\"application\/ld+json\" class=\"yoast-schema-graph\">{\"@context\":\"https:\\\/\\\/schema.org\",\"@graph\":[{\"@type\":\"Article\",\"@id\":\"https:\\\/\\\/1075fm.com.br\\\/site\\\/procon-de-joinville-publica-pesquisa-de-precos-da-cesta-basica-e-de-itens-para-churrasco-de-setembro\\\/#article\",\"isPartOf\":{\"@id\":\"https:\\\/\\\/1075fm.com.br\\\/site\\\/procon-de-joinville-publica-pesquisa-de-precos-da-cesta-basica-e-de-itens-para-churrasco-de-setembro\\\/\"},\"author\":{\"name\":\"demetrio\",\"@id\":\"https:\\\/\\\/1075fm.com.br\\\/site\\\/#\\\/schema\\\/person\\\/592f97625e8fc4a064502324aa4a3a26\"},\"headline\":\"Procon de Joinville publica pesquisa de pre\u00e7os da cesta b\u00e1sica e de itens para churrasco de setembro\",\"datePublished\":\"2026-09-04T19:00:12+00:00\",\"mainEntityOfPage\":{\"@id\":\"https:\\\/\\\/1075fm.com.br\\\/site\\\/procon-de-joinville-publica-pesquisa-de-precos-da-cesta-basica-e-de-itens-para-churrasco-de-setembro\\\/\"},\"wordCount\":354,\"commentCount\":0,\"image\":{\"@id\":\"https:\\\/\\\/1075fm.com.br\\\/site\\\/procon-de-joinville-publica-pesquisa-de-precos-da-cesta-basica-e-de-itens-para-churrasco-de-setembro\\\/#primaryimage\"},\"thumbnailUrl\":\"https:\\\/\\\/1075fm.com.br\\\/site\\\/wp-content\\\/uploads\\\/2026\\\/09\\\/churrasco-1024x682-1.jpeg\",\"inLanguage\":\"pt-BR\",\"potentialAction\":[{\"@type\":\"CommentAction\",\"name\":\"Comment\",\"target\":[\"https:\\\/\\\/1075fm.com.br\\\/site\\\/procon-de-joinville-publica-pesquisa-de-precos-da-cesta-basica-e-de-itens-para-churrasco-de-setembro\\\/#respond\"]}]},{\"@type\":\"WebPage\",\"@id\":\"https:\\\/\\\/1075fm.com.br\\\/site\\\/procon-de-joinville-publica-pesquisa-de-precos-da-cesta-basica-e-de-itens-para-churrasco-de-setembro\\\/\",\"url\":\"https:\\\/\\\/1075fm.com.br\\\/site\\\/procon-de-joinville-publica-pesquisa-de-precos-da-cesta-basica-e-de-itens-para-churrasco-de-setembro\\\/\",\"name\":\"Procon de Joinville publica pesquisa de pre\u00e7os da cesta b\u00e1sica e de itens para churrasco de setembro - R\u00e1dio 107,5 FM Simplesmente Diferente\",\"isPartOf\":{\"@id\":\"https:\\\/\\\/1075fm.com.br\\\/site\\\/#website\"},\"primaryImageOfPage\":{\"@id\":\"https:\\\/\\\/1075fm.com.br\\\/site\\\/procon-de-joinville-publica-pesquisa-de-precos-da-cesta-basica-e-de-itens-para-churrasco-de-setembro\\\/#primaryimage\"},\"image\":{\"@id\":\"https:\\\/\\\/1075fm.com.br\\\/site\\\/procon-de-joinville-publica-pesquisa-de-precos-da-cesta-basica-e-de-itens-para-churrasco-de-setembro\\\/#primaryimage\"},\"thumbnailUrl\":\"https:\\\/\\\/1075fm.com.br\\\/site\\\/wp-content\\\/uploads\\\/2026\\\/09\\\/churrasco-1024x682-1.jpeg\",\"datePublished\":\"2026-09-04T19:00:12+00:00\",\"author\":{\"@id\":\"https:\\\/\\\/1075fm.com.br\\\/site\\\/#\\\/schema\\\/person\\\/592f97625e8fc4a064502324aa4a3a26\"},\"breadcrumb\":{\"@id\":\"https:\\\/\\\/1075fm.com.br\\\/site\\\/procon-de-joinville-publica-pesquisa-de-precos-da-cesta-basica-e-de-itens-para-churrasco-de-setembro\\\/#breadcrumb\"},\"inLanguage\":\"pt-BR\",\"potentialAction\":[{\"@type\":\"ReadAction\",\"target\":[\"https:\\\/\\\/1075fm.com.br\\\/site\\\/procon-de-joinville-publica-pesquisa-de-precos-da-cesta-basica-e-de-itens-para-churrasco-de-setembro\\\/\"]}]},{\"@type\":\"ImageObject\",\"inLanguage\":\"pt-BR\",\"@id\":\"https:\\\/\\\/1075fm.com.br\\\/site\\\/procon-de-joinville-publica-pesquisa-de-precos-da-cesta-basica-e-de-itens-para-churrasco-de-setembro\\\/#primaryimage\",\"url\":\"https:\\\/\\\/1075fm.com.br\\\/site\\\/wp-content\\\/uploads\\\/2026\\\/09\\\/churrasco-1024x682-1.jpeg\",\"contentUrl\":\"https:\\\/\\\/1075fm.com.br\\\/site\\\/wp-content\\\/uploads\\\/2026\\\/09\\\/churrasco-1024x682-1.jpeg\",\"width\":1024,\"height\":682},{\"@type\":\"BreadcrumbList\",\"@id\":\"https:\\\/\\\/1075fm.com.br\\\/site\\\/procon-de-joinville-publica-pesquisa-de-precos-da-cesta-basica-e-de-itens-para-churrasco-de-setembro\\\/#breadcrumb\",\"itemListElement\":[{\"@type\":\"ListItem\",\"position\":1,\"name\":\"In\u00edcio\",\"item\":\"https:\\\/\\\/1075fm.com.br\\\/site\\\/\"},{\"@type\":\"ListItem\",\"position\":2,\"name\":\"Procon de Joinville publica pesquisa de pre\u00e7os da cesta b\u00e1sica e de itens para churrasco de setembro\"}]},{\"@type\":\"WebSite\",\"@id\":\"https:\\\/\\\/1075fm.com.br\\\/site\\\/#website\",\"url\":\"https:\\\/\\\/1075fm.com.br\\\/site\\\/\",\"name\":\"R\u00e1dio 107,5 FM Simplesmente Diferente\",\"description\":\"\",\"potentialAction\":[{\"@type\":\"SearchAction\",\"target\":{\"@type\":\"EntryPoint\",\"urlTemplate\":\"https:\\\/\\\/1075fm.com.br\\\/site\\\/?s={search_term_string}\"},\"query-input\":{\"@type\":\"PropertyValueSpecification\",\"valueRequired\":true,\"valueName\":\"search_term_string\"}}],\"inLanguage\":\"pt-BR\"},{\"@type\":\"Person\",\"@id\":\"https:\\\/\\\/1075fm.com.br\\\/site\\\/#\\\/schema\\\/person\\\/592f97625e8fc4a064502324aa4a3a26\",\"name\":\"demetrio\",\"image\":{\"@type\":\"ImageObject\",\"inLanguage\":\"pt-BR\",\"@id\":\"https:\\\/\\\/secure.gravatar.com\\\/avatar\\\/31b4e5789076195b7ac5f73e9b612d5cf2dbf52e6948c7b8269e7830d983413c?s=96&d=mm&r=g\",\"url\":\"https:\\\/\\\/secure.gravatar.com\\\/avatar\\\/31b4e5789076195b7ac5f73e9b612d5cf2dbf52e6948c7b8269e7830d983413c?s=96&d=mm&r=g\",\"contentUrl\":\"https:\\\/\\\/secure.gravatar.com\\\/avatar\\\/31b4e5789076195b7ac5f73e9b612d5cf2dbf52e6948c7b8269e7830d983413c?s=96&d=mm&r=g\",\"caption\":\"demetrio\"},\"url\":\"https:\\\/\\\/1075fm.com.br\\\/site\\\/author\\\/demetrio\\\/\"}]}<\/script>\n<!-- \/ Yoast SEO plugin. -->","yoast_head_json":{"title":"Procon de Joinville publica pesquisa de pre\u00e7os da cesta b\u00e1sica e de itens para churrasco de setembro - R\u00e1dio 107,5 FM Simplesmente Diferente","robots":{"index":"index","follow":"follow","max-snippet":"max-snippet:-1","max-image-preview":"max-image-preview:large","max-video-preview":"max-video-preview:-1"},"canonical":"https:\/\/1075fm.com.br\/site\/procon-de-joinville-publica-pesquisa-de-precos-da-cesta-basica-e-de-itens-para-churrasco-de-setembro\/","og_locale":"pt_BR","og_type":"article","og_title":"Procon de Joinville publica pesquisa de pre\u00e7os da cesta b\u00e1sica e de itens para churrasco de setembro - R\u00e1dio 107,5 FM Simplesmente Diferente","og_description":"O Procon de Joinville divulgou as pesquisas atualizadas de pre\u00e7os da cesta b\u00e1sica e de itens para churrasco. Os levantamentos foram realizados nos dias 1\u00ba e 2 de setembro. A pesquisa da cesta b\u00e1sica consultou valores de 41 produtos em nove estabelecimentos do munic\u00edpio. Em compara\u00e7\u00e3o com os pre\u00e7os de agosto, houve uma redu\u00e7\u00e3o de [&hellip;]","og_url":"https:\/\/1075fm.com.br\/site\/procon-de-joinville-publica-pesquisa-de-precos-da-cesta-basica-e-de-itens-para-churrasco-de-setembro\/","og_site_name":"R\u00e1dio 107,5 FM Simplesmente Diferente","article_published_time":"2026-09-04T19:00:12+00:00","og_image":[{"width":1024,"height":682,"url":"https:\/\/1075fm.com.br\/site\/wp-content\/uploads\/2026\/09\/churrasco-1024x682-1.jpeg","type":"image\/jpeg"}],"author":"demetrio","twitter_card":"summary_large_image","twitter_misc":{"Escrito por":"demetrio","Est. tempo de leitura":"2 minutos"},"schema":{"@context":"https:\/\/schema.org","@graph":[{"@type":"Article","@id":"https:\/\/1075fm.com.br\/site\/procon-de-joinville-publica-pesquisa-de-precos-da-cesta-basica-e-de-itens-para-churrasco-de-setembro\/#article","isPartOf":{"@id":"https:\/\/1075fm.com.br\/site\/procon-de-joinville-publica-pesquisa-de-precos-da-cesta-basica-e-de-itens-para-churrasco-de-setembro\/"},"author":{"name":"demetrio","@id":"https:\/\/1075fm.com.br\/site\/#\/schema\/person\/592f97625e8fc4a064502324aa4a3a26"},"headline":"Procon de Joinville publica pesquisa de pre\u00e7os da cesta b\u00e1sica e de itens para churrasco de setembro","datePublished":"2026-09-04T19:00:12+00:00","mainEntityOfPage":{"@id":"https:\/\/1075fm.com.br\/site\/procon-de-joinville-publica-pesquisa-de-precos-da-cesta-basica-e-de-itens-para-churrasco-de-setembro\/"},"wordCount":354,"commentCount":0,"image":{"@id":"https:\/\/1075fm.com.br\/site\/procon-de-joinville-publica-pesquisa-de-precos-da-cesta-basica-e-de-itens-para-churrasco-de-setembro\/#primaryimage"},"thumbnailUrl":"https:\/\/1075fm.com.br\/site\/wp-content\/uploads\/2026\/09\/churrasco-1024x682-1.jpeg","inLanguage":"pt-BR","potentialAction":[{"@type":"CommentAction","name":"Comment","target":["https:\/\/1075fm.com.br\/site\/procon-de-joinville-publica-pesquisa-de-precos-da-cesta-basica-e-de-itens-para-churrasco-de-setembro\/#respond"]}]},{"@type":"WebPage","@id":"https:\/\/1075fm.com.br\/site\/procon-de-joinville-publica-pesquisa-de-precos-da-cesta-basica-e-de-itens-para-churrasco-de-setembro\/","url":"https:\/\/1075fm.com.br\/site\/procon-de-joinville-publica-pesquisa-de-precos-da-cesta-basica-e-de-itens-para-churrasco-de-setembro\/","name":"Procon de Joinville publica pesquisa de pre\u00e7os da cesta b\u00e1sica e de itens para churrasco de setembro - R\u00e1dio 107,5 FM Simplesmente Diferente","isPartOf":{"@id":"https:\/\/1075fm.com.br\/site\/#website"},"primaryImageOfPage":{"@id":"https:\/\/1075fm.com.br\/site\/procon-de-joinville-publica-pesquisa-de-precos-da-cesta-basica-e-de-itens-para-churrasco-de-setembro\/#primaryimage"},"image":{"@id":"https:\/\/1075fm.com.br\/site\/procon-de-joinville-publica-pesquisa-de-precos-da-cesta-basica-e-de-itens-para-churrasco-de-setembro\/#primaryimage"},"thumbnailUrl":"https:\/\/1075fm.com.br\/site\/wp-content\/uploads\/2026\/09\/churrasco-1024x682-1.jpeg","datePublished":"2026-09-04T19:00:12+00:00","author":{"@id":"https:\/\/1075fm.com.br\/site\/#\/schema\/person\/592f97625e8fc4a064502324aa4a3a26"},"breadcrumb":{"@id":"https:\/\/1075fm.com.br\/site\/procon-de-joinville-publica-pesquisa-de-precos-da-cesta-basica-e-de-itens-para-churrasco-de-setembro\/#breadcrumb"},"inLanguage":"pt-BR","potentialAction":[{"@type":"ReadAction","target":["https:\/\/1075fm.com.br\/site\/procon-de-joinville-publica-pesquisa-de-precos-da-cesta-basica-e-de-itens-para-churrasco-de-setembro\/"]}]},{"@type":"ImageObject","inLanguage":"pt-BR","@id":"https:\/\/1075fm.com.br\/site\/procon-de-joinville-publica-pesquisa-de-precos-da-cesta-basica-e-de-itens-para-churrasco-de-setembro\/#primaryimage","url":"https:\/\/1075fm.com.br\/site\/wp-content\/uploads\/2026\/09\/churrasco-1024x682-1.jpeg","contentUrl":"https:\/\/1075fm.com.br\/site\/wp-content\/uploads\/2026\/09\/churrasco-1024x682-1.jpeg","width":1024,"height":682},{"@type":"BreadcrumbList","@id":"https:\/\/1075fm.com.br\/site\/procon-de-joinville-publica-pesquisa-de-precos-da-cesta-basica-e-de-itens-para-churrasco-de-setembro\/#breadcrumb","itemListElement":[{"@type":"ListItem","position":1,"name":"In\u00edcio","item":"https:\/\/1075fm.com.br\/site\/"},{"@type":"ListItem","position":2,"name":"Procon de Joinville publica pesquisa de pre\u00e7os da cesta b\u00e1sica e de itens para churrasco de setembro"}]},{"@type":"WebSite","@id":"https:\/\/1075fm.com.br\/site\/#website","url":"https:\/\/1075fm.com.br\/site\/","name":"R\u00e1dio 107,5 FM Simplesmente Diferente","description":"","potentialAction":[{"@type":"SearchAction","target":{"@type":"EntryPoint","urlTemplate":"https:\/\/1075fm.com.br\/site\/?s={search_term_string}"},"query-input":{"@type":"PropertyValueSpecification","valueRequired":true,"valueName":"search_term_string"}}],"inLanguage":"pt-BR"},{"@type":"Person","@id":"https:\/\/1075fm.com.br\/site\/#\/schema\/person\/592f97625e8fc4a064502324aa4a3a26","name":"demetrio","image":{"@type":"ImageObject","inLanguage":"pt-BR","@id":"https:\/\/secure.gravatar.com\/avatar\/31b4e5789076195b7ac5f73e9b612d5cf2dbf52e6948c7b8269e7830d983413c?s=96&d=mm&r=g","url":"https:\/\/secure.gravatar.com\/avatar\/31b4e5789076195b7ac5f73e9b612d5cf2dbf52e6948c7b8269e7830d983413c?s=96&d=mm&r=g","contentUrl":"https:\/\/secure.gravatar.com\/avatar\/31b4e5789076195b7ac5f73e9b612d5cf2dbf52e6948c7b8269e7830d983413c?s=96&d=mm&r=g","caption":"demetrio"},"url":"https:\/\/1075fm.com.br\/site\/author\/demetrio\/"}]}},"_links":{"self":[{"href":"https:\/\/1075fm.com.br\/site\/wp-json\/wp\/v2\/posts\/7434","targetHints":{"allow":["GET"]}}],"collection":[{"href":"https:\/\/1075fm.com.br\/site\/wp-json\/wp\/v2\/posts"}],"about":[{"href":"https:\/\/1075fm.com.br\/site\/wp-json\/wp\/v2\/types\/post"}],"author":[{"embeddable":true,"href":"https:\/\/1075fm.com.br\/site\/wp-json\/wp\/v2\/users\/2"}],"replies":[{"embeddable":true,"href":"https:\/\/1075fm.com.br\/site\/wp-json\/wp\/v2\/comments?post=7434"}],"version-history":[{"count":1,"href":"https:\/\/1075fm.com.br\/site\/wp-json\/wp\/v2\/posts\/7434\/revisions"}],"predecessor-version":[{"id":7436,"href":"https:\/\/1075fm.com.br\/site\/wp-json\/wp\/v2\/posts\/7434\/revisions\/7436"}],"wp:featuredmedia":[{"embeddable":true,"href":"https:\/\/1075fm.com.br\/site\/wp-json\/wp\/v2\/media\/7435"}],"wp:attachment":[{"href":"https:\/\/1075fm.com.br\/site\/wp-json\/wp\/v2\/media?parent=7434"}],"wp:term":[{"taxonomy":"category","embeddable":true,"href":"https:\/\/1075fm.com.br\/site\/wp-json\/wp\/v2\/categories?post=7434"},{"taxonomy":"post_tag","embeddable":true,"href":"https:\/\/1075fm.com.br\/site\/wp-json\/wp\/v2\/tags?post=7434"}],"curies":[{"name":"wp","href":"https:\/\/api.w.org\/{rel}","templated":true}]}}